{"id":126095,"date":"2026-06-01T10:43:09","date_gmt":"2026-06-01T10:43:09","guid":{"rendered":"https:\/\/www.europesays.com\/be-fr\/126095\/"},"modified":"2026-06-01T10:43:09","modified_gmt":"2026-06-01T10:43:09","slug":"dua-lipa-et-callum-turner-se-sont-maries-en-toute-intimite-photos","status":"publish","type":"post","link":"https:\/\/www.europesays.com\/be-fr\/126095\/","title":{"rendered":"Dua Lipa et Callum Turner se sont mari\u00e9s en toute intimit\u00e9 (PHOTOS)"},"content":{"rendered":"<p><a href=\"https:\/\/www.dhnet.be\/medias\/musique\/2026\/05\/29\/un-disquaire-et-une-librairie-voici-les-adresses-preferees-de-la-superstar-dua-lipa-en-belgique-KN4GQ7G3EJAKNOXJPAQS2PD6DM\/\" target=\"_self\" class=\"ap-StoryInterstitialLink ap-StoryElement ap-StoryElement--mb\" rel=\"nofollow noopener\">Un disquaire et une librairie : voici les adresses pr\u00e9f\u00e9r\u00e9es de la superstar Dua Lipa en Belgique<\/a><\/p>\n<p class=\"ap-StoryElement ap-StoryElement--mb ap-StoryText\">Dua Lipa portait un tailleur jupe blanc personnalis\u00e9 de Schiaparelli, avec un blazer et une jupe asym\u00e9trique. Pour compl\u00e9ter la tenue, elle a accessoiris\u00e9 son look avec un chapeau \u00e0 large bord ainsi que des gants blancs et des escarpins, \u00e9galement blancs. L&rsquo;acteur portait quant \u00e0 lui un costume bleu marine \u00e0 double boutonnage.<\/p>\n<p>Une f\u00eate de trois jours en Italie<\/p>\n<p class=\"ap-StoryElement ap-StoryElement--mb ap-StoryText\">Selon les m\u00e9dias britanniques, le couple ne devrait pas s&rsquo;en tenir \u00e0 la c\u00e9r\u00e9monie civile. En effet, une f\u00eate de mariage de trois jours devrait avoir lieu en Italie et plus pr\u00e9cis\u00e9ment \u00e0 Palerme, en Sicile. De nombreuses c\u00e9l\u00e9brit\u00e9s, comme Elton John ou Donatella Versace, seraient sur la liste des invit\u00e9s.<\/p>\n<p class=\"ap-StoryElement ap-StoryElement--mb ap-StoryText\">Dua Lipa et Callum Turner ont commenc\u00e9 leur relation en janvier\u00a02024.<\/p>\n","protected":false},"excerpt":{"rendered":"Un disquaire et une librairie : voici les adresses pr\u00e9f\u00e9r\u00e9es de la superstar Dua Lipa en Belgique Dua&hellip;\n","protected":false},"author":2,"featured_media":126096,"comment_status":"","ping_status":"","sticky":false,"template":"","format":"standard","meta":{"footnotes":"","_share_on_mastodon":"0"},"categories":[83],"tags":[961,12,13,18,17,11569,38,3026,96,3627,1422,95,9486,1424,964,966,12388,968,491,1436,4628,4900,12253,4630,2266,1439],"class_list":["post-126095","post","type-post","status-publish","format-standard","has-post-thumbnail","category-divertissement","tag-adult","tag-be","tag-be-fr","tag-belgique","tag-belgium","tag-brown-hair","tag-business","tag-clothing","tag-divertissement","tag-dress","tag-emotion","tag-entertainment","tag-fashion","tag-formal-wear","tag-indoors","tag-looking-at-camera","tag-love","tag-men","tag-portrait","tag-smiling","tag-standing","tag-togetherness","tag-two-people","tag-waist-up","tag-women","tag-young-adult"],"share_on_mastodon":{"url":"https:\/\/pubeurope.com\/@be_fr\/116674442668879860","error":""},"_links":{"self":[{"href":"https:\/\/www.europesays.com\/be-fr\/wp-json\/wp\/v2\/posts\/126095","targetHints":{"allow":["GET"]}}],"collection":[{"href":"https:\/\/www.europesays.com\/be-fr\/wp-json\/wp\/v2\/posts"}],"about":[{"href":"https:\/\/www.europesays.com\/be-fr\/wp-json\/wp\/v2\/types\/post"}],"author":[{"embeddable":true,"href":"https:\/\/www.europesays.com\/be-fr\/wp-json\/wp\/v2\/users\/2"}],"replies":[{"embeddable":true,"href":"https:\/\/www.europesays.com\/be-fr\/wp-json\/wp\/v2\/comments?post=126095"}],"version-history":[{"count":0,"href":"https:\/\/www.europesays.com\/be-fr\/wp-json\/wp\/v2\/posts\/126095\/revisions"}],"wp:featuredmedia":[{"embeddable":true,"href":"https:\/\/www.europesays.com\/be-fr\/wp-json\/wp\/v2\/media\/126096"}],"wp:attachment":[{"href":"https:\/\/www.europesays.com\/be-fr\/wp-json\/wp\/v2\/media?parent=126095"}],"wp:term":[{"taxonomy":"category","embeddable":true,"href":"https:\/\/www.europesays.com\/be-fr\/wp-json\/wp\/v2\/categories?post=126095"},{"taxonomy":"post_tag","embeddable":true,"href":"https:\/\/www.europesays.com\/be-fr\/wp-json\/wp\/v2\/tags?post=126095"}],"curies":[{"name":"wp","href":"https:\/\/api.w.org\/{rel}","templated":true}]}}