{"id":126659,"date":"2026-06-01T19:03:13","date_gmt":"2026-06-01T19:03:13","guid":{"rendered":"https:\/\/www.europesays.com\/be-fr\/126659\/"},"modified":"2026-06-01T19:03:13","modified_gmt":"2026-06-01T19:03:13","slug":"nastassja-kinski-veut-couper-des-scenes-de-nudite-dun-film-de-wim-wenders-alors-quelle-navait-que-13-ans-il-ne-sagit-pas-de-censure","status":"publish","type":"post","link":"https:\/\/www.europesays.com\/be-fr\/126659\/","title":{"rendered":"Nastassja Kinski veut couper des sc\u00e8nes de nudit\u00e9 d&rsquo;un film de Wim Wenders alors qu&rsquo;elle n&rsquo;avait que 13 ans: \u00ab\u00a0Il ne s&rsquo;agit pas de censure\u00a0\u00bb"},"content":{"rendered":"<p><a href=\"https:\/\/www.lalibre.be\/culture\/cinema\/festivals\/berlinale\/2026\/01\/20\/wim-wenders-michelle-yeoh-et-les-pellicules-belges-au-programme-de-la-76e-berlinale-NRWXXETGCJETRO74XXOT6KBXJQ\/\" target=\"_self\" class=\"ap-StoryInterstitialLink ap-StoryElement ap-StoryElement--mb js-paywall-target\" rel=\"nofollow noopener\">Wim Wenders, Michelle Yeoh et les pellicules belges au programme de la 76e Berlinale<\/a>\u00ab\u00a0Je souhaitais que justice soit faite\u00a0\u00bb<\/p>\n<p class=\"ap-StoryElement ap-StoryElement--mb ap-StoryText\">Une s\u00e9quence traumatisante pour la fille de Klaus Kinski. Depuis pr\u00e8s de quinze ans, elle demande au r\u00e9alisateur de la couper. En vain. Alors, aujourd&rsquo;hui, pouss\u00e9e par la vague MeToo, elle d\u00e9nonce publiquement la situation dans le S\u00fcddeutsche Zeitung : \u00ab\u00a0M\u00eame si je n&rsquo;en savais pas grand-chose \u00e0 13 ans, je comprenais d\u00e9j\u00e0 que ce n&rsquo;\u00e9tait pas correct.\u00a0\u00bb Avant d&rsquo;ajouter sur Instagram : \u00ab\u00a0Je souhaitais que justice soit faite \u00e0 l&rsquo;\u00e9poque, mais au moins maintenant, Wim Wenders\u2026\u00a0\u00bb Elle a donc annonc\u00e9 son intention de porter l&rsquo;affaire devant les tribunaux pour emp\u00eacher toute nouvelle diffusion de cette sc\u00e8ne -le film est toujours disponible en streaming- mais aussi de r\u00e9clamer des d\u00e9dommagements.<\/p>\n<p>Le dilemme moral de Wim Wenders<\/p>\n<p class=\"ap-StoryElement ap-StoryElement--mb ap-StoryText\">En retour, le cin\u00e9aste a fait savoir dans un premier temps qu&rsquo;il consid\u00e9rait cette s\u00e9quence comme \u00ab\u00a0artistiquement essentielle\u00a0\u00bb. Mais lors des remises des prix du cin\u00e9ma allemand, les Lola, il a apport\u00e9 une r\u00e9ponse embarrass\u00e9e \u00e0 l&rsquo;actrice \u00ab\u00a0que j&rsquo;ai beaucoup admir\u00e9e et que j&rsquo;admire encore.\u00a0\u00bb \u00ab\u00a0Je ne referais jamais \u00e7a aujourd&rsquo;hui, a-t-il l\u00e2ch\u00e9. J&rsquo;en sais plus aujourd&rsquo;hui, beaucoup plus. Les sensibilit\u00e9s ont chang\u00e9 ; nous vivons dans un monde compl\u00e8tement diff\u00e9rent d&rsquo;il y a 50 ans.\u00a0\u00bb<\/p>\n<p class=\"ap-StoryElement ap-StoryElement--mb ap-StoryText\">Pour autant, Wim Wenders n&rsquo;envisage toujours pas de supprimer la sc\u00e8ne de deux minutes. \u00c0 ses yeux, cela pose un dilemme moral. \u00ab\u00a0Comment g\u00e9rez-vous le patrimoine cin\u00e9matographique ?, a-t-il demand\u00e9. Peut-on raccourcir un film apr\u00e8s coup ? Je suis moi-m\u00eame perplexe.\u00a0\u00bb A ses yeux, ce serait cr\u00e9er un dangereux pr\u00e9c\u00e9dent : \u00ab\u00a0Ce serait alors possible pour tous les films suivants. Je souhaite en discuter et ne pas \u00eatre seul face \u00e0 cette probl\u00e9matique. Je ne veux pas porter ce fardeau seul.\u00a0\u00bb<\/p>\n<p><a href=\"https:\/\/www.lalibre.be\/culture\/cinema\/films\/2023\/11\/28\/perfect-days-sur-les-traces-dozu-a-tokyo-wim-wenders-signe-un-chef-doeuvre-63OHIDBQCNAN3DF6WS7ZRJYIG4\/\" target=\"_self\" class=\"ap-StoryInterstitialLink ap-StoryElement ap-StoryElement--mb\" rel=\"nofollow noopener\">\u00ab\u00a0Perfect Days\u00a0\u00bb : sur les traces d&rsquo;Ozu \u00e0 Tokyo, Wim Wenders signe un chef-d&rsquo;\u0153uvre<\/a>Des attaques tr\u00e8s dures dans les m\u00e9dias<\/p>\n<p class=\"ap-StoryElement ap-StoryElement--mb ap-StoryText\">Une argumentation qui n&rsquo;a pas n\u00e9cessairement convaincu en Allemagne. Le Berliner Zeitung s&rsquo;est montr\u00e9 particuli\u00e8rement virulent \u00e0 ce sujet. Sous le titre \u00ab\u00a0Monsieur Wenders, veuillez acc\u00e9der \u00e0 la demande de Nastassja Kinski et supprimer deux minutes de votre travail !\u00a0\u00bb, il d\u00e9nonce \u00ab\u00a0un monde qui, d&rsquo;un c\u00f4t\u00e9, a lanc\u00e9 le mouvement MeToo, mais qui est loin d&rsquo;\u00eatre pr\u00eat \u00e0 exposer les failles de toutes ses idoles. Et dans lequel ces m\u00eames idoles rejettent toujours la faute sur &lsquo;les m\u0153urs d&rsquo;avant&rsquo; ou trouvent un moyen de se d\u00e9filer. Il ne s&rsquo;agit pas de censure, ni de libert\u00e9 artistique, ni de la disparition d&rsquo;une \u0153uvre. Il s&rsquo;agit simplement de deux minutes de film, ce qui ne devrait poser aucun probl\u00e8me \u00e0 un r\u00e9alisateur, compte tenu du portrait qui hante encore aujourd&rsquo;hui une femme.\u00a0\u00bb<\/p>\n<p><a href=\"https:\/\/www.lalibre.be\/culture\/scenes\/2026\/03\/17\/suite-au-covid-et-a-me-too-on-ne-savait-plus-comment-gerer-le-corps-de-lautre-5LAN4Z4J7BDF7PG6OGKEYHIZVY\/\" target=\"_self\" class=\"ap-StoryInterstitialLink ap-StoryElement ap-StoryElement--mb\" rel=\"nofollow noopener\">\u00ab\u00a0Suite au Covid et \u00e0 #Me Too, on ne savait plus comment g\u00e9rer le corps de l&rsquo;autre\u00a0\u00bb<\/a><\/p>\n<p class=\"ap-StoryElement ap-StoryElement--mb ap-StoryText\">Et le m\u00e9dia berlinois de conclure : \u00ab\u00a0Le refus de Wenders para\u00eet hypocrite, mesquin et d\u00e9shonorant. Aujourd&rsquo;hui, cinquante ans plus tard, il aurait au moins l&rsquo;occasion de rendre hommage \u00e0 Nastassja Kinski. Non par culpabilit\u00e9, mais par magnanimit\u00e9 et humanit\u00e9. Par respect et compassion pour une femme qui a tant donn\u00e9 \u00e0 son cin\u00e9ma. Paris Texas ne serait pas devenu ce qu&rsquo;il est aujourd&rsquo;hui \u2013 une l\u00e9gende \u2013 sans Nastassja Kinski.\u00a0\u00bb<\/p>\n<p class=\"ap-StoryElement ap-StoryElement--mb ap-StoryText\">Le S\u00fcddeutsche Zeitung \u00e9voque, lui, \u00ab\u00a0l&rsquo;infamie de Wim Wenders.\u00a0\u00bb : \u00ab\u00a0Le r\u00e9alisateur, qui a montr\u00e9 nue Nastassja Kinski alors qu&rsquo;elle n&rsquo;avait que 13 ans, fait porter \u00e0 l&rsquo;actrice la responsabilit\u00e9 de la censure au cin\u00e9ma. Que cela suscite des applaudissements de la part d&rsquo;un milieu qui se veut pourtant si sensible : on n&rsquo;en revient pas.\u00a0\u00bb Vu l&rsquo;ampleur de la pol\u00e9mique, on devrait encore en entendre beaucoup parler. Et pas seulement en Allemagne.<\/p>\n","protected":false},"excerpt":{"rendered":"Wim Wenders, Michelle Yeoh et les pellicules belges au programme de la 76e Berlinale\u00ab\u00a0Je souhaitais que justice soit&hellip;\n","protected":false},"author":2,"featured_media":126660,"comment_status":"","ping_status":"","sticky":false,"template":"","format":"standard","meta":{"footnotes":"","_share_on_mastodon":"0"},"categories":[102],"tags":[9598,629,12,13,18,17,129,128,133,96,95,23789,43954,150,109,2373,2710,4552,7922,43955],"class_list":["post-126659","post","type-post","status-publish","format-standard","has-post-thumbnail","category-people","tag-adolescente","tag-allemagne","tag-be","tag-be-fr","tag-belgique","tag-belgium","tag-celebrities","tag-celebrity","tag-cinema","tag-divertissement","tag-entertainment","tag-morale","tag-nastassja-kinski","tag-nudite","tag-people","tag-polemique","tag-question","tag-scandale","tag-traumatisme","tag-wim-wenders"],"share_on_mastodon":{"url":"https:\/\/pubeurope.com\/@be_fr\/116676408569097424","error":""},"_links":{"self":[{"href":"https:\/\/www.europesays.com\/be-fr\/wp-json\/wp\/v2\/posts\/126659","targetHints":{"allow":["GET"]}}],"collection":[{"href":"https:\/\/www.europesays.com\/be-fr\/wp-json\/wp\/v2\/posts"}],"about":[{"href":"https:\/\/www.europesays.com\/be-fr\/wp-json\/wp\/v2\/types\/post"}],"author":[{"embeddable":true,"href":"https:\/\/www.europesays.com\/be-fr\/wp-json\/wp\/v2\/users\/2"}],"replies":[{"embeddable":true,"href":"https:\/\/www.europesays.com\/be-fr\/wp-json\/wp\/v2\/comments?post=126659"}],"version-history":[{"count":0,"href":"https:\/\/www.europesays.com\/be-fr\/wp-json\/wp\/v2\/posts\/126659\/revisions"}],"wp:featuredmedia":[{"embeddable":true,"href":"https:\/\/www.europesays.com\/be-fr\/wp-json\/wp\/v2\/media\/126660"}],"wp:attachment":[{"href":"https:\/\/www.europesays.com\/be-fr\/wp-json\/wp\/v2\/media?parent=126659"}],"wp:term":[{"taxonomy":"category","embeddable":true,"href":"https:\/\/www.europesays.com\/be-fr\/wp-json\/wp\/v2\/categories?post=126659"},{"taxonomy":"post_tag","embeddable":true,"href":"https:\/\/www.europesays.com\/be-fr\/wp-json\/wp\/v2\/tags?post=126659"}],"curies":[{"name":"wp","href":"https:\/\/api.w.org\/{rel}","templated":true}]}}