{"id":126713,"date":"2026-06-01T19:53:18","date_gmt":"2026-06-01T19:53:18","guid":{"rendered":"https:\/\/www.europesays.com\/be-fr\/126713\/"},"modified":"2026-06-01T19:53:18","modified_gmt":"2026-06-01T19:53:18","slug":"etablissement-emblematique-la-brasserie-de-la-gare-a-berchem-cherche-un-repreneur-il-faut-garder-cette-ame-bruxelloise","status":"publish","type":"post","link":"https:\/\/www.europesays.com\/be-fr\/126713\/","title":{"rendered":"\u00c9tablissement embl\u00e9matique, la Brasserie de la Gare, \u00e0 Berchem, cherche un repreneur\u00a0: \u00ab\u00a0Il faut garder cette \u00e2me bruxelloise\u00a0\u00bb"},"content":{"rendered":"<p class=\"ap-StoryElement ap-StoryElement--mb ap-StoryText\">Aux murs, on retrouve des \u0153uvres de son p\u00e8re <a href=\"https:\/\/www.dhnet.be\/regions\/bruxelles\/2019\/04\/08\/paul-vankueken-figure-emblematique-du-folklore-bruxellois-nous-a-quittes-UYSOVH7ZXZDHHPOSVUSYZYUKKM\/\" target=\"_self\" rel=\"nofollow noopener\">Paul Vankueken, figure bien connue du folklore bruxellois<\/a>, auteur de peintures humoristiques et amateur de g\u00e9ants. \u00ab\u00a0J&rsquo;ai toujours les tableaux de papa. Certains le consid\u00e9raient comme un spontan\u00e9 na\u00eff\u2026\u00a0\u00bb<\/p>\n<p><a href=\"https:\/\/www.dhnet.be\/regions\/bruxelles\/2019\/04\/08\/paul-vankueken-figure-emblematique-du-folklore-bruxellois-nous-a-quittes-UYSOVH7ZXZDHHPOSVUSYZYUKKM\/\" target=\"_self\" class=\"ap-StoryInterstitialLink ap-StoryElement ap-StoryElement--mb\" rel=\"nofollow noopener\">Paul Vankueken, figure embl\u00e9matique du folklore bruxellois, nous a quitt\u00e9s<\/a><\/p>\n<p class=\"ap-StoryElement ap-StoryElement--mb ap-StoryText\">Mais pass\u00e9 le cap des 66 bougies, le restaurateur songe d\u00e9sormais \u00e0 remettre le tablier au portemanteau. Un repreneur est activement recherch\u00e9. Mais avec une condition : \u00ab\u00a0Il faut garder cette \u00e2me bruxelloise.\u00a0\u00bb<\/p>\n<p><a href=\"https:\/\/www.dhnet.be\/lifestyle\/food\/2022\/11\/12\/la-brasserie-de-la-gare-faire-simple-cest-complique-AY5KYUCN45HITGHYTNTZPGV5SI\/\" target=\"_self\" class=\"ap-StoryInterstitialLink ap-StoryElement ap-StoryElement--mb\" rel=\"nofollow noopener\">La Brasserie de la Gare: \u00ab\u00a0Faire simple, c&rsquo;est compliqu\u00e9\u00a0\u00bb<\/a><\/p>\n<p class=\"ap-StoryElement ap-StoryElement--mb ap-StoryText\">Le restaurateur ne veut en effet pas \u00ab\u00a0vendre \u00e0 n&rsquo;importe qui\u00a0\u00bb. \u00ab\u00a0Je tiens \u00e0 mon b\u00e9b\u00e9. Je n&rsquo;ai pas envie que \u00e7a devienne comme \u00e0 l&rsquo;\u00celot Sacr\u00e9 \u00e0 une certaine \u00e9poque, avec des pi\u00e8ges \u00e0 touristes.\u00a0\u00bb Jean-Fran\u00e7ois Vankueken esp\u00e8re notamment que la carte \u00ab\u00a0de classiques\u00a0\u00bb sera maintenue.<\/p>\n<p class=\"ap-StoryElement ap-StoryElement--mb ap-StoryText\">La localisation, \u00e0 ses yeux, reste strat\u00e9gique. \u00ab\u00a0On est juste \u00e0 c\u00f4t\u00e9 du Ring. Il y a la gare, le terminus du tram, le parking \u00e0 c\u00f4t\u00e9\u2026\u00a0\u00bb La transition se fera en tout cas \u00ab\u00a0en douceur\u00a0\u00bb, assure-t-il. \u00ab\u00a0J&rsquo;essaie de lever doucement le pied.\u00a0\u00bb<\/p>\n","protected":false},"excerpt":{"rendered":"Aux murs, on retrouve des \u0153uvres de son p\u00e8re Paul Vankueken, figure bien connue du folklore bruxellois, auteur&hellip;\n","protected":false},"author":2,"featured_media":126714,"comment_status":"","ping_status":"","sticky":false,"template":"","format":"standard","meta":{"footnotes":"","_share_on_mastodon":"0"},"categories":[2],"tags":[12,13,18,17,7967,28,29],"class_list":["post-126713","post","type-post","status-publish","format-standard","has-post-thumbnail","category-belgique","tag-be","tag-be-fr","tag-belgique","tag-belgium","tag-berchem-sainte-agathe","tag-bruxelles-villes","tag-elections-flandre"],"share_on_mastodon":{"url":"https:\/\/pubeurope.com\/@be_fr\/116676605132149907","error":""},"_links":{"self":[{"href":"https:\/\/www.europesays.com\/be-fr\/wp-json\/wp\/v2\/posts\/126713","targetHints":{"allow":["GET"]}}],"collection":[{"href":"https:\/\/www.europesays.com\/be-fr\/wp-json\/wp\/v2\/posts"}],"about":[{"href":"https:\/\/www.europesays.com\/be-fr\/wp-json\/wp\/v2\/types\/post"}],"author":[{"embeddable":true,"href":"https:\/\/www.europesays.com\/be-fr\/wp-json\/wp\/v2\/users\/2"}],"replies":[{"embeddable":true,"href":"https:\/\/www.europesays.com\/be-fr\/wp-json\/wp\/v2\/comments?post=126713"}],"version-history":[{"count":0,"href":"https:\/\/www.europesays.com\/be-fr\/wp-json\/wp\/v2\/posts\/126713\/revisions"}],"wp:featuredmedia":[{"embeddable":true,"href":"https:\/\/www.europesays.com\/be-fr\/wp-json\/wp\/v2\/media\/126714"}],"wp:attachment":[{"href":"https:\/\/www.europesays.com\/be-fr\/wp-json\/wp\/v2\/media?parent=126713"}],"wp:term":[{"taxonomy":"category","embeddable":true,"href":"https:\/\/www.europesays.com\/be-fr\/wp-json\/wp\/v2\/categories?post=126713"},{"taxonomy":"post_tag","embeddable":true,"href":"https:\/\/www.europesays.com\/be-fr\/wp-json\/wp\/v2\/tags?post=126713"}],"curies":[{"name":"wp","href":"https:\/\/api.w.org\/{rel}","templated":true}]}}