{"id":12683,"date":"2026-02-20T00:16:12","date_gmt":"2026-02-20T00:16:12","guid":{"rendered":"https:\/\/www.europesays.com\/be-fr\/12683\/"},"modified":"2026-02-20T00:16:12","modified_gmt":"2026-02-20T00:16:12","slug":"voici-comment-sebastien-delorme-a-celebre-son-anniversaire","status":"publish","type":"post","link":"https:\/\/www.europesays.com\/be-fr\/12683\/","title":{"rendered":"Voici comment S\u00e9bastien Delorme a c\u00e9l\u00e9br\u00e9 son anniversaire"},"content":{"rendered":"<p class=\"c-paragraph\">S\u00e9bastien Delorme a eu 55 ans hier et a c\u00e9l\u00e9br\u00e9 son anniversaire de la plus belle des fa\u00e7ons.<\/p>\n<p class=\"c-paragraph\">C\u2019est son amoureuse, Virginie Bruneau, qui a partag\u00e9 une vid\u00e9o sur les m\u00e9dias sociaux pour montrer tout ce qu\u2019elle avait pr\u00e9par\u00e9 pour lui \u00e0 l\u2019occasion de cette journ\u00e9e sp\u00e9ciale.<\/p>\n<p><img decoding=\"async\" data-chromatic=\"ignore\" alt=\"\" class=\"c-image\" loading=\"lazy\" src=\"https:\/\/www.europesays.com\/be-fr\/wp-content\/uploads\/2026\/02\/D66VY6RCMTS727RQBJXW5BT2II.jpg\"  width=\"800\" height=\"534\"\/>S\u00e9bastien Delorme et son amoureuse Virginie Bruneau (Karine Paradis) <\/p>\n<p class=\"c-paragraph\">Dans la vid\u00e9o, la jeune femme explique qu\u2019elle a cr\u00e9\u00e9 un magnifique d\u00e9cor pour l\u2019anniversaire du com\u00e9dien: des ballons, ainsi que des photos d\u2019eux et des enfants de S\u00e9bastien.<\/p>\n<p class=\"c-paragraph\">Elle a ensuite pr\u00e9par\u00e9 un d\u00e9licieux menu compos\u00e9 d\u2019un g\u00e2teau au fromage style key lime pie, d\u2019un tartare de b\u0153uf et de p\u00e2tes sauce ros\u00e9e avec de la burrata.<\/p>\n<p class=\"c-paragraph\">D\u00e9couvrez le tout dans la vid\u00e9o ci-dessous.<\/p>\n<p class=\"c-paragraph\">La f\u00eate \u00e9tait parsem\u00e9e de clins d\u2019\u0153il pour S\u00e9bastien, comme l\u2019entr\u00e9e baptis\u00e9e Le Classique 1971, en r\u00e9f\u00e9rence \u00e0 son ann\u00e9e de naissance, ainsi que le nom du restaurant, Table 55, en hommage \u00e0 l\u2019\u00e2ge qu\u2019il c\u00e9l\u00e9brait.<\/p>\n<p class=\"c-paragraph\">Lors de son arriv\u00e9e, S\u00e9bastien \u00e9tait tr\u00e8s \u00e9mu. Il a m\u00eame vers\u00e9 quelques larmes en d\u00e9couvrant les nombreuses attentions de sa conjointe.<\/p>\n<p><img decoding=\"async\" data-chromatic=\"ignore\" alt=\"\" class=\"c-image\" loading=\"lazy\" src=\"https:\/\/www.europesays.com\/be-fr\/wp-content\/uploads\/2026\/02\/YAQ5TPMSUBD2VKFCNXWNGJ5DR4.jpg\"  width=\"800\" height=\"570\"\/>S\u00e9bastien Delorme (Instagram &#8211; Virginie Bruneau) <\/p>\n<p class=\"c-paragraph\">Virginie Bruneau et S\u00e9bastien Delorme n\u2019\u00e9taient pas seuls pour la soir\u00e9e: le fils de S\u00e9bastien, Thomas, \u00e9tait aussi pr\u00e9sent. On peut d\u2019ailleurs l\u2019apercevoir dans le miroir derri\u00e8re le com\u00e9dien dans un extrait de la vid\u00e9o.<\/p>\n<p class=\"c-paragraph\">Le com\u00e9dien d\u2019Ind\u00e9fendable et la propri\u00e9taire d\u2019une agence marketing sont en couple depuis l\u2019\u00e9t\u00e9 2024. Depuis, ils ont fait quelques sorties publiques et plusieurs voyages, dont un s\u00e9jour au Portugal.<\/p>\n<p>Articles connexes<\/p>\n","protected":false},"excerpt":{"rendered":"S\u00e9bastien Delorme a eu 55 ans hier et a c\u00e9l\u00e9br\u00e9 son anniversaire de la plus belle des fa\u00e7ons.&hellip;\n","protected":false},"author":2,"featured_media":12684,"comment_status":"","ping_status":"","sticky":false,"template":"","format":"standard","meta":{"footnotes":"","_share_on_mastodon":"0"},"categories":[102],"tags":[1827,12,13,18,17,129,128,96,95,8081,109,8079,8080],"class_list":["post-12683","post","type-post","status-publish","format-standard","has-post-thumbnail","category-people","tag-anniversaire","tag-be","tag-be-fr","tag-belgique","tag-belgium","tag-celebrities","tag-celebrity","tag-divertissement","tag-entertainment","tag-indefendable","tag-people","tag-sebastien-delorme","tag-virginie-bruneau"],"share_on_mastodon":{"url":"","error":""},"_links":{"self":[{"href":"https:\/\/www.europesays.com\/be-fr\/wp-json\/wp\/v2\/posts\/12683","targetHints":{"allow":["GET"]}}],"collection":[{"href":"https:\/\/www.europesays.com\/be-fr\/wp-json\/wp\/v2\/posts"}],"about":[{"href":"https:\/\/www.europesays.com\/be-fr\/wp-json\/wp\/v2\/types\/post"}],"author":[{"embeddable":true,"href":"https:\/\/www.europesays.com\/be-fr\/wp-json\/wp\/v2\/users\/2"}],"replies":[{"embeddable":true,"href":"https:\/\/www.europesays.com\/be-fr\/wp-json\/wp\/v2\/comments?post=12683"}],"version-history":[{"count":0,"href":"https:\/\/www.europesays.com\/be-fr\/wp-json\/wp\/v2\/posts\/12683\/revisions"}],"wp:featuredmedia":[{"embeddable":true,"href":"https:\/\/www.europesays.com\/be-fr\/wp-json\/wp\/v2\/media\/12684"}],"wp:attachment":[{"href":"https:\/\/www.europesays.com\/be-fr\/wp-json\/wp\/v2\/media?parent=12683"}],"wp:term":[{"taxonomy":"category","embeddable":true,"href":"https:\/\/www.europesays.com\/be-fr\/wp-json\/wp\/v2\/categories?post=12683"},{"taxonomy":"post_tag","embeddable":true,"href":"https:\/\/www.europesays.com\/be-fr\/wp-json\/wp\/v2\/tags?post=12683"}],"curies":[{"name":"wp","href":"https:\/\/api.w.org\/{rel}","templated":true}]}}