{"id":126889,"date":"2026-06-02T03:57:14","date_gmt":"2026-06-02T03:57:14","guid":{"rendered":"https:\/\/www.europesays.com\/be-fr\/126889\/"},"modified":"2026-06-02T03:57:14","modified_gmt":"2026-06-02T03:57:14","slug":"des-randonneurs-americains-victimes-dun-virus-sur-le-pacific-crest-trail","status":"publish","type":"post","link":"https:\/\/www.europesays.com\/be-fr\/126889\/","title":{"rendered":"Des randonneurs am\u00e9ricains victimes d\u2019un virus sur le Pacific Crest Trail"},"content":{"rendered":"<p>Une vingtaine de malades souffrant de diarrh\u00e9es et de vomissements ont \u00e9t\u00e9 pris en charge, un homme \u00e2g\u00e9 a \u00e9t\u00e9 \u00e9vacu\u00e9 par h\u00e9licopt\u00e8re.\u00a0<\/p>\n<p>Un point d\u2019eau suspect\u00e9 d\u2019\u00eatre \u00e0 l\u2019origine de l\u2019\u00e9pid\u00e9mie\u00a0<\/p>\n<p>Les randonneurs auraient contract\u00e9 le virus en se ravitaillant \u00e0 un point d\u2019eau suspect dans la vall\u00e9e de Swarthout.\u00a0\u00a0<\/p>\n<p>Le point de ravitaillement de Swarthout aurait \u00e9t\u00e9 le carrefour de l\u2019\u00e9pid\u00e9mie. Des randonneurs d\u00e9j\u00e0 infect\u00e9s y ont crois\u00e9 des randonneurs sains. Le norovirus a profit\u00e9 du partage des gourdes et autres contenants pour se propager.\u00a0<\/p>\n<p>Le sentier Pacific Crest Trail a \u00e9t\u00e9 trac\u00e9 en tenant compte des sources naturelles existantes. <br \/>Les randonneurs s\u2019y concentrent :\u00a0 des conditions id\u00e9ales pour que le norovirus se propage rapidement \u00e9ventuellement.\u00a0<\/p>\n<p>Le norovirus est la premi\u00e8re cause mondiale de gastro-ent\u00e9rite non bact\u00e9rienne. <br \/>B\u00e9nin dans la majorit\u00e9 des cas, il est n\u00e9anmoins responsable de 200 000 morts chaque ann\u00e9e, principalement dans les pays \u00e0 plus faibles revenus. <br \/>Une fois contract\u00e9, il provoque des vomissements et de violentes diarrh\u00e9es, une fi\u00e8vre l\u00e9g\u00e8re, des crampes abdominales : des sympt\u00f4mes qui disparaissent en 48 \u00e0 72 heures chez la plupart des individus.\u00a0<\/p>\n<p>D\u2019apr\u00e8s presse-citron.net\u00a0<\/p>\n<p>On connait aussi ce virus sur nos sentiers . En 2024, on avait enregistr\u00e9 une <a href=\"https:\/\/www.ffrandonnee.fr\/s-informer\/actualites\/corse-l-epidemie-de-gastro-enterites-sur-le-gr-20-le-point\" target=\"_blank\" rel=\"noopener nofollow\">\u00e9pid\u00e9mie de gastro-ent\u00e9rite<\/a> semblable sur le sentier de Grande Randonn\u00e9e GR\u00ae 20 en Corse.<\/p>\n","protected":false},"excerpt":{"rendered":"Une vingtaine de malades souffrant de diarrh\u00e9es et de vomissements ont \u00e9t\u00e9 pris en charge, un homme \u00e2g\u00e9&hellip;\n","protected":false},"author":2,"featured_media":126890,"comment_status":"","ping_status":"","sticky":false,"template":"","format":"standard","meta":{"footnotes":"","_share_on_mastodon":"0"},"categories":[82],"tags":[44185,44186,12,13,18,17,44178,44179,44177,44187,44188,44172,44173,86,44176,44184,44180,44183,44174,44182,44181,87,44175,34452],"class_list":["post-126889","post","type-post","status-publish","format-standard","has-post-thumbnail","category-sante","tag-animateur-de-randonnee","tag-balisage","tag-be","tag-be-fr","tag-belgique","tag-belgium","tag-clubs-de-randonnee","tag-disciplines-de-randonnee","tag-federation-francaise-de-la-randonnee-pedestre","tag-ffrandonnee","tag-ffrp","tag-gr","tag-grande-randonnee","tag-health","tag-itineraires-de-randonnee","tag-itinerance","tag-longe-cote","tag-marche-nordique","tag-promenade-et-randonnee","tag-rando-challenge","tag-raquette-a-neige","tag-sante","tag-topoguide","tag-trek"],"share_on_mastodon":{"url":"https:\/\/pubeurope.com\/@be_fr\/116678508369328243","error":""},"_links":{"self":[{"href":"https:\/\/www.europesays.com\/be-fr\/wp-json\/wp\/v2\/posts\/126889","targetHints":{"allow":["GET"]}}],"collection":[{"href":"https:\/\/www.europesays.com\/be-fr\/wp-json\/wp\/v2\/posts"}],"about":[{"href":"https:\/\/www.europesays.com\/be-fr\/wp-json\/wp\/v2\/types\/post"}],"author":[{"embeddable":true,"href":"https:\/\/www.europesays.com\/be-fr\/wp-json\/wp\/v2\/users\/2"}],"replies":[{"embeddable":true,"href":"https:\/\/www.europesays.com\/be-fr\/wp-json\/wp\/v2\/comments?post=126889"}],"version-history":[{"count":0,"href":"https:\/\/www.europesays.com\/be-fr\/wp-json\/wp\/v2\/posts\/126889\/revisions"}],"wp:featuredmedia":[{"embeddable":true,"href":"https:\/\/www.europesays.com\/be-fr\/wp-json\/wp\/v2\/media\/126890"}],"wp:attachment":[{"href":"https:\/\/www.europesays.com\/be-fr\/wp-json\/wp\/v2\/media?parent=126889"}],"wp:term":[{"taxonomy":"category","embeddable":true,"href":"https:\/\/www.europesays.com\/be-fr\/wp-json\/wp\/v2\/categories?post=126889"},{"taxonomy":"post_tag","embeddable":true,"href":"https:\/\/www.europesays.com\/be-fr\/wp-json\/wp\/v2\/tags?post=126889"}],"curies":[{"name":"wp","href":"https:\/\/api.w.org\/{rel}","templated":true}]}}