{"id":126991,"date":"2026-06-02T06:19:18","date_gmt":"2026-06-02T06:19:18","guid":{"rendered":"https:\/\/www.europesays.com\/be-fr\/126991\/"},"modified":"2026-06-02T06:19:18","modified_gmt":"2026-06-02T06:19:18","slug":"coupe-du-monde-2026-voici-comment-les-autorites-se-preparent-a-gerer-les-matchs-a-risque","status":"publish","type":"post","link":"https:\/\/www.europesays.com\/be-fr\/126991\/","title":{"rendered":"Coupe du Monde 2026: voici comment les autorit\u00e9s se pr\u00e9parent \u00e0 g\u00e9rer les matchs \u00e0 risque"},"content":{"rendered":"<p><a href=\"https:\/\/www.dhnet.be\/actu\/faits\/2026\/05\/29\/nikos-minas-est-libre-15-ans-apres-le-meurtre-de-charlotte-a-anderlecht-il-ne-travaillera-pas-dans-le-meme-village-que-la-mere-de-la-victime-XWQ5OLAI6JESFAJ3CT2RJUJL7Y\/\" target=\"_self\" class=\"ap-StoryInterstitialLink ap-StoryElement ap-StoryElement--mb js-paywall-target\" rel=\"nofollow noopener\">Nikos Minas est libre, 15 ans apr\u00e8s le meurtre de Charlotte \u00e0 Anderlecht : il ne travaillera pas dans le m\u00eame village que la m\u00e8re de la victime<\/a><\/p>\n<p class=\"ap-StoryElement ap-StoryElement--mb ap-StoryText\">\u00ab\u00a0\u00c0 l&rsquo;heure actuelle, il est toutefois encore trop t\u00f4t pour communiquer en d\u00e9tail sur d&rsquo;\u00e9ventuelles mesures op\u00e9rationnelles, le d\u00e9ploiement de personnel ou des dispositifs de s\u00e9curit\u00e9 sp\u00e9cifiques. Les pr\u00e9paratifs en sont encore \u00e0 la phase de planification et seront affin\u00e9s en fonction des matchs concrets, des sites et des flux de public attendus\u00a0\u00bb, encha\u00eene la zone Bruxelles-Ouest (Berchem-Sainte-Agathe, Koekelberg, Ganshoren, Molenbeek-Saint-Jean et Jette).<\/p>\n<p>Des matchs en horaire d\u00e9cal\u00e9<\/p>\n<p class=\"ap-StoryElement ap-StoryElement--mb ap-StoryText\">Les matches \u00e0 risque n&rsquo;ont pas \u00e9t\u00e9 pr\u00e9cis\u00e9ment nomm\u00e9s, notons toutefois que <a href=\"https:\/\/www.dhnet.be\/regions\/bruxelles\/2026\/01\/18\/defaite-du-maroc-en-finale-de-la-coupe-dafrique-des-nations-cest-le-jeu-cest-comme-ca-on-est-tous-autour-dun-ballon-rond-VGDRO62TM5HORH2BOK3RCLSQTA\/\" target=\"_self\" rel=\"nofollow noopener\">plusieurs d\u00e9bordements ont eu lieu lors de la Coupe d&rsquo;Afrique des Nations dans la capitale, notamment apr\u00e8s les rencontres de l&rsquo;\u00e9quipe du Maroc<\/a>, tout comme d&rsquo;autres \u00e9quipes lors du pr\u00e9c\u00e9dent mondial de 2022.<\/p>\n<p class=\"ap-StoryElement ap-StoryElement--mb ap-StoryText\">\u00ab\u00a0Nous analyserons les matches \u00e0 risque et adopterons nos dispositifs selon. Nous allons aussi miser sur la pr\u00e9vention. Le fait est qu&rsquo;il y a peu d&rsquo;\u00e9crans g\u00e9ants install\u00e9s cette ann\u00e9e et nous travaillons depuis des ann\u00e9es avec ces organisateurs, il y aura peu de soucis. Les rencontres ont aussi lieu \u00e0 des horaires d\u00e9cal\u00e9s par rapport \u00e0 d&rsquo;autres \u00e9ditions, cela limite \u00e9galement les risques\u00a0\u00bb, estime-t-on du c\u00f4t\u00e9 de la zone de police Bruxelles-Nord (Evere, Schaerbeek, Saint-Josse-ten-Noode).<\/p>\n<p><a href=\"https:\/\/www.dhnet.be\/actu\/faits\/2026\/05\/27\/lhypnose-lui-rememore-les-souvenirs-de-viols-incestueux-aux-fetes-de-famille-loncle-septuagenaire-est-traduit-en-justice-plus-de-vingt-ans-apres-6FZF6J6ADRFGDGQJDD3U4RSOI4\/\" target=\"_self\" class=\"ap-StoryInterstitialLink ap-StoryElement ap-StoryElement--mb\" rel=\"nofollow noopener\">L&rsquo;hypnose lui rem\u00e9more les souvenirs de viols incestueux aux f\u00eates de famille: l&rsquo;oncle septuag\u00e9naire est traduit en justice plus de vingt ans apr\u00e8s<\/a><\/p>\n<p class=\"ap-StoryElement ap-StoryElement--mb ap-StoryText\">\u00c0 ce stade, seuls six \u00e9crans g\u00e9ants sont pr\u00e9vus en r\u00e9gion bruxelloise pour la retransmission des rencontres des Diables Rouges. D&rsquo;autres fan zones seront install\u00e9es dans des villes wallonnes et les mesures de s\u00e9curit\u00e9 doivent \u00eatre \u00e9tablies avec les organisateurs.<\/p>\n<p class=\"ap-StoryElement ap-StoryElement--mb ap-StoryText\">\u00ab\u00a0Les matchs se terminant souvent entre 2h et 5h du matin, les c\u00e9l\u00e9brations pourraient co\u00efncider avec les premiers d\u00e9parts au travail. Nous invitons les supporters et supportrices \u00e0 f\u00eater dans la bienveillance. Le repos des riverains et riveraines est essentiel, particuli\u00e8rement pour celles et ceux qui assurent des services essentiels t\u00f4t le matin. Nos \u00e9quipes seront pr\u00e9sentes sur le terrain pour veiller \u00e0 ce que l&rsquo;enthousiasme reste respectueux du calme public\u00a0\u00bb, indique la police de Charleroi.<\/p>\n<p><a href=\"https:\/\/www.dhnet.be\/actu\/faits\/2026\/05\/27\/nordine-etait-chauffeur-depuis-10-ans-les-proches-du-conducteur-decede-dans-la-dramatique-collision-de-buggenhout-temoignent-6CPBODQEXJE6PGHCQ3QNRFEIRM\/\" target=\"_self\" class=\"ap-StoryInterstitialLink ap-StoryElement ap-StoryElement--mb\" rel=\"nofollow noopener\">\u00ab\u00a0Nordine \u00e9tait chauffeur depuis 10 ans\u00a0\u00bb : les proches du conducteur d\u00e9c\u00e9d\u00e9 dans la dramatique collision de Buggenhout t\u00e9moignent<\/a><\/p>\n<p class=\"ap-StoryElement ap-StoryElement--mb ap-StoryText\">Quant \u00e0 l&rsquo;utilisation d&rsquo;engins pyrotechniques, comme les feux d&rsquo;artifice, les p\u00e9tards ou les fumig\u00e8nes, les autorit\u00e9s rappellent que cela est formellement interdit pour les particuliers \u00e0 Bruxelles comme \u00e0 Charleroi. En cas de contr\u00f4le, ce mat\u00e9riel sera confisqu\u00e9 et vous exposera \u00e0 des amendes de 175 \u00e0 500 euros.<\/p>\n","protected":false},"excerpt":{"rendered":"Nikos Minas est libre, 15 ans apr\u00e8s le meurtre de Charlotte \u00e0 Anderlecht : il ne travaillera pas&hellip;\n","protected":false},"author":2,"featured_media":126992,"comment_status":"","ping_status":"","sticky":false,"template":"","format":"standard","meta":{"footnotes":"","_share_on_mastodon":"0"},"categories":[8],"tags":[10,12,13,18,17,7967,143,3028,8966,8967,11],"class_list":["post-126991","post","type-post","status-publish","format-standard","has-post-thumbnail","category-actualites","tag-actualites","tag-be","tag-be-fr","tag-belgique","tag-belgium","tag-berchem-sainte-agathe","tag-charleroi","tag-diables-rouges","tag-ganshoren","tag-jette","tag-news"],"share_on_mastodon":{"url":"https:\/\/pubeurope.com\/@be_fr\/116679066670151589","error":""},"_links":{"self":[{"href":"https:\/\/www.europesays.com\/be-fr\/wp-json\/wp\/v2\/posts\/126991","targetHints":{"allow":["GET"]}}],"collection":[{"href":"https:\/\/www.europesays.com\/be-fr\/wp-json\/wp\/v2\/posts"}],"about":[{"href":"https:\/\/www.europesays.com\/be-fr\/wp-json\/wp\/v2\/types\/post"}],"author":[{"embeddable":true,"href":"https:\/\/www.europesays.com\/be-fr\/wp-json\/wp\/v2\/users\/2"}],"replies":[{"embeddable":true,"href":"https:\/\/www.europesays.com\/be-fr\/wp-json\/wp\/v2\/comments?post=126991"}],"version-history":[{"count":0,"href":"https:\/\/www.europesays.com\/be-fr\/wp-json\/wp\/v2\/posts\/126991\/revisions"}],"wp:featuredmedia":[{"embeddable":true,"href":"https:\/\/www.europesays.com\/be-fr\/wp-json\/wp\/v2\/media\/126992"}],"wp:attachment":[{"href":"https:\/\/www.europesays.com\/be-fr\/wp-json\/wp\/v2\/media?parent=126991"}],"wp:term":[{"taxonomy":"category","embeddable":true,"href":"https:\/\/www.europesays.com\/be-fr\/wp-json\/wp\/v2\/categories?post=126991"},{"taxonomy":"post_tag","embeddable":true,"href":"https:\/\/www.europesays.com\/be-fr\/wp-json\/wp\/v2\/tags?post=126991"}],"curies":[{"name":"wp","href":"https:\/\/api.w.org\/{rel}","templated":true}]}}