{"id":127033,"date":"2026-06-02T06:56:16","date_gmt":"2026-06-02T06:56:16","guid":{"rendered":"https:\/\/www.europesays.com\/be-fr\/127033\/"},"modified":"2026-06-02T06:56:16","modified_gmt":"2026-06-02T06:56:16","slug":"celui-qui-croit-quil-y-a-seulement-un-risque-de-greve-chez-bpost-est-un-grand-naif","status":"publish","type":"post","link":"https:\/\/www.europesays.com\/be-fr\/127033\/","title":{"rendered":"Celui qui croit qu&rsquo;il y a seulement un risque de gr\u00e8ve chez bpost est un grand na\u00eff"},"content":{"rendered":"<p class=\"ap-StoryQuote-text\">Sur le plan op\u00e9rationnel, m\u00eame des managers de bpost n&rsquo;y croient pas mais ils n&rsquo;osent pas le dire car ils ont peur de se faire buter.\u00a0\u00bb<\/p>\n<p class=\"ap-StoryElement ap-StoryElement--mb ap-StoryText\">La direction estime, ou du moins elle l&rsquo;esp\u00e8re, avoir franchi une \u00e9tape majeure en d\u00e9crochant, la semaine derni\u00e8re, <a href=\"https:\/\/www.lalibre.be\/economie\/entreprises-startup\/2026\/05\/28\/bpost-la-reunion-de-la-derniere-chance-a-commence-IWIQMIIWXBB45MCXQUXKDA67GY\/\" target=\"_self\" rel=\"nofollow noopener\">un accord sur la convention collective de travail<\/a> (CCT) pour 2026-2027, qui n&rsquo;a toutefois pas \u00e9t\u00e9 valid\u00e9 par certains syndicats (CGSP et CSC francophones essentiellement). En revanche, \u00ab\u00a0l&rsquo;avis est unanimement n\u00e9gatif sur le plan de transformation\u00a0\u00bb, nous explique Thierry Tasset de la CGSP Poste.<\/p>\n<p class=\"ap-StoryElement ap-StoryElement--mb ap-StoryText\">Le camp syndical, en particulier en Wallonie, ne m\u00e2che pas ses mots \u00e0 propos de ce plan. \u00ab\u00a0Sur le plan op\u00e9rationnel, m\u00eame des managers de bpost n&rsquo;y croient pas mais ils n&rsquo;osent pas le dire car ils ont peur de se faire buter\u00a0\u00bb, affirme Thierry Tasset. Qui continue \u00e0 marteler que, contrairement \u00e0 ce que pense la direction, il y aura encore du travail pour les facteurs qui commencent leur boulot \u00e0 la fine pointe de l&rsquo;aube. Il en veut pour preuve les \u00ab\u00a060\u00a0000 colis et les 2\u00a0millions de lettres\u00a0\u00bb toujours en souffrance depuis la gr\u00e8ve.<\/p>\n<p>Manipulation du PTB\u00a0?<\/p>\n<p class=\"ap-StoryElement ap-StoryElement--mb ap-StoryText\">Le syndicaliste n&rsquo;est pas non plus rassur\u00e9 par la garantie d&#8217;emplois inscrite dans la CCT. \u00ab\u00a0Cette garantie d\u00e9pend d&rsquo;une vingtaine de conditions, comme le maintien des 50\u00a0millions d&rsquo;aide de l&rsquo;Etat ou par le fait de ne pas perdre de gros clients\u00a0\u00bb, poursuit-il.<\/p>\n<p><a href=\"https:\/\/www.lalibre.be\/economie\/entreprises-startup\/2026\/05\/28\/bpost-la-reunion-de-la-derniere-chance-a-commence-IWIQMIIWXBB45MCXQUXKDA67GY\/\" target=\"_self\" class=\"ap-StoryInterstitialLink ap-StoryElement ap-StoryElement--mb\" rel=\"nofollow noopener\">Bpost sort de la crise : un accord trouv\u00e9 entre syndicats et direction<\/a><\/p>\n<p class=\"ap-StoryElement ap-StoryElement--mb ap-StoryText\">Il dit \u00ab\u00a0esp\u00e9rer que d&rsquo;ici fin septembre, quelqu&rsquo;un chez bpost r\u00e9alise qu&rsquo;on ne peut pas faire comme \u00e7a\u00a0\u00bb. Il assure qu&rsquo;il ne va pas provoquer les choses. Mais il pr\u00e9vient que \u00ab\u00a0celui qui croit qu&rsquo;il y a seulement un risque de gr\u00e8ve est un grand na\u00eff\u00a0\u00bb. Et \u00ab\u00a0s&rsquo;il y a une gr\u00e8ve en septembre, il n&rsquo;y a plus de Poste\u00a0\u00bb\u2026<\/p>\n<p class=\"ap-StoryElement ap-StoryElement--mb ap-StoryText\">Il faudra donc voir comment va r\u00e9agir la base. Une base manipul\u00e9e par le PTB\u00a0? Thierry Tasset veut se montrer vigilant et affirme que la CGSP prend \u00ab\u00a0les mesures d&rsquo;\u00e9loignement\u00a0\u00bb vis-\u00e0-vis des d\u00e9l\u00e9gu\u00e9s syndicaux qui auraient des accointances avec le parti communiste. \u00ab\u00a0Soit on fait de la politique, soit on est syndicaliste\u00a0\u00bb.<\/p>\n","protected":false},"excerpt":{"rendered":"Sur le plan op\u00e9rationnel, m\u00eame des managers de bpost n&rsquo;y croient pas mais ils n&rsquo;osent pas le dire&hellip;\n","protected":false},"author":2,"featured_media":127034,"comment_status":"","ping_status":"","sticky":false,"template":"","format":"standard","meta":{"footnotes":"","_share_on_mastodon":"0"},"categories":[35],"tags":[38984,41,35915,12,13,18,17,38985,38986,38987,38,2235,37,36,38988,38989,38990,2750,398,38991,14021,14772,6588,407,10361,184,36743,15523,12412,38993],"class_list":["post-127033","post","type-post","status-publish","format-standard","has-post-thumbnail","category-economie","tag-didelebrun-bpost","tag-41","tag-arbeid","tag-be","tag-be-fr","tag-belgique","tag-belgium","tag-blocage","tag-blokkeren","tag-blokkering","tag-business","tag-didier-lebrun","tag-economie","tag-economy","tag-filteren","tag-filtering","tag-filtrage","tag-fleurus","tag-greve","tag-overheidsdienste","tag-post","tag-poste","tag-services-publics","tag-staking","tag-syndicat","tag-travail","tag-travailleur","tag-vakbond","tag-werk","tag-werker"],"share_on_mastodon":{"url":"https:\/\/pubeurope.com\/@be_fr\/116679212118781815","error":""},"_links":{"self":[{"href":"https:\/\/www.europesays.com\/be-fr\/wp-json\/wp\/v2\/posts\/127033","targetHints":{"allow":["GET"]}}],"collection":[{"href":"https:\/\/www.europesays.com\/be-fr\/wp-json\/wp\/v2\/posts"}],"about":[{"href":"https:\/\/www.europesays.com\/be-fr\/wp-json\/wp\/v2\/types\/post"}],"author":[{"embeddable":true,"href":"https:\/\/www.europesays.com\/be-fr\/wp-json\/wp\/v2\/users\/2"}],"replies":[{"embeddable":true,"href":"https:\/\/www.europesays.com\/be-fr\/wp-json\/wp\/v2\/comments?post=127033"}],"version-history":[{"count":0,"href":"https:\/\/www.europesays.com\/be-fr\/wp-json\/wp\/v2\/posts\/127033\/revisions"}],"wp:featuredmedia":[{"embeddable":true,"href":"https:\/\/www.europesays.com\/be-fr\/wp-json\/wp\/v2\/media\/127034"}],"wp:attachment":[{"href":"https:\/\/www.europesays.com\/be-fr\/wp-json\/wp\/v2\/media?parent=127033"}],"wp:term":[{"taxonomy":"category","embeddable":true,"href":"https:\/\/www.europesays.com\/be-fr\/wp-json\/wp\/v2\/categories?post=127033"},{"taxonomy":"post_tag","embeddable":true,"href":"https:\/\/www.europesays.com\/be-fr\/wp-json\/wp\/v2\/tags?post=127033"}],"curies":[{"name":"wp","href":"https:\/\/api.w.org\/{rel}","templated":true}]}}