{"id":128138,"date":"2026-06-03T06:17:15","date_gmt":"2026-06-03T06:17:15","guid":{"rendered":"https:\/\/www.europesays.com\/be-fr\/128138\/"},"modified":"2026-06-03T06:17:15","modified_gmt":"2026-06-03T06:17:15","slug":"on-nest-pas-patrick-bruel-on-joue-son-oeuvre-musicale-place-des-grands-hommes-le-tribute-belge-du-chanteur-victime-dannulations-en-cascade","status":"publish","type":"post","link":"https:\/\/www.europesays.com\/be-fr\/128138\/","title":{"rendered":"\u00ab\u00a0On n&rsquo;est pas Patrick Bruel, on joue son \u0153uvre musicale\u00a0\u00bb\u00a0: Place des Grands Hommes, le tribute belge du chanteur, victime d&rsquo;annulations en cascade"},"content":{"rendered":"<p class=\"ap-StoryElement ap-StoryElement--mb ap-StoryText\">\u00c0 commencer par Le Stock \u00e0 La Louvi\u00e8re. \u00ab\u00a0Lors d&rsquo;une publicit\u00e9 de notre Tribute durant un entracte entre deux concerts, les gens ont commenc\u00e9 \u00e0 huer, nous explique S\u00e9bastien Soiron. L&rsquo;organisateur, d&rsquo;un commun accord avec le groupe, a donc d\u00e9cid\u00e9 d&rsquo;annuler ou du moins de reporter cette date\u2026 On en est l\u00e0. Il est vrai qu&rsquo;il faut \u00eatre r\u00e9serv\u00e9 quand on apprend de telles accusations. Mais je pense qu&rsquo;on devrait \u00eatre un peu plus mod\u00e9r\u00e9 par rapport \u00e0 toutes les proc\u00e9dures judiciaires qui ne sont pas encore pass\u00e9es.\u00a0\u00bb<\/p>\n<p><a href=\"https:\/\/www.dhnet.be\/regions\/tournai-ath-mouscron\/2026\/06\/01\/le-festival-les-gens-dere-et-les-francofolies-de-spa-partageront-cet-ete-m-pokora-avec-le-bastogne-summer-festival-4LXB2B4IW5EM5M4JPRXPDJH2HA\/\" target=\"_self\" class=\"ap-StoryInterstitialLink ap-StoryElement ap-StoryElement--mb\" rel=\"nofollow noopener\">Le festival Les Gens d&rsquo;Ere et les Francofolies de Spa \u00ab\u00a0partageront\u00a0\u00bb cet \u00e9t\u00e9 M. Pokora avec le Bastogne Summer Festival<\/a><\/p>\n<p class=\"ap-StoryQuote-text\">\u00ab\u00a0Lors d&rsquo;une publicit\u00e9 de notre Tribute durant un entracte entre deux concerts, les gens ont commenc\u00e9 \u00e0 huer\u00a0\u00bb<\/p>\n<p>Huit \u00e0 neuf dates annul\u00e9es<\/p>\n<p class=\"ap-StoryElement ap-StoryElement--mb ap-StoryText\">Le bookeur du groupe analyse toutefois la situation avec philosophie. \u00ab\u00a0Dans un premier temps, \u00e7a nous fait du tort, \u00e7a, c&rsquo;est s\u00fbr. Mais nous, on n&rsquo;est pas Patrick Bruel en tant que personne. On joue l&rsquo;\u0153uvre musicale. Les gens auront quand m\u00eame, malgr\u00e9 tout, peut-\u00eatre envie d&rsquo;\u00e9couter ses chansons, sans pour autant voir la personne. Comme cela s&rsquo;est pass\u00e9 avec plein d&rsquo;autres artistes, notamment Noir D\u00e9sir que l&rsquo;on continue \u00e0 \u00e9couter.\u00a0\u00bb<\/p>\n<p class=\"ap-StoryElement ap-StoryElement--mb ap-StoryText\">Il poursuit \u00e0 propos de leur tourn\u00e9e avort\u00e9e : \u00ab\u00a0Notre date de Calais, le 11 juillet en France, \u00e9tait maintenue jusqu&rsquo;\u00e0 hier\u2026 C&rsquo;est une grosse f\u00eate avec 10 000 \u00e0 15 000 personnes. L&rsquo;organisateur avait d\u00e9cid\u00e9 de maintenir mais des mouvements f\u00e9ministes ont sollicit\u00e9 la maire de la ville.\u00a0\u00bb Laquelle, pour \u00e9viter des d\u00e9bordements et pour des raisons de s\u00e9curit\u00e9, a \u00e9galement d\u00e9cid\u00e9 d&rsquo;annuler ce concert.<\/p>\n<p><a href=\"https:\/\/www.dhnet.be\/medias\/television\/2026\/06\/01\/je-voudrais-me-prosterner-devant-elle-lucie-lucas-clem-apporte-son-soutien-a-flavie-flament-suite-a-sa-plainte-contre-patrick-bruel-AD6EEZVGHFBDJBZPJWSNZJWB7E\/\" target=\"_self\" class=\"ap-StoryInterstitialLink ap-StoryElement ap-StoryElement--mb\" rel=\"nofollow noopener\">\u00ab\u00a0Je voudrais me prosterner devant elle\u00a0\u00bb : Lucie Lucas (\u00ab\u00a0Clem\u00a0\u00bb) apporte son soutien \u00e0 Flavie Flament suite \u00e0 sa plainte contre Patrick Bruel<\/a><\/p>\n<p class=\"ap-StoryElement ap-StoryElement--mb ap-StoryText\">Une autre date sur Tilff, le 8 ao\u00fbt, reste maintenue. \u00ab\u00a0On a eu beaucoup moins de demandes que les autres ann\u00e9es. Deux dates sont maintenues et on a d\u00fb annuler huit \u00e0 neuf concerts par nos soins ou via les organisateurs. La conjoncture actuelle n&rsquo;est pas favorable pour prendre tous les covers bands, sans oublier l&rsquo;actualit\u00e9 qui nous rattrape. On nous a clairement dit : on ne prend pas le risque.\u00a0\u00bb<\/p>\n<p><img loading=\"lazy\" decoding=\"async\" class=\"w-full lazyload lazyload--opacity object-contain\" style=\"aspect-ratio:78 \/ 100;opacity:1\" alt=\"Place des Grands Hommes, le tribute belge \u00e0 Patrick Bruel\" width=\"768\" height=\"990\" fetchpriority=\"auto\" src=\"https:\/\/www.europesays.com\/be-fr\/wp-content\/uploads\/2026\/06\/1780467433_410_S5VKD3X55FFF3BW6V4SEHXNP7I.png\"  data- data-optimumx=\"1\"\/><img loading=\"lazy\" decoding=\"async\" src=\"https:\/\/www.europesays.com\/be-fr\/wp-content\/uploads\/2026\/06\/GKCSBKRSSNFZRCVYM2VZZCQ6BY.jpg\" width=\"768\" height=\"990\" alt=\"Place des Grands Hommes, le tribute belge \u00e0 Patrick Bruel\" class=\"absolute inset-0 w-full\"\/>Place des Grands Hommes, le tribute belge \u00e0 Patrick Bruel \u00a9D.R.Un groupe en \u00ab\u00a0situation d\u00e9licate\u00a0\u00bb<\/p>\n<p class=\"ap-StoryElement ap-StoryElement--mb ap-StoryText\">Quant au chanteur qui interpr\u00e8te Patrick Bruel, Carmelo Sacco, il nous avoue \u00eatre \u00ab\u00a0un peu perdu pour l&rsquo;instant\u00a0\u00bb. \u00ab\u00a0On ne sait plus sur quel pied danser\u2026 \u00c0 la base, on est des artistes li\u00e9geois et on a d\u00e9cid\u00e9 il y a trois ans de commencer \u00e0 faire un tribute de Bruel parce qu&rsquo;on aimait bien ses \u0153uvres et on d\u00e9fend ses \u0153uvres\u00a0\u00bb.<\/p>\n<p class=\"ap-StoryElement ap-StoryElement--mb ap-StoryText\">Carmelo Sacco insiste sur ce point : \u00ab\u00a0On ne d\u00e9fend pas le personnage aujourd&rsquo;hui. Mais cela para\u00eet tellement contradictoire aux yeux des gens : &lsquo;tu d\u00e9fends ses \u0153uvres, mais c&rsquo;est lui qui les chante&rsquo;. Ok. Mais nous, finalement, on est des musiciens passionn\u00e9s, avec tant d&rsquo;efforts de travail, pour peut-\u00eatre se dire aujourd&rsquo;hui : est-ce qu&rsquo;on arr\u00eate ?\u00a0\u00bb<\/p>\n<p><a href=\"https:\/\/www.dhnet.be\/medias\/musique\/2026\/05\/30\/des-dizaines-de-personnes-dans-linquietude-quels-sont-les-dommages-collateraux-insoupconnes-de-laffaire-bruel-HSGIIMFPJBDOVIVDJLNOHLJ774\/\" target=\"_self\" class=\"ap-StoryInterstitialLink ap-StoryElement ap-StoryElement--mb\" rel=\"nofollow noopener\">Des dizaines de personnes dans l&rsquo;inqui\u00e9tude: quels sont les dommages collat\u00e9raux insoup\u00e7onn\u00e9s de l&rsquo;affaire Bruel<\/a><\/p>\n<p class=\"ap-StoryElement ap-StoryElement--mb ap-StoryText\">L&rsquo;interpr\u00e8te de ce Tribute \u00e0 Patrick Bruel ne cache pas sa frustration. \u00ab\u00a0On a eu des concerts qui ont \u00e9t\u00e9 annul\u00e9s et les concerts qui sont maintenus sont quand m\u00eame un peu malaisants pour moi. Je suis en front stage donc je dois aussi d\u00e9fendre, quelque part, l&rsquo;artiste.\u00a0\u00bb Il d\u00e9taille son sentiment. \u00ab\u00a0Par rapport au sens de certaines de ses chansons, j&rsquo;ai juste envie de faire abstraction\u2026 Mais ma passion, c&rsquo;est la musique. Et mon kif, c&rsquo;est de monter sur sc\u00e8ne. Cela s&rsquo;est toujours bien pass\u00e9 avec nos fans en plus, parce que les fans de Bruel nous suivent et nous encouragent m\u00eame aujourd&rsquo;hui.\u00a0\u00bb<\/p>\n<p class=\"ap-StoryQuote-text\">\u00ab\u00a0On est des musiciens passionn\u00e9s, avec tant d&rsquo;efforts de travail, pour peut-\u00eatre se dire aujourd&rsquo;hui : est-ce qu&rsquo;on arr\u00eate ?\u00a0\u00bb<\/p>\n<p>\u00ab\u00a0Des critiques pas tr\u00e8s agr\u00e9ables\u00a0\u00bb<\/p>\n<p class=\"ap-StoryElement ap-StoryElement--mb ap-StoryText\">Capable de jouer partout gr\u00e2ce \u00e0 la qualit\u00e9 de leurs prestations (voir vid\u00e9os ci-dessous), Place des Grands Hommes a d&rsquo;ailleurs une autre date pr\u00e9vue au Trianon de Li\u00e8ge, le 2 octobre (Au moment m\u00eame, ou presque, que le concert de Patrick Bruel \u00e0 Forest National, toujours maintenu jusqu&rsquo;\u00e0 pr\u00e9sent) et il explique la \u00ab\u00a0situation d\u00e9licate\u00a0\u00bb dans lequel son groupe se retrouve d\u00e9sormais. \u00ab\u00a0On doit faire la communication nous-m\u00eames pour y amener des gens\u2026 c&rsquo;est donc un peu malaisant aussi, confesse celui qui n&rsquo;a ni envie de le d\u00e9nigrer, ni de le d\u00e9fendre ou de venir avec un t-shirt estampill\u00e9 \u00ab\u00a0Je ne suis pas Patrick\u00a0\u00bb. Je me vois mal aujourd&rsquo;hui, commencer \u00e0 contacter tous mes amis en leur rappelant qu&rsquo;on joue \u00e0 cette date-l\u00e0.\u00a0\u00bb<\/p>\n<p class=\"ap-StoryElement ap-StoryElement--mb ap-StoryText\">Le leader du cover band belge, qui poss\u00e8de aussi un autre groupe rock (<a href=\"https:\/\/www.youtube.com\/watch?v=rJBNCqcu0hc\" target=\"_self\" rel=\"nofollow noopener\">Supervolt, g\u00e9n\u00e9ration rock fran\u00e7ais sur les ann\u00e9es 80 <\/a>\u00e0 aujourd&rsquo;hui sera au Tribute Festival de Rochefort ce 31 juillet mais aussi \u00e0 Calais le 11 juillet, finalement, en remplacement du Tribute \u00e0 Bruel), poursuit : \u00ab\u00a0On est quand m\u00eame conscient qu&rsquo;une fois qu&rsquo;on va monter sur sc\u00e8ne, des gens vont kiffer mais, par contre, on s&rsquo;attend quand m\u00eame \u00e0 avoir des critiques pas tr\u00e8s agr\u00e9ables\u2026\u00a0\u00bb<\/p>\n<p class=\"ap-StoryElement ap-StoryElement--mb ap-StoryText\">Et celui qui avait d\u00e9j\u00e0 rencontr\u00e9 Patrick Bruel, au d\u00e9tour de concerts caritatifs pour lesquels ses musiciens avaient accompagn\u00e9 la star, de conclure : \u00ab\u00a0Je l&rsquo;assume en tant qu&rsquo;artiste de faire ces concerts. Je suis un petit gars de Li\u00e8ge, j&rsquo;ai fait de la musique toute ma vie et on a acquis une belle petite notori\u00e9t\u00e9. Parce que les gens nous disent : &lsquo;vous ne faites pas exactement comme Bruel, vous avez votre propre personnalit\u00e9. Les chansons nous font penser \u00e0 lui dans les ann\u00e9es 80 parce que c&rsquo;est plus rock. Mais vous avez une \u00e9nergie de fou et on voit qu&rsquo;entre vous, vous vous amusez et que vous prenez du plaisir&rsquo;. C&rsquo;est d&rsquo;ailleurs notre but.\u00a0\u00bb<\/p>\n<p><img decoding=\"async\" src=\"https:\/\/www.europesays.com\/be-fr\/wp-content\/uploads\/2026\/06\/1780467435_172_hqdefault.webp\" alt=\"SUPERVOLT -  Teaser - YouTube thumbnail\" class=\"lty-thumbnail\" loading=\"lazy\"\/>Watch<\/p>\n","protected":false},"excerpt":{"rendered":"\u00c0 commencer par Le Stock \u00e0 La Louvi\u00e8re. \u00ab\u00a0Lors d&rsquo;une publicit\u00e9 de notre Tribute durant un entracte entre&hellip;\n","protected":false},"author":2,"featured_media":128139,"comment_status":"","ping_status":"","sticky":false,"template":"","format":"standard","meta":{"footnotes":"","_share_on_mastodon":"0"},"categories":[102],"tags":[12,13,18,17,129,128,96,95,208,4142,26,109,27,5188],"class_list":["post-128138","post","type-post","status-publish","format-standard","has-post-thumbnail","category-people","tag-be","tag-be-fr","tag-belgique","tag-belgium","tag-celebrities","tag-celebrity","tag-divertissement","tag-entertainment","tag-forest","tag-la-louviere","tag-liege","tag-people","tag-province-de-liege","tag-rochefort"],"share_on_mastodon":{"url":"https:\/\/pubeurope.com\/@be_fr\/116684720973418677","error":""},"_links":{"self":[{"href":"https:\/\/www.europesays.com\/be-fr\/wp-json\/wp\/v2\/posts\/128138","targetHints":{"allow":["GET"]}}],"collection":[{"href":"https:\/\/www.europesays.com\/be-fr\/wp-json\/wp\/v2\/posts"}],"about":[{"href":"https:\/\/www.europesays.com\/be-fr\/wp-json\/wp\/v2\/types\/post"}],"author":[{"embeddable":true,"href":"https:\/\/www.europesays.com\/be-fr\/wp-json\/wp\/v2\/users\/2"}],"replies":[{"embeddable":true,"href":"https:\/\/www.europesays.com\/be-fr\/wp-json\/wp\/v2\/comments?post=128138"}],"version-history":[{"count":0,"href":"https:\/\/www.europesays.com\/be-fr\/wp-json\/wp\/v2\/posts\/128138\/revisions"}],"wp:featuredmedia":[{"embeddable":true,"href":"https:\/\/www.europesays.com\/be-fr\/wp-json\/wp\/v2\/media\/128139"}],"wp:attachment":[{"href":"https:\/\/www.europesays.com\/be-fr\/wp-json\/wp\/v2\/media?parent=128138"}],"wp:term":[{"taxonomy":"category","embeddable":true,"href":"https:\/\/www.europesays.com\/be-fr\/wp-json\/wp\/v2\/categories?post=128138"},{"taxonomy":"post_tag","embeddable":true,"href":"https:\/\/www.europesays.com\/be-fr\/wp-json\/wp\/v2\/tags?post=128138"}],"curies":[{"name":"wp","href":"https:\/\/api.w.org\/{rel}","templated":true}]}}