{"id":128168,"date":"2026-06-03T06:43:11","date_gmt":"2026-06-03T06:43:11","guid":{"rendered":"https:\/\/www.europesays.com\/be-fr\/128168\/"},"modified":"2026-06-03T06:43:11","modified_gmt":"2026-06-03T06:43:11","slug":"hausse-des-prix-des-carburants-les-voleurs-en-profitent-le-reservoir-de-ma-camionnette-a-ete-siphonne-en-plein-jour-temoigne-une-victime","status":"publish","type":"post","link":"https:\/\/www.europesays.com\/be-fr\/128168\/","title":{"rendered":"Hausse des prix des carburants, les voleurs en profitent\u00a0: \u00ab\u00a0Le r\u00e9servoir de ma camionnette a \u00e9t\u00e9 siphonn\u00e9 en plein jour\u00a0\u00bb, t\u00e9moigne une victime"},"content":{"rendered":"<p class=\"ap-StoryElement ap-StoryElement--mb ap-StoryText\">Ce mercredi, <a href=\"https:\/\/www.dhnet.be\/dernieres-depeches\/2026\/06\/02\/prix-de-lenergie-les-prix-de-lessence-et-du-diesel-repartent-a-la-hausse-a-la-pompe-37LCPJUF3VEHZAHJNKWVVGGM5U\/\" target=\"_self\" rel=\"nofollow noopener\">le prix des carburants repartira en effet \u00e0 la hausse<\/a>. Pour atteindre 1,874 \u20ac du litre pour l&rsquo;essence 95, et 2,08 \u20ac du litre pour le diesel.<\/p>\n<p><a href=\"https:\/\/www.dhnet.be\/conso\/auto-moto\/2026\/03\/23\/explosion-du-prix-des-carburants-record-pour-le-diesel-on-se-demande-ce-que-le-gouvernement-attend-pour-intervenir-6SCD3HYO55FPJJA23E2UPBUQLI\/\" target=\"_self\" class=\"ap-StoryInterstitialLink ap-StoryElement ap-StoryElement--mb\" rel=\"nofollow noopener\">Explosion du prix des carburants, record pour le diesel : \u00ab\u00a0On se demande ce que le gouvernement attend pour intervenir !\u00a0\u00bb<\/a><\/p>\n<p class=\"ap-StoryElement ap-StoryElement--mb ap-StoryText\">Mais lorsque Kamil s&rsquo;est fait siphonner sa camionnette, l&rsquo;essence tournait autour des 2 \u20ac du litre. \u00ab\u00a0On m&rsquo;a donc vol\u00e9 l&rsquo;\u00e9quivalent de 80 euros.\u00a0\u00bb<\/p>\n<p><img loading=\"lazy\" decoding=\"async\" class=\"w-full lazyload lazyload--opacity object-contain\" style=\"aspect-ratio:150 \/ 100;opacity:1\" alt=\"Mauvaise suprise pour Kamil au moment de r\u00e9cup\u00e9rer sa camionnette : son r\u00e9servoir avait \u00e9t\u00e9 siphonn\u00e9.\" width=\"768\" height=\"512\" fetchpriority=\"auto\" src=\"https:\/\/www.europesays.com\/be-fr\/wp-content\/uploads\/2026\/06\/1780468990_121_S5VKD3X55FFF3BW6V4SEHXNP7I.png\"  data- data-optimumx=\"1\"\/><img loading=\"lazy\" decoding=\"async\" src=\"https:\/\/www.europesays.com\/be-fr\/wp-content\/uploads\/2026\/06\/6YGIES3ASNFUHGPCUJ5HS4P25Q.jpeg\" width=\"768\" height=\"512\" alt=\"Mauvaise suprise pour Kamil au moment de r\u00e9cup\u00e9rer sa camionnette : son r\u00e9servoir avait \u00e9t\u00e9 siphonn\u00e9.\" class=\"absolute inset-0 w-full\"\/>Mauvaise suprise pour Kamil au moment de r\u00e9cup\u00e9rer sa camionnette : son r\u00e9servoir avait \u00e9t\u00e9 siphonn\u00e9. \u00a9DR<\/p>\n<p class=\"ap-StoryElement ap-StoryElement--mb ap-StoryText\">Kamil pensait pourtant que sa camionnette ne courait aucun risque. \u00ab\u00a0J&rsquo;ai gar\u00e9 ma camionnette sur le parking d&rsquo;une grande surface d\u00e9saffect\u00e9e \u00e0 Marcinelle. J&rsquo;\u00e9tais sur un chantier situ\u00e9 \u00e0 50 m\u00e8tres. Et comme on m&rsquo;avait d\u00e9j\u00e0 vol\u00e9 mon mat\u00e9riel (NdlR : pour un pr\u00e9judice de 15.000 \u20ac) deux semaines auparavant, je l&rsquo;ai gar\u00e9e porte coulissante donnant c\u00f4t\u00e9 rue. Jamais je n&rsquo;aurais pens\u00e9 qu&rsquo;on viendrait me siphonner mon r\u00e9servoir, dont la trappe d&rsquo;acc\u00e8s est de l&rsquo;autre c\u00f4t\u00e9. On \u00e9tait en plein apr\u00e8s-midi. Cela s&rsquo;est presque fait au vu de tous.\u00a0\u00bb<\/p>\n<p><a href=\"https:\/\/www.dhnet.be\/conso\/auto-moto\/2026\/05\/20\/le-prix-de-lessence-va-t-il-bientot-depasser-son-record-historique-un-baril-a-110-nest-viable-pour-personne-UAVC3BZJSJEV3D2M44SSTBDL3Y\/\" target=\"_self\" class=\"ap-StoryInterstitialLink ap-StoryElement ap-StoryElement--mb\" rel=\"nofollow noopener\">Le prix de l&rsquo;essence va-t-il bient\u00f4t d\u00e9passer son record historique? \u00ab\u00a0Un baril \u00e0 110 $ n&rsquo;est viable pour personne\u00a0\u00bb<\/a><\/p>\n<p class=\"ap-StoryElement ap-StoryElement--mb ap-StoryText\">Kamil n&rsquo;a toutefois pas port\u00e9 plainte. \u00ab\u00a0Perdre des heures en d\u00e9marches administratives m&rsquo;aurait fait perdre plus que les 80 \u20ac d&rsquo;essence. D&rsquo;autant plus que je n&rsquo;avais pas de d\u00e9g\u00e2ts. Si ma trappe se verrouille quand je ferme ma camionnette, les voleurs sont parvenus \u00e0 l&rsquo;ouvrir sans faire de d\u00e9g\u00e2ts. Du travail de pro.\u00a0\u00bb<\/p>\n<p>\u00ab\u00a0Je l&rsquo;ai vu fuir avec un bidon dans les bras\u00a0\u00bb<\/p>\n<p class=\"ap-StoryElement ap-StoryElement--mb ap-StoryText\">Ces derniers temps, L&rsquo;\u00e9lectricien n&rsquo;est pas le seul \u00e0 s&rsquo;\u00eatre fait d\u00e9pouiller. \u00c0 Vielsalm, deux maisons voisines se sont fait siphonner leur cuve \u00e0 mazout. Pour un pr\u00e9judice de plusieurs centaines d&rsquo;euros. Et pas plus tard que la semaine pass\u00e9e, Geoffroy, jardinier \u00e0 Namur, a mis en fuite un voleur qui tentait visiblement de s&rsquo;en prendre \u00e0 son pick-up. \u00ab\u00a0Il \u00e9tait gar\u00e9 dans mon all\u00e9e de garage, commente le Namurois. Et en allant promener mon chien, j&rsquo;ai vu une silhouette qui prenait la fuite avec un bidon dans les bras. Je suis persuad\u00e9 qu&rsquo;il allait s&rsquo;en prendre \u00e0 mon camion.\u00a0\u00bb<\/p>\n<p class=\"ap-StoryElement ap-StoryElement--mb ap-StoryText\">Contact\u00e9e, la police f\u00e9d\u00e9rale confirme une augmentation des cas de vols de carburants en Belgique, sur les derni\u00e8res semaines. \u00ab\u00a0Nous ne disposons pas de donn\u00e9es chiffr\u00e9es consolid\u00e9es permettant de quantifier pr\u00e9cis\u00e9ment l&rsquo;\u00e9volution des vols de carburant ces derni\u00e8res semaines, indique la police f\u00e9d\u00e9rale. Les \u00e9l\u00e9ments dont nous disposons laissent n\u00e9anmoins appara\u00eetre une tendance \u00e0 la hausse de ce type de faits, m\u00eame si les donn\u00e9es restent fragmentaires.\u00a0\u00bb<\/p>\n<p><a href=\"https:\/\/www.dhnet.be\/conso\/auto-moto\/2026\/06\/01\/avec-la-crise-des-carburants-de-plus-en-plus-dautomobilistes-opteraient-pour-le-train-la-sncb-enregistre-une-forte-hausse-des-ventes-de-billets-WM3YB53QLVFABOUIW6MTYL6W2M\/\" target=\"_self\" class=\"ap-StoryInterstitialLink ap-StoryElement ap-StoryElement--mb\" rel=\"nofollow noopener\">Avec la crise des carburants, de plus en plus d&rsquo;automobilistes opteraient pour le train : la SNCB enregistre une forte hausse des ventes de billets !<\/a><\/p>\n<p class=\"ap-StoryElement ap-StoryElement--mb ap-StoryText\">Une hausse des vols qui co\u00efnciderait avec l&rsquo;augmentation des prix des carburants : + 14 % pour l&rsquo;essence, + 16 % pour le diesel avec, un passage \u00e0 + 40 % pour le diesel en avril.<\/p>\n<p>\u00ab\u00a0Un contexte \u00e9conomique faborable aux vols\u00a0\u00bb<\/p>\n<p class=\"ap-StoryElement ap-StoryElement--mb ap-StoryText\">\u00ab\u00a0Le contexte \u00e9conomique actuel, marqu\u00e9 par des prix \u00e9lev\u00e9s des carburants et des tensions sur l&rsquo;approvisionnement, constitue un terrain favorable \u00e0 une augmentation de ces vols, indique la police f\u00e9d\u00e9rale. Historiquement, on observe en effet une corr\u00e9lation claire entre la hausse des prix des carburants et l&rsquo;augmentation des vols, qu&rsquo;il s&rsquo;agisse de vols \u00e0 la pompe, de siphonnage de r\u00e9servoirs, ou encore de vols commis sur des chantiers ou dans des d\u00e9p\u00f4ts. Les prix \u00e9lev\u00e9s sont une incitation accrue. Lorsque le litre de diesel d\u00e9passe les 2 \u20ac, le vol du contenu d&rsquo;un r\u00e9servoir de camion peut repr\u00e9senter un gain de plusieurs centaines d&rsquo;euros.\u00a0\u00bb<\/p>\n<p><a href=\"https:\/\/www.dhnet.be\/conso\/auto-moto\/2026\/03\/23\/trop-cher-votre-plein-de-carburant-plus-de-50-file-dans-les-caisses-de-letat-via-les-taxes-E5WNZD2MRNBCDMZNZAH3PJSEVQ\/\" target=\"_self\" class=\"ap-StoryInterstitialLink ap-StoryElement ap-StoryElement--mb\" rel=\"nofollow noopener\">Trop cher votre plein de carburant ? Plus de 50 % file dans les caisses de l&rsquo;\u00c9tat via les taxes !<\/a><\/p>\n<p class=\"ap-StoryElement ap-StoryElement--mb ap-StoryText\">Le fait que les transporteurs stationnent souvent la nuit sur des parkings ou dans des zones industrielles en fait des cibles privil\u00e9gi\u00e9es. \u00ab\u00a0Des cas ont \u00e9galement \u00e9t\u00e9 observ\u00e9s o\u00f9 des vols \u00e9taient commis entre camionneurs, certains \u00e9tant \u00e9quip\u00e9s de camions munis de syst\u00e8mes de pompage.\u00a0\u00bb<\/p>\n<p class=\"ap-StoryElement ap-StoryElement--mb ap-StoryText\">Par ailleurs, le gasoil non routier \u2013 utilis\u00e9 par les tracteurs et engins de chantier \u2013 est aussi une cible r\u00e9currente. \u00ab\u00a0En particulier lors des p\u00e9riodes de hausse des prix. Les volumes stock\u00e9s sur les chantiers et dans les engins de construction sont importants et l&rsquo;accessibilit\u00e9 des chantiers, notamment le week-end ou lors des arr\u00eats d&rsquo;activit\u00e9, en font des cibles attractives.\u00a0\u00bb<\/p>\n","protected":false},"excerpt":{"rendered":"Ce mercredi, le prix des carburants repartira en effet \u00e0 la hausse. Pour atteindre 1,874 \u20ac du litre&hellip;\n","protected":false},"author":2,"featured_media":128169,"comment_status":"","ping_status":"","sticky":false,"template":"","format":"standard","meta":{"footnotes":"","_share_on_mastodon":"0"},"categories":[8],"tags":[10,12,13,18,17,1954,11,1955,23961],"class_list":["post-128168","post","type-post","status-publish","format-standard","has-post-thumbnail","category-actualites","tag-actualites","tag-be","tag-be-fr","tag-belgique","tag-belgium","tag-namur","tag-news","tag-province-de-namur","tag-vielsalm"],"share_on_mastodon":{"url":"https:\/\/pubeurope.com\/@be_fr\/116684824198874459","error":""},"_links":{"self":[{"href":"https:\/\/www.europesays.com\/be-fr\/wp-json\/wp\/v2\/posts\/128168","targetHints":{"allow":["GET"]}}],"collection":[{"href":"https:\/\/www.europesays.com\/be-fr\/wp-json\/wp\/v2\/posts"}],"about":[{"href":"https:\/\/www.europesays.com\/be-fr\/wp-json\/wp\/v2\/types\/post"}],"author":[{"embeddable":true,"href":"https:\/\/www.europesays.com\/be-fr\/wp-json\/wp\/v2\/users\/2"}],"replies":[{"embeddable":true,"href":"https:\/\/www.europesays.com\/be-fr\/wp-json\/wp\/v2\/comments?post=128168"}],"version-history":[{"count":0,"href":"https:\/\/www.europesays.com\/be-fr\/wp-json\/wp\/v2\/posts\/128168\/revisions"}],"wp:featuredmedia":[{"embeddable":true,"href":"https:\/\/www.europesays.com\/be-fr\/wp-json\/wp\/v2\/media\/128169"}],"wp:attachment":[{"href":"https:\/\/www.europesays.com\/be-fr\/wp-json\/wp\/v2\/media?parent=128168"}],"wp:term":[{"taxonomy":"category","embeddable":true,"href":"https:\/\/www.europesays.com\/be-fr\/wp-json\/wp\/v2\/categories?post=128168"},{"taxonomy":"post_tag","embeddable":true,"href":"https:\/\/www.europesays.com\/be-fr\/wp-json\/wp\/v2\/tags?post=128168"}],"curies":[{"name":"wp","href":"https:\/\/api.w.org\/{rel}","templated":true}]}}