{"id":128750,"date":"2026-06-03T16:20:15","date_gmt":"2026-06-03T16:20:15","guid":{"rendered":"https:\/\/www.europesays.com\/be-fr\/128750\/"},"modified":"2026-06-03T16:20:15","modified_gmt":"2026-06-03T16:20:15","slug":"des-experts-donnent-des-pistes-pour-lutter-contre-le-moustique-tigre-a-cassis","status":"publish","type":"post","link":"https:\/\/www.europesays.com\/be-fr\/128750\/","title":{"rendered":"Des experts donnent des pistes pour lutter contre le moustique tigre \u00e0 Cassis"},"content":{"rendered":"<p>La municipalit\u00e9 et l\u2019Association ciotadenne contre aedes albopictus (ACCA) ont r\u00e9cemment organis\u00e9 une soir\u00e9e d\u2019information sur le moustique tigre et les maladies qu\u2019il transmet.<\/p>\n<p>Le docteur Francis Charlet, m\u00e9decin de sant\u00e9 publique a pr\u00e9sent\u00e9 le cycle de vie de ce moustique et les raisons <a href=\"https:\/\/www.laprovence.com\/article\/sante\/81226151113800\/moustique-tigre-comment-s-en-proteger-efficacement-en-france\" target=\"_blank\" rel=\"nofollow noopener\">de lutter contre cet insecte invasif<\/a>. La base de la lutte est la <a href=\"https:\/\/www.laprovence.com\/article\/ecoplanete\/4615892228499414\/avant-lete-ces-reflexes-du-quotidien-suffisent-a-eloigner-durablement-le-moustique-tigre\" target=\"_blank\" rel=\"nofollow noopener\">suppression de tous les lieux de reproductions<\/a> des moustiques qui sont essentiellement des petites collections d\u2019eau comme les arrosoirs, gamelles, goutti\u00e8re, vases, pots, soucoupes. Le plus gros de ces lieux est repr\u00e9sent\u00e9 \u00e0 80% dans les r\u00e9sidences et 20% dans les lieux publics comme les cimeti\u00e8res, jardins bassins o\u00f9 stagne l\u2019eau de pluie.<\/p>\n<p>Le moustique tigre est un insecte parfaitement adapt\u00e9 \u00e0 une zone temp\u00e9r\u00e9e. Actuellement, pr\u00e8s de 83 d\u00e9partements fran\u00e7ais sont plus ou moins colonis\u00e9s. En Paca, 90% des communes sont colonis\u00e9es.\u00a0Aedes albopictus <a href=\"https:\/\/www.laprovence.com\/article\/sante\/272933186998914\/moustiques-tigres-apres-809-cas-autochtones-de-chikungunya-en-2025-la-vigilance-est-de-mise-pour-la-nouvelle-saison\" target=\"_blank\" rel=\"nofollow noopener\">transmet trois maladies<\/a>\u00a0: la dengue, le chikungunya et le virus Zika.<\/p>\n<p>\u00ab\u00a0Agir contre le moustique tigre, ce n\u2019est pas seulement r\u00e9pondre \u00e0 une contrainte, c\u2019est aussi prendre soin de notre environnement, de notre sant\u00e9 et de notre cadre de vie\u00a0\u00bb, a conclu Vincent Jayne, adjoint \u00e0 l\u2019environnement.<\/p>\n","protected":false},"excerpt":{"rendered":"La municipalit\u00e9 et l\u2019Association ciotadenne contre aedes albopictus (ACCA) ont r\u00e9cemment organis\u00e9 une soir\u00e9e d\u2019information sur le moustique&hellip;\n","protected":false},"author":2,"featured_media":128751,"comment_status":"","ping_status":"","sticky":false,"template":"","format":"standard","meta":{"footnotes":"","_share_on_mastodon":"0"},"categories":[82],"tags":[41,12,13,18,17,1854,4595,57,16160,86,23629,44576,838,87],"class_list":["post-128750","post","type-post","status-publish","format-standard","has-post-thumbnail","category-sante","tag-41","tag-be","tag-be-fr","tag-belgique","tag-belgium","tag-des","tag-donnent","tag-environnement","tag-experts","tag-health","tag-lutter","tag-pistes","tag-pour","tag-sante"],"share_on_mastodon":{"url":"https:\/\/pubeurope.com\/@be_fr\/116687092347464592","error":""},"_links":{"self":[{"href":"https:\/\/www.europesays.com\/be-fr\/wp-json\/wp\/v2\/posts\/128750","targetHints":{"allow":["GET"]}}],"collection":[{"href":"https:\/\/www.europesays.com\/be-fr\/wp-json\/wp\/v2\/posts"}],"about":[{"href":"https:\/\/www.europesays.com\/be-fr\/wp-json\/wp\/v2\/types\/post"}],"author":[{"embeddable":true,"href":"https:\/\/www.europesays.com\/be-fr\/wp-json\/wp\/v2\/users\/2"}],"replies":[{"embeddable":true,"href":"https:\/\/www.europesays.com\/be-fr\/wp-json\/wp\/v2\/comments?post=128750"}],"version-history":[{"count":0,"href":"https:\/\/www.europesays.com\/be-fr\/wp-json\/wp\/v2\/posts\/128750\/revisions"}],"wp:featuredmedia":[{"embeddable":true,"href":"https:\/\/www.europesays.com\/be-fr\/wp-json\/wp\/v2\/media\/128751"}],"wp:attachment":[{"href":"https:\/\/www.europesays.com\/be-fr\/wp-json\/wp\/v2\/media?parent=128750"}],"wp:term":[{"taxonomy":"category","embeddable":true,"href":"https:\/\/www.europesays.com\/be-fr\/wp-json\/wp\/v2\/categories?post=128750"},{"taxonomy":"post_tag","embeddable":true,"href":"https:\/\/www.europesays.com\/be-fr\/wp-json\/wp\/v2\/tags?post=128750"}],"curies":[{"name":"wp","href":"https:\/\/api.w.org\/{rel}","templated":true}]}}