{"id":128978,"date":"2026-06-03T20:16:27","date_gmt":"2026-06-03T20:16:27","guid":{"rendered":"https:\/\/www.europesays.com\/be-fr\/128978\/"},"modified":"2026-06-03T20:16:27","modified_gmt":"2026-06-03T20:16:27","slug":"prevention-sante-les-partenariats-se-renforcent-en-occitanie","status":"publish","type":"post","link":"https:\/\/www.europesays.com\/be-fr\/128978\/","title":{"rendered":"Pr\u00e9vention sant\u00e9 : les partenariats se renforcent en Occitanie"},"content":{"rendered":"<p>                        <img decoding=\"async\" src=\"data:image\/svg+xml,%3Csvg%20xmlns=\" http:=\"\" data-lazy-src=\"https:\/\/www.europesays.com\/be-fr\/wp-content\/uploads\/2026\/06\/P1080814-scaled-730x480.jpg\"\/><img decoding=\"async\" src=\"https:\/\/www.europesays.com\/be-fr\/wp-content\/uploads\/2026\/06\/P1080814-scaled-730x480.jpg\"\/><\/p>\n<p class=\"teasing-1 article__teasing\">La pr\u00e9vention sant\u00e9 se renforce au sein des structures mutualistes d\u2019Occitanie. \u00c0 travers des actions men\u00e9es en partenariat avec l\u2019UGRM et la Mutualit\u00e9 Fran\u00e7aise Haute-Garonne, la Mutualit\u00e9 Fran\u00e7aise Occitanie d\u00e9ploie des programmes de pr\u00e9vention en sant\u00e9 bucco-dentaire et en sant\u00e9 mentale, au plus pr\u00e8s des professionnels et des publics accompagn\u00e9s.<\/p>\n<p>    Une nouvelle dynamique de pr\u00e9vention au c\u0153ur des actions de l\u2019UGRM<\/p>\n<p><img loading=\"lazy\" decoding=\"async\" class=\"wp-image-46802 alignleft\" src=\"data:image\/svg+xml,%3Csvg%20xmlns=\" http:=\"\" alt=\"\" width=\"273\" height=\"182\" data-lazy- data-lazy- data-lazy-src=\"https:\/\/www.europesays.com\/be-fr\/wp-content\/uploads\/2026\/06\/Fotolia_37424137_Subscription_XL-scaled.jpg\"\/><img loading=\"lazy\" decoding=\"async\" class=\"wp-image-46802 alignleft\" src=\"https:\/\/www.europesays.com\/be-fr\/wp-content\/uploads\/2026\/06\/Fotolia_37424137_Subscription_XL-scaled.jpg\" alt=\"\" width=\"273\" height=\"182\"  \/><\/p>\n<p>En 2026, l\u2019UGRM a engag\u00e9 une nouvelle dynamique en lan\u00e7ant une d\u00e9marche structur\u00e9e de d\u00e9ploiement des activit\u00e9s de pr\u00e9vention. Cette orientation marque une \u00e9tape importante dans la volont\u00e9 de renforcer leur action au plus pr\u00e8s des publics, en compl\u00e9ment des activit\u00e9s de soins.<\/p>\n<p>Au cours du premier semestre 2026, des interventions ont \u00e9t\u00e9 programm\u00e9es dans cinq EHPAD r\u00e9partis sur trois d\u00e9partements \u2014 l\u2019Aveyron, la Haute-Garonne et les Hautes-Pyr\u00e9n\u00e9es \u2013 dans le cadre du programme \u00ab La vie \u00e0 pleines dents longtemps \u00bb port\u00e9 par la Mutualit\u00e9 Fran\u00e7aise Occitanie en soutien avec l\u2019<a href=\"https:\/\/www.occitanie.ars.sante.fr\/\" rel=\"nofollow noopener\" target=\"_blank\">ARS Occitanie<\/a>. Une partie de ces actions a d\u2019ores et d\u00e9j\u00e0 \u00e9t\u00e9 r\u00e9alis\u00e9e, et les autres se d\u00e9rouleront d\u2019ici la fin du semestre. Elles combinent des temps de d\u00e9pistage aupr\u00e8s des r\u00e9sidents, permettant d\u2019identifier pr\u00e9cocement certaines probl\u00e9matiques de sant\u00e9 bucco-dentaire, et des sessions de formation destin\u00e9es aux professionnels soignants. L\u2019objectif : renforcer les pratiques de pr\u00e9vention au quotidien et favoriser une meilleure prise en charge des publics \u00e2g\u00e9s.<\/p>\n<p>\u00c0 travers cette initiative notamment, l\u2019UGRM affirme son engagement en faveur d\u2019une approche globale de la sant\u00e9, fond\u00e9e sur la pr\u00e9vention, la proximit\u00e9 et la r\u00e9duction des in\u00e9galit\u00e9s d\u2019acc\u00e8s aux soins. Cette dynamique a vocation \u00e0 se poursuivre et \u00e0 s\u2019amplifier dans les mois \u00e0 venir, en s\u2019appuyant sur des partenariats solides et une pr\u00e9sence accrue sur les territoires.<\/p>\n<p>    Former les \u00e9quipes au secourisme en sant\u00e9 mentale : un engagement renouvel\u00e9 en 2026 pour la Mutualit\u00e9 Fran\u00e7aise Haute-Garonne<\/p>\n<p>La sant\u00e9 mentale occupe aujourd\u2019hui une place centrale dans les pratiques professionnelles, quel que soit le secteur d\u2019activi<\/p>\n<p>t\u00e9. Mieux comprendre, rep\u00e9rer et r\u00e9agir face aux situations de fragilit\u00e9 est devenu un enjeu partag\u00e9 par l\u2019ensemble des \u00e9quipes.<\/p>\n<p>C\u2019est dans cette dynamique qu\u2019une nouvelle session de formation au secourisme en sant\u00e9 mentale a \u00e9t\u00e9 organis\u00e9e gr\u00e2ce au programme de pr\u00e9vention propos\u00e9 par la <a href=\"https:\/\/occitanie.mutualite.fr\/\" rel=\"nofollow noopener\" target=\"_blank\">Mutualit\u00e9 Fran\u00e7aise Occitanie<\/a>. Cette \u00e9dition a r\u00e9uni des profils vari\u00e9s, rassemblant \u00e0 la fois des professionnels de la petite enfance et des collaborateurs issus des services supports.<\/p>\n<p>Pendant deux journ\u00e9es, les participants ont pu approfondir leurs connaissances des troubles psychiques les plus fr\u00e9quents et s\u2019approprier des outils concrets pour identifier les signaux d\u2019alerte. L\u2019objectif : permettre \u00e0 chacun d\u2019adopter une posture adapt\u00e9e face \u00e0 des situations de fragilit\u00e9, tout en sachant orienter lorsque cela est n\u00e9cessaire.<\/p>\n<p>En d\u00e9cloisonnant les approches, cette formation renforce la capacit\u00e9 collective des \u00e9quipes \u00e0 agir de mani\u00e8re coh\u00e9rente et compl\u00e9mentaire.<\/p>\n<p>Au-del\u00e0 des apports th\u00e9oriques, cette d\u00e9marche s\u2019inscrit dans une volont\u00e9 plus large de soutenir les professionnels dans leurs missions et de promouvoir un environnement attentif aux vuln\u00e9rabilit\u00e9s, qu\u2019elles concernent les publics accompagn\u00e9s ou les \u00e9quipes elles-m\u00eames.<\/p>\n<p><img fetchpriority=\"high\" decoding=\"async\" class=\"wp-image-46832 aligncenter\" src=\"data:image\/svg+xml,%3Csvg%20xmlns=\" http:=\"\" alt=\"\" width=\"403\" height=\"302\" data-lazy- data-lazy- data-lazy-src=\"https:\/\/www.europesays.com\/be-fr\/wp-content\/uploads\/2026\/06\/P1090025-scaled.jpg\"\/><img fetchpriority=\"high\" decoding=\"async\" class=\"wp-image-46832 aligncenter\" src=\"https:\/\/www.europesays.com\/be-fr\/wp-content\/uploads\/2026\/06\/P1090025-scaled.jpg\" alt=\"\" width=\"403\" height=\"302\"  \/><\/p>\n<p>\u00a0<\/p>\n","protected":false},"excerpt":{"rendered":"La pr\u00e9vention sant\u00e9 se renforce au sein des structures mutualistes d\u2019Occitanie. \u00c0 travers des actions men\u00e9es en partenariat&hellip;\n","protected":false},"author":2,"featured_media":128979,"comment_status":"","ping_status":"","sticky":false,"template":"","format":"standard","meta":{"footnotes":"","_share_on_mastodon":"0"},"categories":[82],"tags":[12,13,18,17,86,87],"class_list":["post-128978","post","type-post","status-publish","format-standard","has-post-thumbnail","category-sante","tag-be","tag-be-fr","tag-belgique","tag-belgium","tag-health","tag-sante"],"share_on_mastodon":{"url":"https:\/\/pubeurope.com\/@be_fr\/116688020168981651","error":""},"_links":{"self":[{"href":"https:\/\/www.europesays.com\/be-fr\/wp-json\/wp\/v2\/posts\/128978","targetHints":{"allow":["GET"]}}],"collection":[{"href":"https:\/\/www.europesays.com\/be-fr\/wp-json\/wp\/v2\/posts"}],"about":[{"href":"https:\/\/www.europesays.com\/be-fr\/wp-json\/wp\/v2\/types\/post"}],"author":[{"embeddable":true,"href":"https:\/\/www.europesays.com\/be-fr\/wp-json\/wp\/v2\/users\/2"}],"replies":[{"embeddable":true,"href":"https:\/\/www.europesays.com\/be-fr\/wp-json\/wp\/v2\/comments?post=128978"}],"version-history":[{"count":0,"href":"https:\/\/www.europesays.com\/be-fr\/wp-json\/wp\/v2\/posts\/128978\/revisions"}],"wp:featuredmedia":[{"embeddable":true,"href":"https:\/\/www.europesays.com\/be-fr\/wp-json\/wp\/v2\/media\/128979"}],"wp:attachment":[{"href":"https:\/\/www.europesays.com\/be-fr\/wp-json\/wp\/v2\/media?parent=128978"}],"wp:term":[{"taxonomy":"category","embeddable":true,"href":"https:\/\/www.europesays.com\/be-fr\/wp-json\/wp\/v2\/categories?post=128978"},{"taxonomy":"post_tag","embeddable":true,"href":"https:\/\/www.europesays.com\/be-fr\/wp-json\/wp\/v2\/tags?post=128978"}],"curies":[{"name":"wp","href":"https:\/\/api.w.org\/{rel}","templated":true}]}}