{"id":130016,"date":"2026-06-04T17:25:21","date_gmt":"2026-06-04T17:25:21","guid":{"rendered":"https:\/\/www.europesays.com\/be-fr\/130016\/"},"modified":"2026-06-04T17:25:21","modified_gmt":"2026-06-04T17:25:21","slug":"le-marche-auto-toujours-dans-le-rouge-en-belgique-apres-5-mois-voici-les-marques-en-forme-et-celles-qui-plongent","status":"publish","type":"post","link":"https:\/\/www.europesays.com\/be-fr\/130016\/","title":{"rendered":"Le march\u00e9 auto toujours dans le rouge en Belgique apr\u00e8s 5 mois : voici les marques en forme et celles qui plongent"},"content":{"rendered":"<p><img loading=\"lazy\" decoding=\"async\" class=\"w-full lazyload lazyload--opacity\" style=\"aspect-ratio:258 \/ 100;opacity:1\" alt=\"Immatriculations de voitures neuves MAI 2026\" width=\"768\" height=\"298\" fetchpriority=\"auto\" src=\"https:\/\/www.europesays.com\/be-fr\/wp-content\/uploads\/2026\/06\/1780593919_410_S5VKD3X55FFF3BW6V4SEHXNP7I.png\"  data- data-optimumx=\"1\"\/><img loading=\"lazy\" decoding=\"async\" src=\"https:\/\/www.europesays.com\/be-fr\/wp-content\/uploads\/2026\/06\/5SCHBEHHFRH27HHH6OGUW6IT4E.png\" width=\"768\" height=\"298\" alt=\"Immatriculations de voitures neuves MAI 2026\" class=\"absolute inset-0 w-full\"\/>Immatriculations de voitures neuves MAI 2026 \u00a9FebiacClassement inchang\u00e9<\/p>\n<p class=\"ap-StoryElement ap-StoryElement--mb ap-StoryText\">Sur les cinq premiers mois de 2026, le TOP 10 reste peu ou prou inchang\u00e9. BMW est toujours largement en t\u00eate des immatriculations malgr\u00e9 une baisse de 9,1%, et devance trois autres marques allemandes : Volkswagen, Mercedes et Audi dans cet ordre. Ici aussi, rares sont les marques \u00e0 sauver les meubles : Peugeot, 5\u00e8me, \u00e0 +6,74%, et Skoda \u2013 encore \u2013 \u00e0 +14,90% qui grimpe \u00e0 la huiti\u00e8me place. Mais les plus fortes hausses sont \u00e0 nouveau \u00e0 mettre au cr\u00e9dit des marques chinoises, notamment <a href=\"https:\/\/www.dhnet.be\/dernieres-depeches\/2026\/05\/07\/la-marque-mg-va-reprendre-a-son-compte-la-distribution-de-ses-vehicules-en-belgique-I5XJFU4STNHNFMZTCXQB7NK3Y4\/\" target=\"_self\" rel=\"nofollow noopener\">MG<\/a> qui a plus que doubl\u00e9 ses immatriculations (+104,52% \u00e0 3.616 unit\u00e9s) et pointe d\u00e9sormais \u00e0 la 18\u00e8me place, devant Nissan, Fiat ou encore Mazda, mais aussi juste devant son compatriote BYD. <a href=\"https:\/\/www.dhnet.be\/conso\/auto-moto\/2025\/12\/12\/ce-suv-chinois-discret-est-lun-des-plus-coherents-du-marche-a-un-prix-defiant-toute-concurrence-essai-auto-G3TMKKSMPRBHBFH72IVLS76COM\/\" target=\"_self\" rel=\"nofollow noopener\">Leapmotor <\/a>(26\u00e8me), Omoda (33\u00e8me) et Jaecoo (34\u00e8me) explosent leurs ventes avec des diff\u00e9rentiels de 323, 533 et 486% respectivement, avec des volumes relativement contenus toutefois entre 756 et 1.155 enregistrements.<\/p>\n<p><img loading=\"lazy\" decoding=\"async\" class=\"w-full lazyload lazyload--opacity\" style=\"aspect-ratio:254.99999999999997 \/ 100;opacity:1\" alt=\"Immatriculations de voitures neuves JANVIER-MAI 2026\" width=\"768\" height=\"301\" fetchpriority=\"auto\" src=\"https:\/\/www.europesays.com\/be-fr\/wp-content\/uploads\/2026\/06\/1780593919_410_S5VKD3X55FFF3BW6V4SEHXNP7I.png\"  data- data-optimumx=\"1\"\/><img loading=\"lazy\" decoding=\"async\" src=\"https:\/\/www.europesays.com\/be-fr\/wp-content\/uploads\/2026\/06\/CXH5IOWFWRFADMMMWVP2QJG3Q4.png\" width=\"768\" height=\"301\" alt=\"Immatriculations de voitures neuves JANVIER-MAI 2026\" class=\"absolute inset-0 w-full\"\/>Immatriculations de voitures neuves JANVIER-MAI 2026 \u00a9Febiac<\/p>\n","protected":false},"excerpt":{"rendered":"Immatriculations de voitures neuves MAI 2026 \u00a9FebiacClassement inchang\u00e9 Sur les cinq premiers mois de 2026, le TOP 10&hellip;\n","protected":false},"author":2,"featured_media":130017,"comment_status":"","ping_status":"","sticky":false,"template":"","format":"standard","meta":{"footnotes":"","_share_on_mastodon":"0"},"categories":[35],"tags":[12,13,18,17,38,37,36,7414,4484,1431,1433,1434,7417,7418,2982,7420],"class_list":["post-130016","post","type-post","status-publish","format-standard","has-post-thumbnail","category-economie","tag-be","tag-be-fr","tag-belgique","tag-belgium","tag-business","tag-economie","tag-economy","tag-namen","tag-parlement","tag-plenaire","tag-pleniere","tag-seance","tag-waals","tag-wallon","tag-wallonie","tag-zitting"],"share_on_mastodon":{"url":"https:\/\/pubeurope.com\/@be_fr\/116693010160723037","error":""},"_links":{"self":[{"href":"https:\/\/www.europesays.com\/be-fr\/wp-json\/wp\/v2\/posts\/130016","targetHints":{"allow":["GET"]}}],"collection":[{"href":"https:\/\/www.europesays.com\/be-fr\/wp-json\/wp\/v2\/posts"}],"about":[{"href":"https:\/\/www.europesays.com\/be-fr\/wp-json\/wp\/v2\/types\/post"}],"author":[{"embeddable":true,"href":"https:\/\/www.europesays.com\/be-fr\/wp-json\/wp\/v2\/users\/2"}],"replies":[{"embeddable":true,"href":"https:\/\/www.europesays.com\/be-fr\/wp-json\/wp\/v2\/comments?post=130016"}],"version-history":[{"count":0,"href":"https:\/\/www.europesays.com\/be-fr\/wp-json\/wp\/v2\/posts\/130016\/revisions"}],"wp:featuredmedia":[{"embeddable":true,"href":"https:\/\/www.europesays.com\/be-fr\/wp-json\/wp\/v2\/media\/130017"}],"wp:attachment":[{"href":"https:\/\/www.europesays.com\/be-fr\/wp-json\/wp\/v2\/media?parent=130016"}],"wp:term":[{"taxonomy":"category","embeddable":true,"href":"https:\/\/www.europesays.com\/be-fr\/wp-json\/wp\/v2\/categories?post=130016"},{"taxonomy":"post_tag","embeddable":true,"href":"https:\/\/www.europesays.com\/be-fr\/wp-json\/wp\/v2\/tags?post=130016"}],"curies":[{"name":"wp","href":"https:\/\/api.w.org\/{rel}","templated":true}]}}