{"id":130254,"date":"2026-06-04T22:13:11","date_gmt":"2026-06-04T22:13:11","guid":{"rendered":"https:\/\/www.europesays.com\/be-fr\/130254\/"},"modified":"2026-06-04T22:13:11","modified_gmt":"2026-06-04T22:13:11","slug":"je-dois-faire-attention-sharon-stone-revient-sur-les-sequelles-de-son-avc-survenu-il-y-a-25-ans","status":"publish","type":"post","link":"https:\/\/www.europesays.com\/be-fr\/130254\/","title":{"rendered":"\u00ab\u00a0Je dois faire attention\u00a0\u00bb : Sharon Stone revient sur les s\u00e9quelles de son AVC survenu il y a 25 ans"},"content":{"rendered":"<p class=\"mb-4 text-lg md:leading-8 break-words\">Elle fait partie des actrices les plus connues au monde. Mais si <a rel=\"nofollow noopener\" class=\"link  yahoo-link\" href=\"https:\/\/fr.style.yahoo.com\/ne-sois-agressive-comportement-valu-070409535.html\" data-i13n=\"cpos:1;pos:1\" data-ylk=\"elm:link;elmt:article_link;slk:sa carri\u00e8re est un pan important de sa vie;cpos:1;pos:1;itc:0;sec:content-canvas;outcm:mb_qualified_link;_E:mb_qualified_link;ct:story;\" data-yga=\"{&quot;yLinkPosition&quot;:&quot;1&quot;,&quot;yLinkElement&quot;:&quot;context_link&quot;,&quot;yPosition&quot;:&quot;1&quot;,&quot;yModuleName&quot;:&quot;content-canvas&quot;,&quot;yLinkText&quot;:&quot;sa carri\u00e8re est un pan important de sa vie&quot;,&quot;yHasCommerce&quot;:false}\" target=\"_blank\">sa carri\u00e8re est un pan important de sa vie<\/a>, Sharon Stone a r\u00e9v\u00e9l\u00e9 qu&rsquo;elle avait connu un gros probl\u00e8me de sant\u00e9 au d\u00e9but des ann\u00e9es 2000. C&rsquo;est dans son autobiographie, La beaut\u00e9 de vivre deux fois, parue en 2021, que la com\u00e9dienne de 68 ans a confi\u00e9 avoir eu <a rel=\"nofollow noopener\" class=\"link  yahoo-link\" href=\"https:\/\/fr.style.yahoo.com\/avc-4-signes-d-alerte-140701276.html\" data-i13n=\"cpos:2;pos:1\" data-ylk=\"elm:link;elmt:article_link;slk:un AVC (accident vasculaire c\u00e9r\u00e9bral);cpos:2;pos:1;itc:0;sec:content-canvas;outcm:mb_qualified_link;_E:mb_qualified_link;ct:story;\" data-yga=\"{&quot;yLinkPosition&quot;:&quot;2&quot;,&quot;yLinkElement&quot;:&quot;context_link&quot;,&quot;yPosition&quot;:&quot;1&quot;,&quot;yModuleName&quot;:&quot;content-canvas&quot;,&quot;yLinkText&quot;:&quot;un AVC (accident vasculaire c\u00e9r\u00e9bral)&quot;,&quot;yHasCommerce&quot;:false}\" target=\"_blank\">un AVC (accident vasculaire c\u00e9r\u00e9bral)<\/a> en 2001. Passant pr\u00e8s de la mort, celle qui est m\u00e8re de trois enfants avait indiqu\u00e9 que son cerveau avait saign\u00e9 pendant une semaine et demie.<\/p>\n<p class=\"mb-4 text-lg md:leading-8 break-words\">Pr\u00e9sente au Festival de Cannes 2026, Sharon Stone a accept\u00e9 de <a rel=\"nofollow noopener\" class=\"link  yahoo-link\" href=\"https:\/\/fr.style.yahoo.com\/sharon-stone-%C3%A9voque-lavc-faite-194038761.html\" data-i13n=\"cpos:3;pos:1\" data-ylk=\"elm:link;elmt:article_link;slk:revenir sur son AVC;cpos:3;pos:1;itc:0;sec:content-canvas;outcm:mb_qualified_link;_E:mb_qualified_link;ct:story;\" data-yga=\"{&quot;yLinkPosition&quot;:&quot;3&quot;,&quot;yLinkElement&quot;:&quot;context_link&quot;,&quot;yPosition&quot;:&quot;1&quot;,&quot;yModuleName&quot;:&quot;content-canvas&quot;,&quot;yLinkText&quot;:&quot;revenir sur son AVC&quot;,&quot;yHasCommerce&quot;:false}\" target=\"_blank\">revenir sur son AVC<\/a> aupr\u00e8s du magazine Gala, disponible en kiosques ce jeudi 4 juin 2026. La com\u00e9dienne a r\u00e9v\u00e9l\u00e9 qu&rsquo;elle souffrait toujours de s\u00e9quelles compliqu\u00e9es 25 ans plus tard : \u00ab\u00a0Depuis ma rupture d&rsquo;an\u00e9vrisme, je suis sujette \u00e0 des troubles convulsifs et \u00e0 des migraines. Le stress est un facteur aggravant. Je dois faire attention. Tout le temps. \u00c0 vie.\u00a0\u00bb Des cons\u00e9quences terribles qu&rsquo;elle a tenu \u00e0 \u00e9largir plus globalement \u00e0 toutes les personnes touch\u00e9es par un handicap invisible. Selon elle, ces personnes sont souvent \u00ab\u00a0oubli\u00e9es\u00a0\u00bb, voir maltrait\u00e9es. \u00ab\u00a0Je regrette ce manque de consid\u00e9ration. Regardez la fa\u00e7on dont on traite les personnes atteintes d&rsquo;un handicap, comment on leur parle\u2026 Comme si leur condition \u00e9tait contagieuse ! C&rsquo;est cruel\u00a0\u00bb, a-t-elle not\u00e9.<\/p>\n<p>Apr\u00e8s son AVC, Sharon Stone a chang\u00e9 beaucoup de choses dans sa vie<\/p>\n<p class=\"mb-4 text-lg md:leading-8 break-words\">L&rsquo;AVC a laiss\u00e9 des s\u00e9quelles permanentes sur la sant\u00e9 de Sharon Stone, mais pas seulement. En effet, pendant sept ans, elle a v\u00e9cu <a class=\"link \" href=\"https:\/\/www.femmeactuelle.fr\/actu\/news-actu\/sharon-stone-declare-avoir-ete-oubliee-comme-lady-diana-apres-son-avc-2081436\" data-i13n=\"cpos:4;pos:1\" rel=\"nofollow noopener\" target=\"_blank\" data-ylk=\"elm:link;elmt:article_link;slk:une v\u00e9ritable travers\u00e9e du d\u00e9sert \u00e0 Hollywood;cpos:4;pos:1;itc:0;sec:content-canvas\" data-yga=\"{&quot;yLinkPosition&quot;:&quot;4&quot;,&quot;yLinkElement&quot;:&quot;context_link&quot;,&quot;yPosition&quot;:&quot;1&quot;,&quot;yModuleName&quot;:&quot;content-canvas&quot;,&quot;yLinkText&quot;:&quot;une v\u00e9ritable travers\u00e9e du d\u00e9sert \u00e0 Hollywood&quot;,&quot;yHasCommerce&quot;:false}\">une v\u00e9ritable travers\u00e9e du d\u00e9sert \u00e0 Hollywood<\/a>. Elle s&rsquo;est \u00e9galement retrouv\u00e9e ruin\u00e9e. \u00ab\u00a0J&rsquo;ai perdu tout ce que j&rsquo;avais. J&rsquo;ai perdu ma place \u00e0 Hollywood\u00a0\u00bb, avait-elle r\u00e9v\u00e9l\u00e9 aupr\u00e8s de Variety en 2019, ajoutant que les probl\u00e8mes d&rsquo;AVC sont courants dans sa famille : \u00ab\u00a0Ma m\u00e8re a eu un AVC, ma grand-m\u00e8re a eu un AVC, et j&rsquo;ai moi-m\u00eame v\u00e9cu une grave attaque c\u00e9r\u00e9brale : l&rsquo;h\u00e9morragie a dur\u00e9 neuf jours.\u00a0\u00bb Depuis cette grosse frayeur, la com\u00e9dienne a r\u00e9v\u00e9l\u00e9 avoir chang\u00e9 sa fa\u00e7on de vivre. \u00ab\u00a0J&rsquo;\u00e9vite l&rsquo;alcool et les aliments transform\u00e9s, m\u00eame si j&rsquo;admets que les chips peuvent parfois me tenter. En plus des exercices physiques, je prends aussi, et surtout, soin de mon visage\u00a0\u00bb, expliquait-elle \u00e0 Gala l&rsquo;an pass\u00e9. Si elle souffre de s\u00e9quelles, Sharon Stone fait tout ce qu&rsquo;elle peut pour prendre soin d&rsquo;elle.<\/p>\n<p class=\"mb-4 text-lg md:leading-8 break-words\">Ce qu&rsquo;il faut retenir :<\/p>\n<p class=\"mb-4 text-lg md:leading-8 break-words\">Sharon Stone s&rsquo;est confi\u00e9e sur les s\u00e9quelles avec lesquelles elle vit depuis son AVC.<\/p>\n<p class=\"mb-4 text-lg md:leading-8 break-words\">Elle a r\u00e9v\u00e9l\u00e9 qu&rsquo;elle \u00e9tait d\u00e9sormais sujette \u00e0 des troubles convulsifs et \u00e0 des migraines.<\/p>\n<p class=\"mb-4 text-lg md:leading-8 break-words\">L&rsquo;actrice a \u00e9galement pris le temps d&rsquo;avoir une r\u00e9flexion plus globale sur la fa\u00e7on dont les personnes atteintes d&rsquo;un handicap invisible sont trait\u00e9es dans la soci\u00e9t\u00e9.<\/p>\n<p class=\"mb-4 text-lg md:leading-8 break-words\"><a class=\"link \" href=\"https:\/\/www.femmeactuelle.fr\/actu\/news-actu\/je-dois-faire-attention-sharon-stone-revient-sur-les-sequelles-de-son-avc-survenu-il-y-a-25-ans-2208218\" data-i13n=\"cpos:5;pos:1\" rel=\"nofollow noopener\" target=\"_blank\" data-ylk=\"elm:link;elmt:article_link;slk:Lire l&#039;article sur le site de Femme Actuelle;cpos:5;pos:1;itc:0;sec:content-canvas\" data-yga=\"{&quot;yLinkPosition&quot;:&quot;5&quot;,&quot;yLinkElement&quot;:&quot;context_link&quot;,&quot;yPosition&quot;:&quot;1&quot;,&quot;yModuleName&quot;:&quot;content-canvas&quot;,&quot;yLinkText&quot;:&quot;Lire l&#039;article sur le site de Femme Actuelle&quot;,&quot;yHasCommerce&quot;:false}\">Lire l&rsquo;article sur le site de Femme Actuelle<\/a><\/p>\n","protected":false},"excerpt":{"rendered":"Elle fait partie des actrices les plus connues au monde. Mais si sa carri\u00e8re est un pan important&hellip;\n","protected":false},"author":2,"featured_media":130255,"comment_status":"","ping_status":"","sticky":false,"template":"","format":"standard","meta":{"footnotes":"","_share_on_mastodon":"0"},"categories":[102],"tags":[11338,12,13,18,17,129,128,96,95,109,44894,28472],"class_list":["post-130254","post","type-post","status-publish","format-standard","has-post-thumbnail","category-people","tag-avc","tag-be","tag-be-fr","tag-belgique","tag-belgium","tag-celebrities","tag-celebrity","tag-divertissement","tag-entertainment","tag-people","tag-sequelles","tag-sharon-stone"],"share_on_mastodon":{"url":"https:\/\/pubeurope.com\/@be_fr\/116694142602862923","error":""},"_links":{"self":[{"href":"https:\/\/www.europesays.com\/be-fr\/wp-json\/wp\/v2\/posts\/130254","targetHints":{"allow":["GET"]}}],"collection":[{"href":"https:\/\/www.europesays.com\/be-fr\/wp-json\/wp\/v2\/posts"}],"about":[{"href":"https:\/\/www.europesays.com\/be-fr\/wp-json\/wp\/v2\/types\/post"}],"author":[{"embeddable":true,"href":"https:\/\/www.europesays.com\/be-fr\/wp-json\/wp\/v2\/users\/2"}],"replies":[{"embeddable":true,"href":"https:\/\/www.europesays.com\/be-fr\/wp-json\/wp\/v2\/comments?post=130254"}],"version-history":[{"count":0,"href":"https:\/\/www.europesays.com\/be-fr\/wp-json\/wp\/v2\/posts\/130254\/revisions"}],"wp:featuredmedia":[{"embeddable":true,"href":"https:\/\/www.europesays.com\/be-fr\/wp-json\/wp\/v2\/media\/130255"}],"wp:attachment":[{"href":"https:\/\/www.europesays.com\/be-fr\/wp-json\/wp\/v2\/media?parent=130254"}],"wp:term":[{"taxonomy":"category","embeddable":true,"href":"https:\/\/www.europesays.com\/be-fr\/wp-json\/wp\/v2\/categories?post=130254"},{"taxonomy":"post_tag","embeddable":true,"href":"https:\/\/www.europesays.com\/be-fr\/wp-json\/wp\/v2\/tags?post=130254"}],"curies":[{"name":"wp","href":"https:\/\/api.w.org\/{rel}","templated":true}]}}