{"id":130320,"date":"2026-06-05T00:08:14","date_gmt":"2026-06-05T00:08:14","guid":{"rendered":"https:\/\/www.europesays.com\/be-fr\/130320\/"},"modified":"2026-06-05T00:08:14","modified_gmt":"2026-06-05T00:08:14","slug":"crash-dhelicoptere-dans-le-devon-qui-etaient-les-victimes-de-ce-tragique-accident","status":"publish","type":"post","link":"https:\/\/www.europesays.com\/be-fr\/130320\/","title":{"rendered":"Crash d&rsquo;h\u00e9licopt\u00e8re dans le Devon : qui \u00e9taient les victimes de ce tragique accident ?"},"content":{"rendered":"<p class=\"ap-StoryElement ap-StoryElement--mb ap-StoryText\">\u00ab\u00a0Sa disparition constitue une perte majeure pour la Royal Navy, la force et l&rsquo;escadron. Elle a inspir\u00e9 d&rsquo;innombrables personnes, en particulier de jeunes femmes, \u00e0 poursuivre leurs ambitions. Tout indiquait qu&rsquo;une brillante carri\u00e8re d&rsquo;aviatrice navale l&rsquo;attendait\u00a0\u00bb, commente la Marine royale.<\/p>\n<p class=\"ap-StoryElement ap-StoryElement--mb ap-StoryText\">La lieutenante Lily-Mae Fisher avait \u00e9galement \u00e9t\u00e9 mise en avant par l&rsquo;OTAN :<\/p>\n<p class=\"ap-StoryElement ap-StoryElement--mb ap-StoryText\">Chris Grayson \u00e9tait un officier pilote de la Royal Navy depuis 2008. Il avait servi en Norv\u00e8ge, en Jordanie et en Afghanistan \u00e0 bord d&rsquo;h\u00e9licopt\u00e8res Sea King Mk4. Instructeur puis cadre au sein du Joint Aviation Command, il avait rejoint en 2025 le 846 Naval Air Squadron pour piloter le Merlin Mk4. Ce \u00ab\u00a0professionnel exemplaire\u00a0\u00bb \u00e9tait aussi un p\u00e8re de famille \u00ab\u00a0profond\u00e9ment d\u00e9vou\u00e9\u00a0\u00bb selon ses proches.<\/p>\n<p class=\"ap-StoryElement ap-StoryElement--mb ap-StoryText\">Owen Green avait rejoint la Royal Navy en 2022 et s&rsquo;\u00e9tait rapidement distingu\u00e9 comme membre d&rsquo;\u00e9quipage a\u00e9rien au sein du 845 Naval Air Squadron, avant d&rsquo;obtenir ses ailes d&rsquo;\u00e9quipier a\u00e9rien en 2025. Le jeune militaire avait particip\u00e9 \u00e0 plusieurs exercices majeurs et d\u00e9velopp\u00e9 une expertise dans les op\u00e9rations men\u00e9es dans des conditions arctiques extr\u00eames.<\/p>\n<p class=\"ap-StoryElement ap-StoryElement--mb ap-StoryText\">Selon les premiers \u00e9l\u00e9ments de l&rsquo;enqu\u00eate, les conditions m\u00e9t\u00e9orologiques \u00e9taient particuli\u00e8rement mauvaises au moment de l&rsquo;accident. Les militaires ont d\u00fb faire face \u00e0 des vents importants, de fortes pluies et une faible visibilit\u00e9. Lorsqu&rsquo;il s&rsquo;est \u00e9cras\u00e9, l&rsquo;appareil a \u00e9t\u00e9 totalement d\u00e9truit.<\/p>\n<p><img loading=\"lazy\" decoding=\"async\" class=\"w-full lazyload lazyload--opacity object-contain\" style=\"aspect-ratio:150 \/ 100;opacity:1\" alt=\"Inspectors at the scene a day after a Royal Navy helicopter crashed in a field, in Sourton Down, near Okehampton in Devon, England, Thursday, June 4, 2026, (PA via AP)\" width=\"768\" height=\"512\" fetchpriority=\"auto\" src=\"https:\/\/www.europesays.com\/be-fr\/wp-content\/uploads\/2026\/06\/1780618093_418_S5VKD3X55FFF3BW6V4SEHXNP7I.png\"  data- data-optimumx=\"1\"\/><img loading=\"lazy\" decoding=\"async\" src=\"https:\/\/www.europesays.com\/be-fr\/wp-content\/uploads\/2026\/06\/B67IMPMG4FAO5IYUWRREAJ6FZY.jpg\" width=\"768\" height=\"512\" alt=\"Inspectors at the scene a day after a Royal Navy helicopter crashed in a field, in Sourton Down, near Okehampton in Devon, England, Thursday, June 4, 2026, (PA via AP)\" class=\"absolute inset-0 w-full\"\/><\/p>\n<p class=\"ap-StoryElement ap-StoryElement--mb ap-StoryText\">En 2024, le crash d&rsquo;un h\u00e9licopt\u00e8re Merlin Mk4 dans la Manche a co\u00fbt\u00e9 la vie au lieutenant Rhodri Leyshon.<\/p>\n","protected":false},"excerpt":{"rendered":"\u00ab\u00a0Sa disparition constitue une perte majeure pour la Royal Navy, la force et l&rsquo;escadron. Elle a inspir\u00e9 d&rsquo;innombrables&hellip;\n","protected":false},"author":2,"featured_media":130321,"comment_status":"","ping_status":"","sticky":false,"template":"","format":"standard","meta":{"footnotes":"","_share_on_mastodon":"0"},"categories":[9],"tags":[4086,41,12,13,1488,44140,1526,18,17,1527,1528,1529,532,1080,482,31,1533,1404,23104,939,44903,1540,1541,1544,1545,906,369,910,4087,14852,1548,1082,32],"class_list":["post-130320","post","type-post","status-publish","format-standard","has-post-thumbnail","category-international","tag-tomassisk","tag-41","tag-be","tag-be-fr","tag-belgian","tag-belgian-red-devils","tag-belgie","tag-belgique","tag-belgium","tag-devils","tag-diables","tag-duivels","tag-equipe","tag-foot","tag-football","tag-international","tag-kbvb","tag-media","tag-media-activities","tag-national","tag-nationale-ploeg","tag-rbfa","tag-red","tag-rode","tag-rouges","tag-soccer","tag-sport","tag-team","tag-tomas-sisk","tag-tubize","tag-urbsfa","tag-voetbal","tag-world-news"],"share_on_mastodon":{"url":"https:\/\/pubeurope.com\/@be_fr\/116694594870980182","error":""},"_links":{"self":[{"href":"https:\/\/www.europesays.com\/be-fr\/wp-json\/wp\/v2\/posts\/130320","targetHints":{"allow":["GET"]}}],"collection":[{"href":"https:\/\/www.europesays.com\/be-fr\/wp-json\/wp\/v2\/posts"}],"about":[{"href":"https:\/\/www.europesays.com\/be-fr\/wp-json\/wp\/v2\/types\/post"}],"author":[{"embeddable":true,"href":"https:\/\/www.europesays.com\/be-fr\/wp-json\/wp\/v2\/users\/2"}],"replies":[{"embeddable":true,"href":"https:\/\/www.europesays.com\/be-fr\/wp-json\/wp\/v2\/comments?post=130320"}],"version-history":[{"count":0,"href":"https:\/\/www.europesays.com\/be-fr\/wp-json\/wp\/v2\/posts\/130320\/revisions"}],"wp:featuredmedia":[{"embeddable":true,"href":"https:\/\/www.europesays.com\/be-fr\/wp-json\/wp\/v2\/media\/130321"}],"wp:attachment":[{"href":"https:\/\/www.europesays.com\/be-fr\/wp-json\/wp\/v2\/media?parent=130320"}],"wp:term":[{"taxonomy":"category","embeddable":true,"href":"https:\/\/www.europesays.com\/be-fr\/wp-json\/wp\/v2\/categories?post=130320"},{"taxonomy":"post_tag","embeddable":true,"href":"https:\/\/www.europesays.com\/be-fr\/wp-json\/wp\/v2\/tags?post=130320"}],"curies":[{"name":"wp","href":"https:\/\/api.w.org\/{rel}","templated":true}]}}