{"id":131174,"date":"2026-06-05T15:47:07","date_gmt":"2026-06-05T15:47:07","guid":{"rendered":"https:\/\/www.europesays.com\/be-fr\/131174\/"},"modified":"2026-06-05T15:47:07","modified_gmt":"2026-06-05T15:47:07","slug":"nouvelles-fuites-a-bord-de-liss-lastronaute-sophie-adenot-et-son-equipage-confines-en-urgence-dans-leur-capsule","status":"publish","type":"post","link":"https:\/\/www.europesays.com\/be-fr\/131174\/","title":{"rendered":"\u00ab\u00a0Nouvelles fuites\u00a0\u00bb \u00e0 bord de l&rsquo;ISS: l&rsquo;astronaute Sophie Adenot et son \u00e9quipage confin\u00e9s en urgence dans leur capsule"},"content":{"rendered":"<p class=\"ap-StoryElement ap-StoryElement--mb ap-StoryText\">Plusieurs astronautes, dont la Fran\u00e7aise Sophie Adenot, ont quitt\u00e9 vendredi temporairement la Station spatiale internationale (ISS) pour se mettre \u00e0 l&rsquo;abri dans leur vaisseau y \u00e9tant attach\u00e9, le temps que l&rsquo;agence spatiale russe Roscosmos m\u00e8ne des r\u00e9parations sur une leurs structures, a fait savoir la Nasa.<\/p>\n<p class=\"ap-StoryElement ap-StoryElement--mb ap-StoryText\">\u00ab\u00a0A la suite de nouvelles fuites\u00a0\u00bb d\u00e9tect\u00e9es sur une portion du module russe Zvezda de l&rsquo;ISS, l&rsquo;agence \u00ab\u00a0Roscosmos a d\u00e9cid\u00e9 de proc\u00e9der \u00e0 une op\u00e9ration de r\u00e9paration plus \u00e9tendue le vendredi 5 juin\u00a0\u00bb, a expliqu\u00e9 une porte-parole de la Nasa sur X.<\/p>\n","protected":false},"excerpt":{"rendered":"Plusieurs astronautes, dont la Fran\u00e7aise Sophie Adenot, ont quitt\u00e9 vendredi temporairement la Station spatiale internationale (ISS) pour se&hellip;\n","protected":false},"author":2,"featured_media":131175,"comment_status":"","ping_status":"","sticky":false,"template":"","format":"standard","meta":{"footnotes":"","_share_on_mastodon":"0"},"categories":[70],"tags":[12,13,18,17,45127,1918,151,331,73,71,75,72,1919,76,74,567],"class_list":["post-131174","post","type-post","status-publish","format-standard","has-post-thumbnail","category-sciences-et-technologies","tag-be","tag-be-fr","tag-belgique","tag-belgium","tag-chris-williams","tag-espace","tag-france","tag-russie","tag-science","tag-science-and-technology","tag-sciences","tag-sciences-et-technologies","tag-sophie-adenot","tag-technologies","tag-technology","tag-usa"],"share_on_mastodon":{"url":"https:\/\/pubeurope.com\/@be_fr\/116698287157835410","error":""},"_links":{"self":[{"href":"https:\/\/www.europesays.com\/be-fr\/wp-json\/wp\/v2\/posts\/131174","targetHints":{"allow":["GET"]}}],"collection":[{"href":"https:\/\/www.europesays.com\/be-fr\/wp-json\/wp\/v2\/posts"}],"about":[{"href":"https:\/\/www.europesays.com\/be-fr\/wp-json\/wp\/v2\/types\/post"}],"author":[{"embeddable":true,"href":"https:\/\/www.europesays.com\/be-fr\/wp-json\/wp\/v2\/users\/2"}],"replies":[{"embeddable":true,"href":"https:\/\/www.europesays.com\/be-fr\/wp-json\/wp\/v2\/comments?post=131174"}],"version-history":[{"count":0,"href":"https:\/\/www.europesays.com\/be-fr\/wp-json\/wp\/v2\/posts\/131174\/revisions"}],"wp:featuredmedia":[{"embeddable":true,"href":"https:\/\/www.europesays.com\/be-fr\/wp-json\/wp\/v2\/media\/131175"}],"wp:attachment":[{"href":"https:\/\/www.europesays.com\/be-fr\/wp-json\/wp\/v2\/media?parent=131174"}],"wp:term":[{"taxonomy":"category","embeddable":true,"href":"https:\/\/www.europesays.com\/be-fr\/wp-json\/wp\/v2\/categories?post=131174"},{"taxonomy":"post_tag","embeddable":true,"href":"https:\/\/www.europesays.com\/be-fr\/wp-json\/wp\/v2\/tags?post=131174"}],"curies":[{"name":"wp","href":"https:\/\/api.w.org\/{rel}","templated":true}]}}