{"id":131272,"date":"2026-06-05T17:09:12","date_gmt":"2026-06-05T17:09:12","guid":{"rendered":"https:\/\/www.europesays.com\/be-fr\/131272\/"},"modified":"2026-06-05T17:09:12","modified_gmt":"2026-06-05T17:09:12","slug":"un-camion-heurte-un-pont-a-bruxelles-la-circulation-du-metro-et-des-trains-suspendue","status":"publish","type":"post","link":"https:\/\/www.europesays.com\/be-fr\/131272\/","title":{"rendered":"Un camion heurte un pont \u00e0 Bruxelles : la circulation du m\u00e9tro et des trains suspendue"},"content":{"rendered":"<p class=\"ap-StoryElement ap-StoryElement--mb ap-StoryText\">C&rsquo;est ce qu&rsquo;ont annonc\u00e9 <a href=\"https:\/\/www.dhnet.be\/regions\/bruxelles\/bruxelles-mobilite\/2026\/05\/27\/la-stib-gele-ses-recrutements-en-2026-y-compris-les-techniciens-et-les-conducteurs-les-departs-ne-sont-plus-compenses-2TKTJ4ZXDRAYPMLYT4HOQ3HCGU\/\" target=\"_self\" rel=\"nofollow noopener\">la STIB<\/a> et les pompiers de Bruxelles. Le trafic m\u00e9tropolitain et ferroviaire a \u00e9t\u00e9 interrompu et les autres v\u00e9hicules doivent emprunter un itin\u00e9raire de d\u00e9viation.<\/p>\n<p class=\"ap-StoryElement ap-StoryElement--mb ap-StoryText\">Selon les pompiers, le camion \u00e9tait trop haut pour passer sous le pont. Il n&rsquo;y a pas eu de bless\u00e9s, mais le camion et le pont ont tous deux \u00e9t\u00e9 endommag\u00e9s lors de la collision. Du liquide hydraulique s&rsquo;est ainsi r\u00e9pandu sur la chauss\u00e9e. Les pompiers sont sur place pour le nettoyer.<\/p>\n","protected":false},"excerpt":{"rendered":"C&rsquo;est ce qu&rsquo;ont annonc\u00e9 la STIB et les pompiers de Bruxelles. Le trafic m\u00e9tropolitain et ferroviaire a \u00e9t\u00e9&hellip;\n","protected":false},"author":2,"featured_media":131273,"comment_status":"","ping_status":"","sticky":false,"template":"","format":"standard","meta":{"footnotes":"","_share_on_mastodon":"0"},"categories":[2],"tags":[9296,7061,41,4610,12,13,18,17,4050,271,4051,4052,16082,2311,4061,968,3441,7066,4063,406,4064,4065,3566,9297,2256,369,4067,45152,661,45153,3904,31062,19364,2982,4077,4078,4079,4080,4081],"class_list":["post-131272","post","type-post","status-publish","format-standard","has-post-thumbnail","category-belgique","tag-smetssebastien","tag-2-pro","tag-41","tag-aubel","tag-be","tag-be-fr","tag-belgique","tag-belgium","tag-cycling","tag-cyclisme","tag-elite","tag-etape","tag-ethias","tag-hommes","tag-mannen","tag-men","tag-pro","tag-proseries","tag-rit","tag-road","tag-roadcycling","tag-ronde","tag-route","tag-sebastien-smets","tag-series","tag-sport","tag-stage","tag-tdw","tag-tour","tag-tourdewallonie","tag-uci","tag-van","tag-wallonia","tag-wallonie","tag-weg","tag-wegrit","tag-wielrennen","tag-world","tag-world-tour"],"share_on_mastodon":{"url":"https:\/\/pubeurope.com\/@be_fr\/116698609471310924","error":""},"_links":{"self":[{"href":"https:\/\/www.europesays.com\/be-fr\/wp-json\/wp\/v2\/posts\/131272","targetHints":{"allow":["GET"]}}],"collection":[{"href":"https:\/\/www.europesays.com\/be-fr\/wp-json\/wp\/v2\/posts"}],"about":[{"href":"https:\/\/www.europesays.com\/be-fr\/wp-json\/wp\/v2\/types\/post"}],"author":[{"embeddable":true,"href":"https:\/\/www.europesays.com\/be-fr\/wp-json\/wp\/v2\/users\/2"}],"replies":[{"embeddable":true,"href":"https:\/\/www.europesays.com\/be-fr\/wp-json\/wp\/v2\/comments?post=131272"}],"version-history":[{"count":0,"href":"https:\/\/www.europesays.com\/be-fr\/wp-json\/wp\/v2\/posts\/131272\/revisions"}],"wp:featuredmedia":[{"embeddable":true,"href":"https:\/\/www.europesays.com\/be-fr\/wp-json\/wp\/v2\/media\/131273"}],"wp:attachment":[{"href":"https:\/\/www.europesays.com\/be-fr\/wp-json\/wp\/v2\/media?parent=131272"}],"wp:term":[{"taxonomy":"category","embeddable":true,"href":"https:\/\/www.europesays.com\/be-fr\/wp-json\/wp\/v2\/categories?post=131272"},{"taxonomy":"post_tag","embeddable":true,"href":"https:\/\/www.europesays.com\/be-fr\/wp-json\/wp\/v2\/tags?post=131272"}],"curies":[{"name":"wp","href":"https:\/\/api.w.org\/{rel}","templated":true}]}}