{"id":131565,"date":"2026-06-05T22:46:11","date_gmt":"2026-06-05T22:46:11","guid":{"rendered":"https:\/\/www.europesays.com\/be-fr\/131565\/"},"modified":"2026-06-05T22:46:11","modified_gmt":"2026-06-05T22:46:11","slug":"pour-le-chef-de-cabinet-delisabeth-degryse-il-ne-faut-surtout-pas-toucher-a-loi-speciale-de-financement","status":"publish","type":"post","link":"https:\/\/www.europesays.com\/be-fr\/131565\/","title":{"rendered":"Pour le chef de cabinet d&rsquo;Elisabeth Degryse, \u00ab\u00a0Il ne faut surtout pas toucher \u00e0 Loi sp\u00e9ciale de financement\u00a0\u00bb"},"content":{"rendered":"<p class=\"ap-StoryElement ap-StoryElement--mb ap-StoryText\">Bien s\u00fbr, ce n&rsquo;est pas parce que le Bureau du Plan en parle que celle-ci sera forc\u00e9ment revue. D&rsquo;autant qu&rsquo;on ne modifie pas une loi sp\u00e9ciale avec une majorit\u00e9 simple et que l&rsquo;on imagine mal les francophones qui si\u00e8gent au sein de l&rsquo;Arizona (MR et Les Engag\u00e9s) aller dans ce sens. N\u00e9anmoins, c\u00f4t\u00e9 francophone, certains craignent que cette id\u00e9e ne finisse par percoler. C&rsquo;est le cas du chef de cabinet de la <a href=\"https:\/\/www.lalibre.be\/belgique\/politique-belge\/2026\/05\/30\/elisabeth-degryse-si-la-creation-dun-cdi-pour-les-enseignants-est-impayable-nous-ne-la-ferons-pas-A2VCBWVUWVC6PCO44CUGHDK2O4\/\" target=\"_self\" rel=\"nofollow noopener\">ministre-Pr\u00e9sidente de la F\u00e9d\u00e9ration Wallonie-Bruxelles<\/a>, Laurent de Briey (Les Engag\u00e9s). \u00ab\u00a0Ce serait une mauvaise id\u00e9e de revoir la loi sp\u00e9ciale de financement \u00e0 la baisse parce qu&rsquo;elle nous sera plus favorable dans les ann\u00e9es qui viennent\u00a0\u00bb, souligne-t-il.<\/p>\n<p><a href=\"https:\/\/www.lalibre.be\/belgique\/politique-belge\/2026\/05\/30\/elisabeth-degryse-si-la-creation-dun-cdi-pour-les-enseignants-est-impayable-nous-ne-la-ferons-pas-A2VCBWVUWVC6PCO44CUGHDK2O4\/\" target=\"_self\" class=\"ap-StoryInterstitialLink ap-StoryElement ap-StoryElement--mb\" rel=\"nofollow noopener\">Elisabeth Degryse : \u00ab\u00a0Si la cr\u00e9ation d&rsquo;un CDI pour les enseignants est impayable, nous ne la ferons pas\u00a0\u00bb<\/a><\/p>\n<p class=\"ap-StoryElement ap-StoryElement--mb ap-StoryText\">Cet \u00e9l\u00e9ment avanc\u00e9 par Monsieur de Briey est aussi celui de l&rsquo;opposition qui consid\u00e8re que ce futur proche budg\u00e9taire plus favorable aux finances francophones devrait encourager le gouvernement \u00e0 reculer sur les \u00e9conomies d\u00e9cid\u00e9es en octobre dernier. Cela soulagerait l&rsquo;ensemble des secteurs, notamment l&rsquo;enseignement qui fut au c\u0153ur des discussions et du courroux des profs jeudi devant et dans le Parlement. Inutile de revenir l\u00e0-dessus\u2026<\/p>\n<p class=\"ap-StoryElement ap-StoryElement--mb ap-StoryText\">Laurent de Briey ne partage cependant pas ce point de vue. \u00c0 ses yeux, c&rsquo;est \u00ab\u00a0parce que nous allons r\u00e9aliser des \u00e9conomies que la LSF sera plus favorable. Si nous ne faisons rien, tout cela nous servira juste \u00e0 rembourser de la dette au lieu de r\u00e9duire le d\u00e9ficit\u00a0\u00bb. Et par ce biais, le chef de cabinet rappelle ce que sa patronne, Elisabeth Degryse (Les Engag\u00e9s), mart\u00e8le depuis de nombreuses semaines : \u00ab\u00a0Les \u00e9conomies r\u00e9alis\u00e9es permettront de retrouver des moyens pour investir \u00e0 nouveau\u00a0\u00bb.<\/p>\n<p><a href=\"https:\/\/www.lalibre.be\/belgique\/politique-belge\/2026\/06\/04\/degryse-et-glatigny-rappellent-que-des-mesures-daccompagnements-sont-prevues-pour-attenuer-les-effets-du-decret-CCBVPCFWCRHXXIMVKQVKEHXCUM\/\" target=\"_self\" class=\"ap-StoryInterstitialLink ap-StoryElement ap-StoryElement--mb\" rel=\"nofollow noopener\">Degryse et Glatigny rappellent que des mesures d&rsquo;accompagnements sont pr\u00e9vues pour att\u00e9nuer les effets du d\u00e9cret<\/a>L&rsquo;\u00e9volution d\u00e9mographique<\/p>\n<p class=\"ap-StoryElement ap-StoryElement--mb ap-StoryText\">Quelles sont les raisons de cette am\u00e9lioration naturelle des finances francophones dans les ann\u00e9es qui viennent ? \u00ab\u00a0En 2028, la cotisation de responsabilisation pour les pensions aura atteint sa vitesse de croisi\u00e8re. Nos recettes \u00e9volueront \u00e0 nouveau avec le coefficient d&rsquo;adaptation d\u00e9mographique. En effet, ce calcul qui se base sur l&rsquo;\u00e9volution d\u00e9mographique dans les deux communaut\u00e9s depuis 1989 va s&rsquo;inverser et cela aura un impact \u00e0 la hausse sur la dotation \u2212 L&rsquo;\u00e9volution c\u00f4t\u00e9 francophone va diminuer\u00a0\u00bb, pr\u00e9cise Laurent De Briey. Il explique aussi que \u00ab\u00a0le m\u00e9canisme de transition continuera \u00e0 se r\u00e9duire. Cela am\u00e9liorera notre situation budg\u00e9taire d&rsquo;environ une centaine de millions d&rsquo;euros par an\u00a0\u00bb.<\/p>\n<p class=\"ap-StoryElement ap-StoryElement--mb ap-StoryText\">Il ajoute \u00e0 cela que \u00ab\u00a0le recul d\u00e9mographique qui a pes\u00e9 n\u00e9gativement sur nos recettes dans un premier temps devrait \u00e9galement signifier une r\u00e9duction de nos d\u00e9penses, tandis que les co\u00fbts commenceront \u00e0 se r\u00e9duire, notamment gr\u00e2ce \u00e0 la politique de lutte contre le redoublement\u00a0\u00bb.<\/p>\n","protected":false},"excerpt":{"rendered":"Bien s\u00fbr, ce n&rsquo;est pas parce que le Bureau du Plan en parle que celle-ci sera forc\u00e9ment revue.&hellip;\n","protected":false},"author":2,"featured_media":131566,"comment_status":"","ping_status":"","sticky":false,"template":"","format":"standard","meta":{"footnotes":"","_share_on_mastodon":"0"},"categories":[8],"tags":[10,12,13,18,17,26523,45261,11,4484,1431,1433,104],"class_list":["post-131565","post","type-post","status-publish","format-standard","has-post-thumbnail","category-actualites","tag-actualites","tag-be","tag-be-fr","tag-belgique","tag-belgium","tag-federation-wallonie-bruxelles","tag-fedwalbru","tag-news","tag-parlement","tag-plenaire","tag-pleniere","tag-politics"],"share_on_mastodon":{"url":"https:\/\/pubeurope.com\/@be_fr\/116699934649644222","error":""},"_links":{"self":[{"href":"https:\/\/www.europesays.com\/be-fr\/wp-json\/wp\/v2\/posts\/131565","targetHints":{"allow":["GET"]}}],"collection":[{"href":"https:\/\/www.europesays.com\/be-fr\/wp-json\/wp\/v2\/posts"}],"about":[{"href":"https:\/\/www.europesays.com\/be-fr\/wp-json\/wp\/v2\/types\/post"}],"author":[{"embeddable":true,"href":"https:\/\/www.europesays.com\/be-fr\/wp-json\/wp\/v2\/users\/2"}],"replies":[{"embeddable":true,"href":"https:\/\/www.europesays.com\/be-fr\/wp-json\/wp\/v2\/comments?post=131565"}],"version-history":[{"count":0,"href":"https:\/\/www.europesays.com\/be-fr\/wp-json\/wp\/v2\/posts\/131565\/revisions"}],"wp:featuredmedia":[{"embeddable":true,"href":"https:\/\/www.europesays.com\/be-fr\/wp-json\/wp\/v2\/media\/131566"}],"wp:attachment":[{"href":"https:\/\/www.europesays.com\/be-fr\/wp-json\/wp\/v2\/media?parent=131565"}],"wp:term":[{"taxonomy":"category","embeddable":true,"href":"https:\/\/www.europesays.com\/be-fr\/wp-json\/wp\/v2\/categories?post=131565"},{"taxonomy":"post_tag","embeddable":true,"href":"https:\/\/www.europesays.com\/be-fr\/wp-json\/wp\/v2\/tags?post=131565"}],"curies":[{"name":"wp","href":"https:\/\/api.w.org\/{rel}","templated":true}]}}