{"id":132398,"date":"2026-06-06T21:56:09","date_gmt":"2026-06-06T21:56:09","guid":{"rendered":"https:\/\/www.europesays.com\/be-fr\/132398\/"},"modified":"2026-06-06T21:56:09","modified_gmt":"2026-06-06T21:56:09","slug":"garcia-les-deux-appels-les-plus-difficiles-de-ma-vie","status":"publish","type":"post","link":"https:\/\/www.europesays.com\/be-fr\/132398\/","title":{"rendered":"Garcia : \u00ab\u00a0Les deux appels les plus difficiles de ma vie\u00a0\u00bb"},"content":{"rendered":"<p class=\"article__intro\">\n\t\t\t\t\tLe s\u00e9lectionneur national Rudi Garcia a retenu 26 joueurs pour la Coupe du monde. Le technicien fran\u00e7ais a particuli\u00e8rement h\u00e9sit\u00e9 sur deux cas pr\u00e9cis. \u00c9carter deux joueurs qui avaient toujours r\u00e9pondu pr\u00e9sent a \u00e9t\u00e9 un choix tr\u00e8s lourd \u00e0 porter pour le s\u00e9lectionneur, comme il s&rsquo;en est expliqu\u00e9 dans Het Belang van Limburg.\n\t\t\t\t<\/p>\n<p>Fernandez-Pardo bien pr\u00e9sent<\/p>\n<p data-path-to-node=\"2\">Matias Fernandez-Pardo a bel et bien \u00e9t\u00e9 appel\u00e9. S&rsquo;il n&rsquo;avait pas encore disput\u00e9 la moindre minute pour les Diables Rouges auparavant, il a en revanche brill\u00e9 avec le Lille OSC. Un choix qui s&rsquo;est fait au d\u00e9triment de Lo\u00efs Openda, rest\u00e9 \u00e0 la maison. Ce dernier est en plein doute en club depuis maintenant deux ans et n&rsquo;a encore jamais r\u00e9ussi \u00e0 convaincre sous le maillot des Diables Rouges.<\/p>\n<p data-path-to-node=\"3\">\u00ab J&#8217;emm\u00e8ne Matias parce qu&rsquo;il est en forme, et cela se fait malheureusement aux d\u00e9pens de Lo\u00efs Openda. Les coups de t\u00e9l\u00e9phone pass\u00e9s \u00e0 Openda et \u00e0 Matz Sels pour leur annoncer qu&rsquo;ils ne faisaient pas partie de la s\u00e9lection pour le Mondial ont \u00e9t\u00e9 les plus difficiles de ma carri\u00e8re \u00bb, a confi\u00e9 Garcia.<\/p>\n<p>Pas d&rsquo;Openda ni de Sels dans la s\u00e9lection pour le Mondial<\/p>\n<p data-path-to-node=\"2\">Il a n\u00e9anmoins tenu \u00e0 saluer l&rsquo;attitude de Sels et d&rsquo;Openda. \u00ab Ils ont r\u00e9agi avec beaucoup de classe. Lo\u00efs m&rsquo;a dit : \u00ab\u00a0Je comprends, coach. Bonne chance pour la Coupe du monde.\u00a0\u00bb Openda ne joue pas assez \u00e0 la Juventus et, avec les Diables, il n&rsquo;a pas toujours apport\u00e9 ce que l&rsquo;on esp\u00e9rait \u00bb, a ajout\u00e9 Garcia.<\/p>\n<p data-path-to-node=\"2\">\u00ab On a pu voir aussi du c\u00f4t\u00e9 de l&rsquo;Angleterre que Cole Palmer et Phil Foden n&rsquo;ont pas \u00e9t\u00e9 retenus. Le s\u00e9lectionneur Thomas Tuchel l&rsquo;a tr\u00e8s bien formul\u00e9 : on ne prend pas forc\u00e9ment les 26 meilleurs joueurs. On prend 26 joueurs qui sont compl\u00e9mentaires, sur le terrain comme en dehors. Mes adjoints veillent eux aussi \u00e0 pr\u00e9server cette bonne dynamique de groupe \u00bb, a conclu Garcia.<\/p>\n<p style=\"font-size: 1.1rem; font-weight: normal; margin: 1.5em 0; line-height: 1.6;\">\n\t\t\t\t\t\t\t\t\tLIRE AUSSI:<br \/>\n\t\t\t\t\t\t\t\t\t<a href=\"https:\/\/www.footnews.be\/news\/507430\/mercato-les-folies-a-lantwerp-cest-termine-\" style=\"color: #4CAF50; font-weight: normal; !important; text-decoration: underline;\" rel=\"nofollow noopener\" target=\"_blank\">MERCATO &#8211; Les folies \u00e0 l&rsquo;Antwerp, c&rsquo;est termin\u00e9 ! <\/a>\n\t\t\t\t\t\t\t<\/p>\n","protected":false},"excerpt":{"rendered":"Le s\u00e9lectionneur national Rudi Garcia a retenu 26 joueurs pour la Coupe du monde. Le technicien fran\u00e7ais a&hellip;\n","protected":false},"author":2,"featured_media":132399,"comment_status":"","ping_status":"","sticky":false,"template":"","format":"standard","meta":{"footnotes":"","_share_on_mastodon":"0"},"categories":[81],"tags":[12,13,18,17,3028,13612,45415,3105,84],"class_list":["post-132398","post","type-post","status-publish","format-standard","has-post-thumbnail","category-sports","tag-be","tag-be-fr","tag-belgique","tag-belgium","tag-diables-rouges","tag-lois-openda","tag-matz-sels","tag-rudi-garcia","tag-sports"],"share_on_mastodon":{"url":"https:\/\/pubeurope.com\/@be_fr\/116705400141458977","error":""},"_links":{"self":[{"href":"https:\/\/www.europesays.com\/be-fr\/wp-json\/wp\/v2\/posts\/132398","targetHints":{"allow":["GET"]}}],"collection":[{"href":"https:\/\/www.europesays.com\/be-fr\/wp-json\/wp\/v2\/posts"}],"about":[{"href":"https:\/\/www.europesays.com\/be-fr\/wp-json\/wp\/v2\/types\/post"}],"author":[{"embeddable":true,"href":"https:\/\/www.europesays.com\/be-fr\/wp-json\/wp\/v2\/users\/2"}],"replies":[{"embeddable":true,"href":"https:\/\/www.europesays.com\/be-fr\/wp-json\/wp\/v2\/comments?post=132398"}],"version-history":[{"count":0,"href":"https:\/\/www.europesays.com\/be-fr\/wp-json\/wp\/v2\/posts\/132398\/revisions"}],"wp:featuredmedia":[{"embeddable":true,"href":"https:\/\/www.europesays.com\/be-fr\/wp-json\/wp\/v2\/media\/132399"}],"wp:attachment":[{"href":"https:\/\/www.europesays.com\/be-fr\/wp-json\/wp\/v2\/media?parent=132398"}],"wp:term":[{"taxonomy":"category","embeddable":true,"href":"https:\/\/www.europesays.com\/be-fr\/wp-json\/wp\/v2\/categories?post=132398"},{"taxonomy":"post_tag","embeddable":true,"href":"https:\/\/www.europesays.com\/be-fr\/wp-json\/wp\/v2\/tags?post=132398"}],"curies":[{"name":"wp","href":"https:\/\/api.w.org\/{rel}","templated":true}]}}