{"id":132784,"date":"2026-06-07T13:03:19","date_gmt":"2026-06-07T13:03:19","guid":{"rendered":"https:\/\/www.europesays.com\/be-fr\/132784\/"},"modified":"2026-06-07T13:03:19","modified_gmt":"2026-06-07T13:03:19","slug":"quelle-epoque-nagui-brigitte-lahaie-tayc-quels-sont-les-invites-ce-samedi-6-juin-de-lemission-de-lea-salame","status":"publish","type":"post","link":"https:\/\/www.europesays.com\/be-fr\/132784\/","title":{"rendered":"Quelle \u00e9poque : Nagui, Brigitte Lahaie, Tayc, quels sont les invit\u00e9s ce samedi 6 juin de l\u2019\u00e9mission de L\u00e9a Salam\u00e9 ?"},"content":{"rendered":"<p>        R\u00e9sum\u00e9<\/p>\n<p>Ce samedi 6 juin, L\u00e9a Salam\u00e9 re\u00e7oit une pluralit\u00e9 d\u2019invit\u00e9s dont Nagui, Matthieu Pigasse, Brigitte Lahaie et Tayc, pour une \u00e9mission m\u00ealant politique, musique et soci\u00e9t\u00e9.<\/p>\n<p>          Sommaire<\/p>\n<p>L\u00e9a Salam\u00e9 remet \u00e7a ce samedi 6 juin sur France 2 avec un nouveau num\u00e9ro de Quelle \u00e9poque !. Comme chaque semaine, l\u2019animatrice sera entour\u00e9e de Hugo Cl\u00e9ment, Paul de Saint Sernin ou encore Charlotte Dhenaux pour une soir\u00e9e qui m\u00ealera politique, musique, soci\u00e9t\u00e9 et t\u00e9l\u00e9vision.<\/p>\n<p>Parmi les invit\u00e9s les plus attendus figure Nagui. L\u2019animateur de N\u2019oubliez pas les paroles traverse une p\u00e9riode particuli\u00e8rement m\u00e9diatique depuis plusieurs jours. Entre sa d\u00e9cision de <a href=\"https:\/\/vsd.fr\/96618-affaire-patrick-bruel-le-presentateur-et-producteur-arthur-recadre-nagui\/\" id=\"https:\/\/vsd.fr\/96618-affaire-patrick-bruel-le-presentateur-et-producteur-arthur-recadre-nagui\/\" rel=\"nofollow noopener\" target=\"_blank\">suspendre les chansons de Patrick Bruel<\/a> dans ses \u00e9missions et <a href=\"https:\/\/www.public.fr\/nagui-poursuit-cyril-hanouna-en-justice-lanimateur-de-tbt9-lui-repond-vire-de-france-inter-intervilles-annule-il-veut-detourner-lattention\" id=\"https:\/\/www.public.fr\/nagui-poursuit-cyril-hanouna-en-justice-lanimateur-de-tbt9-lui-repond-vire-de-france-inter-intervilles-annule-il-veut-detourner-lattention\" rel=\"nofollow noopener\" target=\"_blank\">sa plainte d\u00e9pos\u00e9e contre Cyril Hanouna<\/a> apr\u00e8s plusieurs attaques r\u00e9p\u00e9t\u00e9es, sa venue risque de faire parler. Reste d\u00e9sormais \u00e0 savoir si L\u00e9a Salam\u00e9 l\u2019interrogera directement sur cette guerre m\u00e9diatique qui oppose les deux hommes.<\/p>\n<p>Pigasse en politique ? Tayc apr\u00e8s \u00ab\u00a0The Voice\u00a0\u00bb<\/p>\n<p>Autre nom tr\u00e8s remarqu\u00e9 dans la programmation : Matthieu Pigasse. Le banquier et homme d\u2019affaires sera pr\u00e9sent alors que les rumeurs autour d\u2019une possible candidature \u00e0 la pr\u00e9sidentielle circulent avec insistance depuis plusieurs semaines. M\u00eame si l\u2019int\u00e9ress\u00e9 ne s\u2019est jamais officiellement d\u00e9clar\u00e9, sa pr\u00e9sence dans une \u00e9mission politique et soci\u00e9tale aussi expos\u00e9e ne passera \u00e9videmment pas inaper\u00e7ue.<\/p>\n<p>La chanteuse et ancienne animatrice Brigitte Lahaie sera \u00e9galement sur le plateau, tout comme Tayc. Le chanteur a choisi un timing strat\u00e9gique pour venir faire sa promotion sur France 2 : il a attendu <a href=\"https:\/\/www.public.fr\/ils-ne-sont-pas-a-france-travail-la-production-de-the-voice-pousse-un-coup-de-gueule-apres-les-critiques-visant-les-derniers-gagnants\" id=\"https:\/\/www.public.fr\/ils-ne-sont-pas-a-france-travail-la-production-de-the-voice-pousse-un-coup-de-gueule-apres-les-critiques-visant-les-derniers-gagnants\" rel=\"nofollow noopener\" target=\"_blank\">la finale de The Voice<\/a>, diffus\u00e9e samedi dernier sur TF1, avant de d\u00e9barquer chez L\u00e9a Salam\u00e9 en deuxi\u00e8me partie de soir\u00e9e. Une exposition id\u00e9ale pour celui qui continue d\u2019encha\u00eener les succ\u00e8s musicaux et les apparitions t\u00e9l\u00e9vis\u00e9es.<\/p>\n<p>Une \u00e9mission qui fait toujours parler<\/p>\n<p>La semaine derni\u00e8re, Quelle \u00e9poque ! a sign\u00e9 une tr\u00e8s belle performance avec 907.000 t\u00e9l\u00e9spectateurs et 16,4% du public. Mais surtout, l\u2019\u00e9mission a \u00e9norm\u00e9ment fait r\u00e9agir sur les r\u00e9seaux sociaux apr\u00e8s la venue tr\u00e8s comment\u00e9e de Matthieu Delormeau.<\/p>\n<p>L\u2019ancien chroniqueur de Cyril Hanouna <a href=\"https:\/\/www.public.fr\/pas-sur-complique-matthieu-delormeau-bientot-de-retour-dans-tbt9-cyril-hanouna-prend-enfin-la-parole\" id=\"https:\/\/www.public.fr\/pas-sur-complique-matthieu-delormeau-bientot-de-retour-dans-tbt9-cyril-hanouna-prend-enfin-la-parole\" rel=\"nofollow noopener\" target=\"_blank\">s\u2019\u00e9tait montr\u00e9 particuli\u00e8rement h\u00e9sitant<\/a> lorsqu\u2019il avait \u00e9t\u00e9 interrog\u00e9 sur son avenir dans TBT9. Une s\u00e9quence qui n\u2019avait visiblement pas du tout plu \u00e0 Hanouna, lequel avait ensuite multipli\u00e9 les piques contre l\u2019\u00e9mission de France 2 dans les jours suivants. L\u00e9a Salam\u00e9 esp\u00e8re d\u00e9sormais confirmer ce regain d\u2019int\u00e9r\u00eat avec cette nouvelle programmation particuli\u00e8rement \u00e9clectique.<\/p>\n<p>\n          Hits &amp; People en continu\n        <\/p>\n<p>\n          Public Radio\n        <\/p>\n<p>      Mentionn\u00e9s dans cet article<\/p>\n<p>      Sur le m\u00eame sujet<\/p>\n","protected":false},"excerpt":{"rendered":"R\u00e9sum\u00e9 Ce samedi 6 juin, L\u00e9a Salam\u00e9 re\u00e7oit une pluralit\u00e9 d\u2019invit\u00e9s dont Nagui, Matthieu Pigasse, Brigitte Lahaie et&hellip;\n","protected":false},"author":2,"featured_media":132785,"comment_status":"","ping_status":"","sticky":false,"template":"","format":"standard","meta":{"footnotes":"","_share_on_mastodon":"0"},"categories":[99],"tags":[12,13,18,17,45534,96,95,115,10955,2497,1824,33708,13637,3189,112],"class_list":["post-132784","post","type-post","status-publish","format-standard","has-post-thumbnail","category-television","tag-be","tag-be-fr","tag-belgique","tag-belgium","tag-brigitte-lahaie","tag-divertissement","tag-entertainment","tag-france-2","tag-hugo-clement","tag-lea-salame","tag-nagui","tag-paul-de-saint-sernin","tag-quelle-epoque","tag-tayc","tag-television"],"share_on_mastodon":{"url":"https:\/\/pubeurope.com\/@be_fr\/116708966775827027","error":""},"_links":{"self":[{"href":"https:\/\/www.europesays.com\/be-fr\/wp-json\/wp\/v2\/posts\/132784","targetHints":{"allow":["GET"]}}],"collection":[{"href":"https:\/\/www.europesays.com\/be-fr\/wp-json\/wp\/v2\/posts"}],"about":[{"href":"https:\/\/www.europesays.com\/be-fr\/wp-json\/wp\/v2\/types\/post"}],"author":[{"embeddable":true,"href":"https:\/\/www.europesays.com\/be-fr\/wp-json\/wp\/v2\/users\/2"}],"replies":[{"embeddable":true,"href":"https:\/\/www.europesays.com\/be-fr\/wp-json\/wp\/v2\/comments?post=132784"}],"version-history":[{"count":0,"href":"https:\/\/www.europesays.com\/be-fr\/wp-json\/wp\/v2\/posts\/132784\/revisions"}],"wp:featuredmedia":[{"embeddable":true,"href":"https:\/\/www.europesays.com\/be-fr\/wp-json\/wp\/v2\/media\/132785"}],"wp:attachment":[{"href":"https:\/\/www.europesays.com\/be-fr\/wp-json\/wp\/v2\/media?parent=132784"}],"wp:term":[{"taxonomy":"category","embeddable":true,"href":"https:\/\/www.europesays.com\/be-fr\/wp-json\/wp\/v2\/categories?post=132784"},{"taxonomy":"post_tag","embeddable":true,"href":"https:\/\/www.europesays.com\/be-fr\/wp-json\/wp\/v2\/tags?post=132784"}],"curies":[{"name":"wp","href":"https:\/\/api.w.org\/{rel}","templated":true}]}}