{"id":13308,"date":"2026-02-20T11:35:23","date_gmt":"2026-02-20T11:35:23","guid":{"rendered":"https:\/\/www.europesays.com\/be-fr\/13308\/"},"modified":"2026-02-20T11:35:23","modified_gmt":"2026-02-20T11:35:23","slug":"plus-belle-la-vie-encore-plus-belle-un-retour-choc-les-resumes-du-9-au-13-mars-2026-spoilers","status":"publish","type":"post","link":"https:\/\/www.europesays.com\/be-fr\/13308\/","title":{"rendered":"Plus Belle La Vie, encore plus belle : un retour choc, les r\u00e9sum\u00e9s du 9 au 13 mars 2026 (spoilers)"},"content":{"rendered":"<p>\nPublicit\u00e9<\/p>\n<p>Qu\u2019est-ce qui vous attend le mois prochain dans votre s\u00e9rie quotidienne de TF1 <a href=\"https:\/\/www.plusbellelavie.org\/category\/pblv\/\" rel=\"nofollow noopener\" target=\"_blank\">\u00ab\u00a0Plus belle la vie, encore plus belle\u00a0\u00bb<\/a> ? On vous propose d\u00e8s maintenant d\u2019en savoir plus avec les nouveaux r\u00e9sum\u00e9s spoilers d\u00e9voil\u00e9s par la cha\u00eene pour la semaine du 9 au 13 mars 2026.<\/p>\n<p><img fetchpriority=\"high\" decoding=\"async\" src=\"https:\/\/www.europesays.com\/be-fr\/wp-content\/uploads\/2026\/02\/pblvbandeannonce.jpg\" alt=\"Plus Belle La Vie, encore plus belle : un retour choc, les r\u00e9sum\u00e9s du 9 au 13 mars 2026 (spoilers)\" width=\"1200\" height=\"672\" class=\"size-full wp-image-22857\"  \/>Capture TF1<\/p>\n<p>\nPublicit\u00e9<\/p>\n<p>Dans quelques semaines, c\u2019est un retour choc qui attend les policiers du Mistral : Darius Kassian les lance sur une nouvelle \u00e9nigme et le temps est compt\u00e9 ! Et pendant que Boher est focus sur cette nouvelle affaire, L\u00e9a le trompe avec Apolline\u2026 Mais les deux femmes pourraient bien voir leur relation d\u00e9couverte.<\/p>\n<p>Quant \u00e0 Luna, elle ne compte pas l\u00e2cher Martin. Et Zo\u00e9 essaie de s\u2019\u00e9chapper du cocon familial\u2026<\/p>\n<p>\nPublicit\u00e9<\/p>\n<p>Les r\u00e9sum\u00e9s de Plus belle la vie du 9 au 13 mars 2026<\/p>\n<p>Lundi 9 mars 2026, \u00e9pisode 535 : Les derniers \u00e9v\u00e9nements permettent aux d\u00e9tectives et aux policiers de faire avancer l\u2019enqu\u00eate. Au m\u00eame moment, le centre p\u00e9nitentiaire alerte le commissariat de la pr\u00e9sence d\u2019un colis suspect. Amoureuse, Apolline a pr\u00e9par\u00e9 une surprise \u00e0 sa moiti\u00e9.<\/p>\n<p>Mardi 10 mars 2026, \u00e9pisode 536 : Au commissariat, les policiers redoutent ce que contient le myst\u00e9rieux colis. Inquiet pour la sant\u00e9 d\u2019un proche, Riva tente de le convaincre de suivre un traitement. De son c\u00f4t\u00e9, Luna refuse de baisser les bras pour son petit-fils.<\/p>\n<p>Mercredi 11 mars 2026, \u00e9pisode 537 : Une lourde menace plane sur le quartier du Mistral et un de ses habitants. En parall\u00e8le, Jennifer se lie d\u2019amiti\u00e9 avec une nouvelle connaissance. Lors du tutorat, Lucie s\u2019interroge sur l\u2019attitude de Martin.<\/p>\n<p>Jeudi 12 mars 2026, \u00e9pisode 538 : Pour avancer, les policiers doivent accepter de suivre les r\u00e8gles de leur suspect. Malgr\u00e9 sa bonne action, Vanessa n\u2019est pas tir\u00e9e de l\u2019affaire Oktalis. Chez les Hersant, Zo\u00e9 cherche \u00e0 s\u2019extirper du cocon familial.<\/p>\n<p>Vendredi 13 mars 2026, \u00e9pisode 539 : Les policiers sont toujours \u00e0 la recherche de nouveaux \u00e9l\u00e9ments pour r\u00e9soudre l\u2019\u00e9nigme. Par manque de vigilance, la nouvelle histoire de L\u00e9a risque d\u2019\u00eatre compromise. Au Mistral, Robert a une terrible nouvelle \u00e0 annoncer \u00e0 Mirta.<\/p>\n<p>Retrouvez un \u00e9pisode par jour de \u00ab\u00a0Plus belle la vie, encore plus belle\u00a0\u00bb du lundi au vendredi \u00e0 14h sur TF1, et en rediffusion le soir \u00e0 20h30 sur TF1 S\u00e9ries Films !<\/p>\n","protected":false},"excerpt":{"rendered":"Publicit\u00e9 Qu\u2019est-ce qui vous attend le mois prochain dans votre s\u00e9rie quotidienne de TF1 \u00ab\u00a0Plus belle la vie,&hellip;\n","protected":false},"author":2,"featured_media":13309,"comment_status":"","ping_status":"","sticky":false,"template":"","format":"standard","meta":{"footnotes":"","_share_on_mastodon":"0"},"categories":[99],"tags":[12,13,18,17,96,95,1812,1813,112],"class_list":["post-13308","post","type-post","status-publish","format-standard","has-post-thumbnail","category-television","tag-be","tag-be-fr","tag-belgique","tag-belgium","tag-divertissement","tag-entertainment","tag-pblv","tag-pblvepb","tag-television"],"share_on_mastodon":{"url":"","error":""},"_links":{"self":[{"href":"https:\/\/www.europesays.com\/be-fr\/wp-json\/wp\/v2\/posts\/13308","targetHints":{"allow":["GET"]}}],"collection":[{"href":"https:\/\/www.europesays.com\/be-fr\/wp-json\/wp\/v2\/posts"}],"about":[{"href":"https:\/\/www.europesays.com\/be-fr\/wp-json\/wp\/v2\/types\/post"}],"author":[{"embeddable":true,"href":"https:\/\/www.europesays.com\/be-fr\/wp-json\/wp\/v2\/users\/2"}],"replies":[{"embeddable":true,"href":"https:\/\/www.europesays.com\/be-fr\/wp-json\/wp\/v2\/comments?post=13308"}],"version-history":[{"count":0,"href":"https:\/\/www.europesays.com\/be-fr\/wp-json\/wp\/v2\/posts\/13308\/revisions"}],"wp:featuredmedia":[{"embeddable":true,"href":"https:\/\/www.europesays.com\/be-fr\/wp-json\/wp\/v2\/media\/13309"}],"wp:attachment":[{"href":"https:\/\/www.europesays.com\/be-fr\/wp-json\/wp\/v2\/media?parent=13308"}],"wp:term":[{"taxonomy":"category","embeddable":true,"href":"https:\/\/www.europesays.com\/be-fr\/wp-json\/wp\/v2\/categories?post=13308"},{"taxonomy":"post_tag","embeddable":true,"href":"https:\/\/www.europesays.com\/be-fr\/wp-json\/wp\/v2\/tags?post=13308"}],"curies":[{"name":"wp","href":"https:\/\/api.w.org\/{rel}","templated":true}]}}