{"id":133085,"date":"2026-06-07T18:35:15","date_gmt":"2026-06-07T18:35:15","guid":{"rendered":"https:\/\/www.europesays.com\/be-fr\/133085\/"},"modified":"2026-06-07T18:35:15","modified_gmt":"2026-06-07T18:35:15","slug":"troubles-de-lequilibre-quelles-causes-a-la-sensation-detre-ivre-en-marchant","status":"publish","type":"post","link":"https:\/\/www.europesays.com\/be-fr\/133085\/","title":{"rendered":"Troubles de l&rsquo;\u00e9quilibre : quelles causes \u00e0 la sensation d&rsquo;\u00eatre \u00ab ivre \u00bb en marchant ?"},"content":{"rendered":"<p class=\"mb-4 text-lg md:leading-8 break-words\">Avec plus de 300 000 consultations chaque semaine, les vertiges et troubles de l\u2019\u00e9quilibre figurent parmi les motifs les plus fr\u00e9quents de consultation m\u00e9dicale en France apr\u00e8s les fi\u00e8vres et les c\u00e9phal\u00e9es. \u00ab Les pathologies de l\u2019\u00e9quilibre, en particulier les vertiges, sont un enjeu majeur de sant\u00e9 publique, affirme le Pr Vincent Darrouzet. Pr\u00e8s de 7 % de la population fran\u00e7aise en souffre. \u00bb<\/p>\n<p>Comment fonctionne l\u2019\u00e9quilibre ?<\/p>\n<p class=\"mb-4 text-lg md:leading-8 break-words\">L\u2019\u00e9quilibre est un syst\u00e8me extr\u00eamement sophistiqu\u00e9 qui repose sur un tr\u00e9pied sensoriel :<\/p>\n<p class=\"mb-4 text-lg md:leading-8 break-words\">le vestibule (oreille interne), acteur majeur, en veille constante m\u00eame quand nous dormons ;<\/p>\n<p class=\"mb-4 text-lg md:leading-8 break-words\">la proprioception, c\u2019est-\u00e0-dire l\u2019int\u00e9gration par le cerveau des informations issues des muscles, des articulations et de la plante des pieds ;<\/p>\n<p>Publicit\u00e9<\/p>\n<p>Publicit\u00e9<\/p>\n<p>Publicit\u00e9<\/p>\n<p>Publicit\u00e9<\/p>\n<p class=\"mb-4 text-lg md:leading-8 break-words\">\u00ab L\u2019\u00e9quilibre nous permet de tenir debout et de marcher sans tomber, osciller ou donner l\u2019impression d\u2019\u00eatre ivre, explique le Pr Vincent Darrouzet. Cela n\u00e9cessite l\u2019int\u00e9gration, en quelques millisecondes, d\u2019informations provenant de l\u2019oreille interne, et plus particuli\u00e8rement du syst\u00e8me otolithique (le saccule et l\u2019utricule), qui constitue un v\u00e9ritable capteur des acc\u00e9l\u00e9rations verticales et horizontales. Ces structures informent le cerveau de notre \u00e9volution dans l\u2019espace : je saute en l\u2019air, je marche,&#8230;<\/p>\n<p class=\"mb-4 text-lg md:leading-8 break-words\"><a href=\"https:\/\/www.santemagazine.fr\/sante\/maladies\/maladies-de-l-oreille\/troubles-de-lequilibre-quelles-causes-a-la-sensation-detre-ivre-en-marchant-1153131#at_medium=affiliate&amp;at_campaign=flux_rss&amp;at_type=Yahoo\" rel=\"nofollow noopener\" target=\"_blank\" data-ylk=\"elm:link;elmt:article_link;slk:Lire la suite;itc:0;sec:content-canvas\" data-yga=\"{&quot;yLinkElement&quot;:&quot;context_link&quot;,&quot;yModuleName&quot;:&quot;content-canvas&quot;,&quot;yLinkText&quot;:&quot;Lire la suite&quot;}\" class=\"link \">Lire la suite<\/a><\/p>\n","protected":false},"excerpt":{"rendered":"Avec plus de 300 000 consultations chaque semaine, les vertiges et troubles de l\u2019\u00e9quilibre figurent parmi les motifs&hellip;\n","protected":false},"author":2,"featured_media":133086,"comment_status":"","ping_status":"","sticky":false,"template":"","format":"standard","meta":{"footnotes":"","_share_on_mastodon":"0"},"categories":[82],"tags":[12,13,18,17,45597,86,45599,87,45598],"class_list":["post-133085","post","type-post","status-publish","format-standard","has-post-thumbnail","category-sante","tag-be","tag-be-fr","tag-belgique","tag-belgium","tag-consultation-medicale","tag-health","tag-pr-vincent-darrouzet","tag-sante","tag-troubles-de-lequilibre"],"share_on_mastodon":{"url":"https:\/\/pubeurope.com\/@be_fr\/116710272079583919","error":""},"_links":{"self":[{"href":"https:\/\/www.europesays.com\/be-fr\/wp-json\/wp\/v2\/posts\/133085","targetHints":{"allow":["GET"]}}],"collection":[{"href":"https:\/\/www.europesays.com\/be-fr\/wp-json\/wp\/v2\/posts"}],"about":[{"href":"https:\/\/www.europesays.com\/be-fr\/wp-json\/wp\/v2\/types\/post"}],"author":[{"embeddable":true,"href":"https:\/\/www.europesays.com\/be-fr\/wp-json\/wp\/v2\/users\/2"}],"replies":[{"embeddable":true,"href":"https:\/\/www.europesays.com\/be-fr\/wp-json\/wp\/v2\/comments?post=133085"}],"version-history":[{"count":0,"href":"https:\/\/www.europesays.com\/be-fr\/wp-json\/wp\/v2\/posts\/133085\/revisions"}],"wp:featuredmedia":[{"embeddable":true,"href":"https:\/\/www.europesays.com\/be-fr\/wp-json\/wp\/v2\/media\/133086"}],"wp:attachment":[{"href":"https:\/\/www.europesays.com\/be-fr\/wp-json\/wp\/v2\/media?parent=133085"}],"wp:term":[{"taxonomy":"category","embeddable":true,"href":"https:\/\/www.europesays.com\/be-fr\/wp-json\/wp\/v2\/categories?post=133085"},{"taxonomy":"post_tag","embeddable":true,"href":"https:\/\/www.europesays.com\/be-fr\/wp-json\/wp\/v2\/tags?post=133085"}],"curies":[{"name":"wp","href":"https:\/\/api.w.org\/{rel}","templated":true}]}}