{"id":133207,"date":"2026-06-07T21:28:24","date_gmt":"2026-06-07T21:28:24","guid":{"rendered":"https:\/\/www.europesays.com\/be-fr\/133207\/"},"modified":"2026-06-07T21:28:24","modified_gmt":"2026-06-07T21:28:24","slug":"audiences-prime-le-concert-de-la-star-academy-sur-tf1-fait-un-enorme-bide-tout-comme-bruno-guillon-et-son-jeu-sur-france-2-france-3-ecrase-tout-a-plus-de-4-millions-rmc-life-et-rmc-story-a-moin","status":"publish","type":"post","link":"https:\/\/www.europesays.com\/be-fr\/133207\/","title":{"rendered":"Audiences prime : Le concert de la Star Academy sur TF1 fait un \u00e9norme bide, tout comme Bruno Guillon et son jeu sur France 2 ! France 3 \u00e9crase tout \u00e0 plus de 4 millions &#8211; RMC Life et RMC Story \u00e0 moins de 90.000"},"content":{"rendered":"<p>Hier soir sur TF1, l&rsquo;heure \u00e9tait \u00e0 la musique avec la diffusion du concert de la Star Academy.\u00a0Depuis le 27 f\u00e9vrier dernier, Ambre, L\u00e9a, Victor, Sarah, Bastiaan, Anouk, Th\u00e9o P, M\u00e9lissa et Jeanne font le tour des sc\u00e8nes de France, de Belgique et de Suisse avec le \u00ab\u00a0Star Academy : Tour 2026\u00a0\u00bb.\u00a0<\/p>\n<p>Sur France 2, Bruno Guillon \u00e9tait aux commandes de \u00ab\u00a0Qui restera dans la lumi\u00e8re?\u00a0\u00bb. Mais le quiz de culture g\u00e9n\u00e9rale, qui peine \u00e0 trouver son public \u00e0 chacune des diffusions, a-t-il r\u00e9ussi \u00e0 s&rsquo;imposer hier soir? Rappelons que la semaine derni\u00e8re, face \u00e0 la victoire du PSG, \u00e0 peine plus d&rsquo;1.2 million de personnes \u00e9taient au rendez-vous. Un pr\u00e9c\u00e9dent num\u00e9ro diffus\u00e9 le 9 mai, avait \u00e9galement fait un bide avec \u00e0 seulement 1.5 million.<\/p>\n<p>France 3 diffusait de son c\u00f4t\u00e9 sa s\u00e9rie \u00ab\u00a0Meurtres en Balagne\u00a0\u00bb, tandis que M6 proposait de nouveaux \u00e9pisodes de \u00ab\u00a0NCIS\u00a0\u00bb qui, chaque semaine, peine \u00e9galement \u00e0 trouver son public.<\/p>\n<p>        Meurtres en Balagne<br \/>\n        28.7 % de PDA\n        <\/p>\n<p>        4 242 000<\/p>\n<p>        Qui restera dans la lumi\u00e8re ?<br \/>\n        11.7 % de PDA\n        <\/p>\n<p>        1 539 000<\/p>\n<p>        Star Academy : le concert \u00e9v\u00e9nement<br \/>\n        9.5 % de PDA\n        <\/p>\n<p>        1 383 000<\/p>\n<p>        Echapp\u00e9es belles<br \/>\n        6.3 % de PDA\n        <\/p>\n<p>        938 000<\/p>\n<p>        NCIS<br \/>\n        5.6 % de PDA\n        <\/p>\n<p>        846 000<\/p>\n<p>        Sagrada Familia, le r\u00eave achev\u00e9 de Gaudi<br \/>\n        3.7 % de PDA\n        <\/p>\n<p>        554 000<\/p>\n<p>        La petite histoire de France<br \/>\n        2.5 % de PDA\n        <\/p>\n<p>        362 000<\/p>\n<p>        The Truman Show<br \/>\n        2.1 % de PDA\n        <\/p>\n<p>        297 000<\/p>\n<p>        Rugby &#8211; Top 14 &#8211; Lyon \/ Montpellier<br \/>\n        1.9 % de PDA\n        <\/p>\n<p>        269 000<\/p>\n<p>        Le myst\u00e8re d&rsquo;Oak Island<br \/>\n        1.8 % de PDA\n        <\/p>\n<p>        259 000<\/p>\n<p>        Chroniques criminelles<br \/>\n        1.7 % de PDA\n        <\/p>\n<p>        243 000<\/p>\n<p>        New York Unit\u00e9 Sp\u00e9ciale<br \/>\n        1.4 % de PDA\n        <\/p>\n<p>        215 000<\/p>\n<p>        Jos\u00e9phine, ange gardien<br \/>\n        1.4 % de PDA\n        <\/p>\n<p>        209 000<\/p>\n<p>        99 \u00e0 battre<br \/>\n        0.7 % de PDA\n        <\/p>\n<p>        109 000<\/p>\n<p>        Big Bang Theory<br \/>\n        0.6 % de PDA\n        <\/p>\n<p>        87 000<\/p>\n<p>        La folle histoire de Nutella<br \/>\n        0.6 % de PDA\n        <\/p>\n<p>        86 000<\/p>\n<p>  Le Top des parts de march\u00e9<\/p>\n","protected":false},"excerpt":{"rendered":"Hier soir sur TF1, l&rsquo;heure \u00e9tait \u00e0 la musique avec la diffusion du concert de la Star Academy.\u00a0Depuis&hellip;\n","protected":false},"author":2,"featured_media":133208,"comment_status":"","ping_status":"","sticky":false,"template":"","format":"standard","meta":{"footnotes":"","_share_on_mastodon":"0"},"categories":[99],"tags":[12,13,18,17,45640,366,96,95,26233,45639,322,112],"class_list":["post-133207","post","type-post","status-publish","format-standard","has-post-thumbnail","category-television","tag-be","tag-be-fr","tag-belgique","tag-belgium","tag-bruno-guillon","tag-concert","tag-divertissement","tag-entertainment","tag-ncis","tag-qui-restera-dans-la-lumiu00e8re","tag-star-academy","tag-television"],"share_on_mastodon":{"url":"https:\/\/pubeurope.com\/@be_fr\/116710952417585963","error":""},"_links":{"self":[{"href":"https:\/\/www.europesays.com\/be-fr\/wp-json\/wp\/v2\/posts\/133207","targetHints":{"allow":["GET"]}}],"collection":[{"href":"https:\/\/www.europesays.com\/be-fr\/wp-json\/wp\/v2\/posts"}],"about":[{"href":"https:\/\/www.europesays.com\/be-fr\/wp-json\/wp\/v2\/types\/post"}],"author":[{"embeddable":true,"href":"https:\/\/www.europesays.com\/be-fr\/wp-json\/wp\/v2\/users\/2"}],"replies":[{"embeddable":true,"href":"https:\/\/www.europesays.com\/be-fr\/wp-json\/wp\/v2\/comments?post=133207"}],"version-history":[{"count":0,"href":"https:\/\/www.europesays.com\/be-fr\/wp-json\/wp\/v2\/posts\/133207\/revisions"}],"wp:featuredmedia":[{"embeddable":true,"href":"https:\/\/www.europesays.com\/be-fr\/wp-json\/wp\/v2\/media\/133208"}],"wp:attachment":[{"href":"https:\/\/www.europesays.com\/be-fr\/wp-json\/wp\/v2\/media?parent=133207"}],"wp:term":[{"taxonomy":"category","embeddable":true,"href":"https:\/\/www.europesays.com\/be-fr\/wp-json\/wp\/v2\/categories?post=133207"},{"taxonomy":"post_tag","embeddable":true,"href":"https:\/\/www.europesays.com\/be-fr\/wp-json\/wp\/v2\/tags?post=133207"}],"curies":[{"name":"wp","href":"https:\/\/api.w.org\/{rel}","templated":true}]}}