{"id":134423,"date":"2026-06-09T06:38:10","date_gmt":"2026-06-09T06:38:10","guid":{"rendered":"https:\/\/www.europesays.com\/be-fr\/134423\/"},"modified":"2026-06-09T06:38:10","modified_gmt":"2026-06-09T06:38:10","slug":"pourquoi-lunion-a-deja-acte-le-transfert-dun-deuxieme-defenseur-central-de-taille-avant-meme-le-debut-du-mercato","status":"publish","type":"post","link":"https:\/\/www.europesays.com\/be-fr\/134423\/","title":{"rendered":"Pourquoi l&rsquo;Union a d\u00e9j\u00e0 act\u00e9 le transfert d&rsquo;un deuxi\u00e8me d\u00e9fenseur central de taille avant m\u00eame le d\u00e9but du mercato"},"content":{"rendered":"<p class=\"ap-StoryElement ap-StoryElement--mb ap-StoryText\">Enfin, Ross Sykes, qui est au summum de sa carri\u00e8re apr\u00e8s une saison qui lui a valu plus de temps de jeu que jamais, pourrait s&rsquo;exiler lui aussi. L&rsquo;Anglais suscite de l&rsquo;int\u00e9r\u00eat jusqu&rsquo;en Premier League, et c&rsquo;est l&rsquo;heure o\u00f9 jamais pour lui de rejoindre le championnat de ses r\u00eaves.<\/p>\n<p class=\"ap-StoryElement ap-StoryElement--mb ap-StoryText\">On l&rsquo;a compris, une petite r\u00e9volution est en cours pour la ligne arri\u00e8re saint-gilloise. Fid\u00e8le \u00e0 une ligne de conduite qui a fait ses preuves, l&rsquo;Union avance rapidement dans un mercato qui sera agit\u00e9. Reconstruire une d\u00e9fense prend du temps, et autant que David Hubert puisse commencer d\u00e8s le d\u00e9but de la pr\u00e9paration avec son trio 2026-27.<\/p>\n<p><a href=\"https:\/\/www.dhnet.be\/sports\/football\/division-1a\/union-saint-gilloise\/2026\/06\/08\/lunion-saint-gilloise-poursuit-son-mercato-en-signant-un-defenseur-d1m89-qui-arrive-de-division-3-francaise-3LMI2AZEDFHBTDSW7BAYWYFIUY\/\" target=\"_self\" class=\"ap-StoryInterstitialLink ap-StoryElement ap-StoryElement--mb\" rel=\"nofollow noopener\">L&rsquo;Union Saint-Gilloise poursuit son mercato en signant un d\u00e9fenseur d&rsquo;1m89 qui arrive de division 3 fran\u00e7aise<\/a>Un parcours en divisions inf\u00e9rieures<\/p>\n<p class=\"ap-StoryElement ap-StoryElement--mb ap-StoryText\">Comme Havenaar, Nohim Chibani est un d\u00e9fenseur central droitier de belle taille (1,89 m). Comme le premier nomm\u00e9, il est m\u00e9connu du public belge et a \u00e9t\u00e9 d\u00e9nich\u00e9 par l&rsquo;Union dans une ligue \u00e9trang\u00e8re, mais d&rsquo;un niveau nettement inf\u00e9rieur cette fois.<\/p>\n<p class=\"ap-StoryElement ap-StoryElement--mb ap-StoryText\">Habitu\u00e9 \u00e0 aller d\u00e9nicher des attaquants en D3 ou D4 allemande (Undav, Nilsson, Biondic, etc.), c&rsquo;est cette fois en Ligue 3 fran\u00e7aise \u2013 ex-National \u2013 que le club bruxellois a rep\u00e9r\u00e9 le Lyonnais, qui a pris une autre dimension lors de la saison \u00e9coul\u00e9e. Chibani a quitt\u00e9 le foyer familial pour rejoindre Grenoble \u00e0 14 ans, et a sign\u00e9 son premier contrat professionnel \u00e0 Quevilly-Rouen, o\u00f9 il a d\u00e9couvert le troisi\u00e8me \u00e9chelon hexagonal, avant d&rsquo;\u00eatre pr\u00eat\u00e9 au SC Aubagne Air Bel en 2025-26.<\/p>\n<p class=\"ap-StoryElement ap-StoryElement--mb ap-StoryText\">Contrairement \u00e0 Havenaar (31), Chibani est jeune. Il n&rsquo;a que 22 ans, et compte soixante matchs professionnels au compteur. Celui qui n&rsquo;a jamais jou\u00e9 en Ligue 1 va d\u00e9couvrir un championnat d&rsquo;un tout autre niveau que la D3 fran\u00e7aise, et, forc\u00e9ment, la Coupe d&rsquo;Europe. Mais le Franco-Alg\u00e9rien arrivait en fin de contrat, et a donc \u00e9t\u00e9 transf\u00e9r\u00e9 gratuitement. Le \u00ab\u00a0risque\u00a0\u00bb financier pris par l&rsquo;Union en cas de non-acclimatation est donc minime.<\/p>\n<p>Imposant au duel<\/p>\n<p class=\"ap-StoryElement ap-StoryElement--mb ap-StoryText\">\u00c0 Aubagne, Chibani a r\u00e9ussi une saison pleine, devenant un pilier d\u00e9fensif de son club. Les statistiques de D3 fran\u00e7aise relev\u00e9es par la plateforme Wyscout permettent de saisir pourquoi l&rsquo;Union, qui aime recruter des d\u00e9fenseurs qui savent avant tout bien d\u00e9fendre, s&rsquo;est int\u00e9ress\u00e9e \u00e0 Chibani : un seul joueur de Ligue 3 a r\u00e9alis\u00e9 plus d&rsquo;interceptions par match que lui. Il est aussi celui qui a remport\u00e9 le plus de duels a\u00e9riens (79 %). Du haut de son m\u00e8tre 89, Chibani s&rsquo;annonce comme un arri\u00e8re compliqu\u00e9 \u00e0 passer.<\/p>\n<p><a href=\"https:\/\/www.dhnet.be\/sports\/football\/division-1a\/union-saint-gilloise\/\" target=\"_self\" class=\"ap-StoryInterstitialLink ap-StoryElement ap-StoryElement--mb\" rel=\"nofollow noopener\">Toute l&rsquo;actualit\u00e9 de l&rsquo;Union SG<\/a><\/p>\n","protected":false},"excerpt":{"rendered":"Enfin, Ross Sykes, qui est au summum de sa carri\u00e8re apr\u00e8s une saison qui lui a valu plus&hellip;\n","protected":false},"author":2,"featured_media":134424,"comment_status":"","ping_status":"","sticky":false,"template":"","format":"standard","meta":{"footnotes":"","_share_on_mastodon":"0"},"categories":[81],"tags":[12,13,18,17,1076,1077,1078,1079,1080,482,3745,33162,1081,1766,4978,906,84,2860,1082],"class_list":["post-134423","post","type-post","status-publish","format-standard","has-post-thumbnail","category-sports","tag-be","tag-be-fr","tag-belgique","tag-belgium","tag-d1","tag-division-un","tag-eerste-klasse","tag-first-division","tag-foot","tag-football","tag-po1","tag-poa","tag-premiere-division","tag-rsca","tag-rusg","tag-soccer","tag-sports","tag-usg","tag-voetbal"],"share_on_mastodon":{"url":"https:\/\/pubeurope.com\/@be_fr\/116718777675481666","error":""},"_links":{"self":[{"href":"https:\/\/www.europesays.com\/be-fr\/wp-json\/wp\/v2\/posts\/134423","targetHints":{"allow":["GET"]}}],"collection":[{"href":"https:\/\/www.europesays.com\/be-fr\/wp-json\/wp\/v2\/posts"}],"about":[{"href":"https:\/\/www.europesays.com\/be-fr\/wp-json\/wp\/v2\/types\/post"}],"author":[{"embeddable":true,"href":"https:\/\/www.europesays.com\/be-fr\/wp-json\/wp\/v2\/users\/2"}],"replies":[{"embeddable":true,"href":"https:\/\/www.europesays.com\/be-fr\/wp-json\/wp\/v2\/comments?post=134423"}],"version-history":[{"count":0,"href":"https:\/\/www.europesays.com\/be-fr\/wp-json\/wp\/v2\/posts\/134423\/revisions"}],"wp:featuredmedia":[{"embeddable":true,"href":"https:\/\/www.europesays.com\/be-fr\/wp-json\/wp\/v2\/media\/134424"}],"wp:attachment":[{"href":"https:\/\/www.europesays.com\/be-fr\/wp-json\/wp\/v2\/media?parent=134423"}],"wp:term":[{"taxonomy":"category","embeddable":true,"href":"https:\/\/www.europesays.com\/be-fr\/wp-json\/wp\/v2\/categories?post=134423"},{"taxonomy":"post_tag","embeddable":true,"href":"https:\/\/www.europesays.com\/be-fr\/wp-json\/wp\/v2\/tags?post=134423"}],"curies":[{"name":"wp","href":"https:\/\/api.w.org\/{rel}","templated":true}]}}