{"id":135099,"date":"2026-06-09T17:37:20","date_gmt":"2026-06-09T17:37:20","guid":{"rendered":"https:\/\/www.europesays.com\/be-fr\/135099\/"},"modified":"2026-06-09T17:37:20","modified_gmt":"2026-06-09T17:37:20","slug":"hors-cameras-la-demande-a-peine-croyable-de-franck-dubosc-en-tournage-il-a-demande","status":"publish","type":"post","link":"https:\/\/www.europesays.com\/be-fr\/135099\/","title":{"rendered":"Hors-cam\u00e9ras, la demande \u00e0 peine croyable de Franck Dubosc en tournage : \u00ab Il a demand\u00e9&#8230;"},"content":{"rendered":"<p class=\"has-text-color has-small-font-size\" style=\"color:#747474\">Par <a href=\"https:\/\/www.parlons-basket.com\/biographie-auteur-elsa-girard-basset\/\" rel=\"nofollow noopener\" target=\"_blank\">Elsa Girard-Basset<\/a> |\u00a0Journaliste web<\/p>\n<p>Depuis plus de vingt ans, Franck Dubosc fait partie des visages les plus populaires de la com\u00e9die fran\u00e7aise. Habitu\u00e9 des succ\u00e8s au cin\u00e9ma comme sur sc\u00e8ne, l\u2019acteur s\u2019est construit une image de personnalit\u00e9 accessible et proche du public. Pourtant, certaines anecdotes r\u00e9v\u00e9l\u00e9es au fil des ann\u00e9es montrent qu\u2019en coulisses, l\u2019interpr\u00e8te de Patrick Chirac savait aussi se montrer particuli\u00e8rement attentif \u00e0 ses conditions de travail.<\/p>\n<p>Figure incontournable du cin\u00e9ma populaire fran\u00e7ais, Franck Dubosc a b\u00e2ti sa carri\u00e8re sur des personnages attachants et un humour qui rassemble les g\u00e9n\u00e9rations. Derri\u00e8re cette image de simplicit\u00e9 qu\u2019il revendique volontiers, le com\u00e9dien n\u2019a jamais cach\u00e9 son attachement \u00e0 certaines valeurs, notamment lorsqu\u2019il \u00e9voque sa vie de famille et l\u2019\u00e9ducation de ses enfants.<\/p>\n<p>L\u2019ancien pensionnaire du Conservatoire de Rouen s\u2019est d\u2019ailleurs d\u00e9j\u00e0 confi\u00e9 sur le d\u00e9calage qu\u2019il pouvait parfois ressentir entre sa propre enfance et celle de ses fils, \u00e9lev\u00e9s dans un environnement bien plus confortable que celui qu\u2019il a connu. Dans une interview accord\u00e9e par le pass\u00e9, l\u2019acteur expliquait ainsi :<\/p>\n<p>\u00ab\u00a0Parfois, je regarde mes enfants et je me dis, on dirait des enfants de bourgeois, et \u00e7a, j\u2019aime pas !\u00a0\u00bb<\/p>\n<p>Mais si Franck Dubosc tient \u00e0 conserver les pieds sur terre, certaines r\u00e9v\u00e9lations concernant ses tournages ont pu surprendre. \u00c0 l\u2019occasion de la sortie de Camping 3 en 2016, le magazine Capital s\u2019\u00e9tait int\u00e9ress\u00e9 aux conditions de travail des stars fran\u00e7aises et avait d\u00e9voil\u00e9 quelques d\u00e9tails concernant les demandes formul\u00e9es par le com\u00e9dien. Le magazine expliquait notamment :<\/p>\n<p>\u00ab\u00a0L\u2019humoriste a le rare privil\u00e8ge de disposer de son propre chauffeur pour faire la navette entre son h\u00f4tel et les lieux de tournage. Et il est tr\u00e8s pr\u00e9cis sur le v\u00e9hicule : il a demand\u00e9 une berline, oui, mais pas une BMW !\u00a0\u00bb<\/p>\n<p>Une exigence qui avait de quoi \u00e9tonner tant elle contrastait avec l\u2019image de proximit\u00e9 r\u00e9guli\u00e8rement associ\u00e9e \u00e0 l\u2019acteur. Toutefois, ce n\u2019\u00e9tait pas la seule requ\u00eate relev\u00e9e dans le cadre de ses activit\u00e9s professionnelles.<\/p>\n<p>Lors du tournage de Bienvenue \u00e0 bord, film dont une partie de l\u2019action se d\u00e9roulait sur un paquebot de croisi\u00e8re entre les \u00c9tats-Unis et les Cara\u00efbes, Franck Dubosc avait \u00e9galement souhait\u00e9 permettre \u00e0 certains de ses proches de profiter du d\u00e9placement.<\/p>\n<p>\u00ab\u00a0Pour son \u00e9pouse et sa belle-m\u00e8re, un aller-retour en avion, classe business, pendant la dur\u00e9e du tournage \u00e0 l\u2019\u00e9tranger\u00a0\u00bb<\/p>\n<p>Ces anecdotes rappellent qu\u2019\u00e0 mesure que la notori\u00e9t\u00e9 grandit, les attentes des acteurs concernant leur confort ou leur organisation peuvent \u00e9galement \u00e9voluer. Sans remettre en cause l\u2019image populaire de Franck Dubosc, elles offrent simplement un aper\u00e7u des coulisses d\u2019une carri\u00e8re men\u00e9e au plus haut niveau du cin\u00e9ma fran\u00e7ais.<\/p>\n<p>Entre humour, succ\u00e8s publics et exigences ponctuelles en priv\u00e9, le Normand continue d\u2019incarner une personnalit\u00e9 appr\u00e9ci\u00e9e du grand public. Une figure qui, comme beaucoup de vedettes du grand \u00e9cran, conjugue proximit\u00e9 affich\u00e9e et demandes parfois plus surprenantes lorsque les cam\u00e9ras cessent de tourner.<\/p>\n","protected":false},"excerpt":{"rendered":"Par Elsa Girard-Basset |\u00a0Journaliste web Depuis plus de vingt ans, Franck Dubosc fait partie des visages les plus&hellip;\n","protected":false},"author":2,"featured_media":135100,"comment_status":"","ping_status":"","sticky":false,"template":"","format":"standard","meta":{"footnotes":"","_share_on_mastodon":"0"},"categories":[102],"tags":[12,13,18,17,129,128,96,95,10220,109],"class_list":["post-135099","post","type-post","status-publish","format-standard","has-post-thumbnail","category-people","tag-be","tag-be-fr","tag-belgique","tag-belgium","tag-celebrities","tag-celebrity","tag-divertissement","tag-entertainment","tag-franck-dubosc","tag-people"],"share_on_mastodon":{"url":"https:\/\/pubeurope.com\/@be_fr\/116721368874504981","error":""},"_links":{"self":[{"href":"https:\/\/www.europesays.com\/be-fr\/wp-json\/wp\/v2\/posts\/135099","targetHints":{"allow":["GET"]}}],"collection":[{"href":"https:\/\/www.europesays.com\/be-fr\/wp-json\/wp\/v2\/posts"}],"about":[{"href":"https:\/\/www.europesays.com\/be-fr\/wp-json\/wp\/v2\/types\/post"}],"author":[{"embeddable":true,"href":"https:\/\/www.europesays.com\/be-fr\/wp-json\/wp\/v2\/users\/2"}],"replies":[{"embeddable":true,"href":"https:\/\/www.europesays.com\/be-fr\/wp-json\/wp\/v2\/comments?post=135099"}],"version-history":[{"count":0,"href":"https:\/\/www.europesays.com\/be-fr\/wp-json\/wp\/v2\/posts\/135099\/revisions"}],"wp:featuredmedia":[{"embeddable":true,"href":"https:\/\/www.europesays.com\/be-fr\/wp-json\/wp\/v2\/media\/135100"}],"wp:attachment":[{"href":"https:\/\/www.europesays.com\/be-fr\/wp-json\/wp\/v2\/media?parent=135099"}],"wp:term":[{"taxonomy":"category","embeddable":true,"href":"https:\/\/www.europesays.com\/be-fr\/wp-json\/wp\/v2\/categories?post=135099"},{"taxonomy":"post_tag","embeddable":true,"href":"https:\/\/www.europesays.com\/be-fr\/wp-json\/wp\/v2\/tags?post=135099"}],"curies":[{"name":"wp","href":"https:\/\/api.w.org\/{rel}","templated":true}]}}