{"id":135203,"date":"2026-06-09T19:33:17","date_gmt":"2026-06-09T19:33:17","guid":{"rendered":"https:\/\/www.europesays.com\/be-fr\/135203\/"},"modified":"2026-06-09T19:33:17","modified_gmt":"2026-06-09T19:33:17","slug":"lalbanie-nest-pas-a-vendre-le-projet-immobilier-lie-a-la-famille-trump-qui-met-le-pays-en-ebullition-des-milliers-dalbanais-dans-les-rues","status":"publish","type":"post","link":"https:\/\/www.europesays.com\/be-fr\/135203\/","title":{"rendered":"\u00ab\u00a0L\u2019Albanie n\u2019est pas \u00e0 vendre\u00a0\u00bb\u00a0: le projet immobilier li\u00e9 \u00e0 la famille Trump qui met le pays en \u00e9bullition, des milliers d\u2019Albanais dans les rues\u00a0!"},"content":{"rendered":"\n<p>Depuis plus d\u2019une semaine, les manifestations se suivent \u00e0 Tirana contre un projet d\u2019h\u00f4tel de luxe li\u00e9 \u00e0 la famille Trump. Une \u00e9tincelle qui a embras\u00e9 les col\u00e8res de milliers d\u2019Albanais, selon plusieurs observateurs.<\/p>\n<p>Les projets de construction d\u2019une station baln\u00e9aire de luxe dans une r\u00e9serve naturelle et sur une \u00eele \u2013 estim\u00e9s \u00e0 plus de 4 milliards d\u2019euros et associ\u00e9 \u00e0 la fille de Donald Trump, Ivanka, et \u00e0 son mari, Jared Kushner, ont catalys\u00e9 la col\u00e8re aux cris de \u00ab\u00a0L\u2019Albanie n\u2019est pas \u00e0 vendre\u00a0\u00bb.<\/p>\n<p>&#13;<br \/>\n&#13;<\/p>\n<p>\n  <img decoding=\"async\" class=\"r-img\"  typeof=\"foaf:Image\" src=\"https:\/\/www.europesays.com\/be-fr\/wp-content\/uploads\/2026\/06\/84455666.jpeg\" alt=\"WhatsApp Image 2026-06-09 at 12.00.50 (1).jpeg\"\/>\n<\/p>\n<p>\u00ab\u00a0Un m\u00e9contentement accumul\u00e9 au fil des ans a explos\u00e9\u00a0\u00bb, r\u00e9sume Skender Minxhozi, journaliste exp\u00e9riment\u00e9 et r\u00e9dacteur en chef du m\u00e9dia en ligne Java News.<\/p>\n<p>&#13;<br \/>\n&#13;<\/p>\n<p>&#13;<br \/>\n&#13;<\/p>\n<p>&#13;<br \/>\n&#13;<\/p>\n<p>Dans la rue, ce sont \u00ab\u00a0ceux qui se sentent d\u00e9munis et insult\u00e9s dans leur intelligence lorsqu\u2019ils voient qui parle et d\u00e9cide en leur nom\u00a0\u00bb, avance-t-il, sans compter \u00ab\u00a0la dimension \u00e9conomique, incontournable\u00a0: la flamb\u00e9e du co\u00fbt de la vie, l\u2019impossibilit\u00e9 de se loger et le sentiment que les perspectives d\u2019avenir se r\u00e9duisent comme peau de chagrin\u00a0\u00bb.<\/p>\n<p>Crise d\u00e9mographique<\/p>\n<p>L\u2019Albanie est en crise d\u00e9mographique depuis des d\u00e9cennies \u2013 depuis 2008, environ 1 million d\u2019Albanais ont obtenu des permis de s\u00e9jour dans des pays de l\u2019Union europ\u00e9enne, selon Eurostat. Sans compter les d\u00e9parts aux \u00c9tats-Unis, au Canada\u2026<\/p>\n<p>\u00ab\u00a0Les rassemblements de solidarit\u00e9 dans les villes europ\u00e9ennes, et m\u00eame aux \u00c9tats-Unis, ne s\u2019expliquent pas simplement par la nostalgie ou le lien affectif des immigr\u00e9s avec leur patrie. Nombre de ceux qui manifestent ont fui pr\u00e9cis\u00e9ment ces blessures d\u00e9nonc\u00e9es aujourd\u2019hui sur la place publique\u00a0\u00bb, estime M. Minxhozi. \u00ab\u00a0Zvernec n\u2019\u00e9tait que l\u2019\u00e9tincelle\u00a0\u00bb.<\/p>\n<p>  <img decoding=\"async\" class=\"r-img\"  typeof=\"foaf:Image\" src=\"https:\/\/www.europesays.com\/be-fr\/wp-content\/uploads\/2026\/06\/84455708.png\" alt=\"1db78d03-dbe8-4fa4-b5c5-a1480771c7eb.png\"\/><\/p>\n<p>  <img decoding=\"async\" class=\"r-img\"  typeof=\"foaf:Image\" src=\"https:\/\/www.europesays.com\/be-fr\/wp-content\/uploads\/2026\/06\/84455716.png\" alt=\"fd3fdc67-16a3-40fd-8bcb-6b6e22d69e8a.png\"\/><br \/>\nEnvironnement, corruption et fake news<\/p>\n<p>Les manifestations ont donn\u00e9 lieu \u00e0 un d\u00e9ferlement de fausses informations \u2013 certains affirmant que l\u2019Albanie allait donner une partie de sa terre \u00e0 Isra\u00ebl, d\u2019autres que la Gr\u00e8ce \u00e9tait derri\u00e8re le mouvement pour r\u00e9cup\u00e9rer les investissements de la famille Trump\u2026<\/p>\n<p>&#13;<br \/>\n&#13;<\/p>\n<p>Mais dans le cort\u00e8ge qui se rassemble tous les soirs depuis d\u00e9but juin sur le boulevard principal de Tirana, des revendications pr\u00e9cises ont \u00e9merg\u00e9\u00a0: l\u2019annulation du projet touristique, l\u2019int\u00e9gration du delta de la rivi\u00e8re Vjosa au Parc national d\u00e9j\u00e0 existant, la fin de la loi sur les investissements strat\u00e9giques, dont a b\u00e9n\u00e9fici\u00e9 une entreprise li\u00e9e \u00e0 Jared Kushner pour la partie de son projet touristique pr\u00e9vu sur l\u2019\u00eele de Sazan, et la d\u00e9mission du Premier ministre.<\/p>\n<p>Les manifestants demandent aussi la suspension de l\u2019amendement \u00e0 la loi sur les aires prot\u00e9g\u00e9es qui a \u00ab\u00a0ouvert la voie \u00e0 une construction massive dans ces aires, et le cas de Zvernec n\u2019est qu\u2019un exemple parmi tant d\u2019autres\u00a0\u00bb, explique Besjana Guri, Fondatrice de l\u2019ONG Lumi.<\/p>\n<p>  <img decoding=\"async\" class=\"r-img\"  typeof=\"foaf:Image\" src=\"https:\/\/www.europesays.com\/be-fr\/wp-content\/uploads\/2026\/06\/84455864.png\" alt=\"c48bc4e9-9683-459d-9502-6bee020240d4.png\"\/><\/p>\n<p>  <img decoding=\"async\" class=\"r-img\"  typeof=\"foaf:Image\" src=\"https:\/\/www.europesays.com\/be-fr\/wp-content\/uploads\/2026\/06\/84455893.png\" alt=\"2099eb4e-7bf1-4614-a455-2777ee37a176.png\"\/><\/p>\n<p>Ainsi du nouvel a\u00e9roport de Vlora, construit \u00e0 cinq kilom\u00e8tres de la lagune de Narta \u2013 juste \u00e0 c\u00f4t\u00e9 du projet port\u00e9 par Kushner.<\/p>\n<p>Pour le gouvernement, il s\u2019agit d\u2019une infrastructure essentielle \u00e0 l\u2019accueil des touristes qui se d\u00e9versent sur les plages chaque \u00e9t\u00e9. En 2025 l\u2019Albanie en a accueilli plus de 12 millions, contre 2,6 millions en 2020.<\/p>\n<p>Confront\u00e9 aux rassemblements, le Premier ministre Edi Rama a choisi la moquerie \u2013 postant \u00e0 l\u2019envi sur ses r\u00e9seaux sociaux des vid\u00e9os moquant les d\u00e9fenseurs de l\u2019environnement, \u00e0 grand renfort d\u2019Intelligence artificielle. Sur l\u2019une, v\u00eatue d\u2019une jupe en ska\u00ef et d\u2019un top en r\u00e9sille transparent, il mime une influenceuse en train de compter les manifestants. Lundi, il arborait lors d\u2019un meeting un T-shirt avec un flamant rose, le symbole du mouvement.<\/p>\n<p>&#13;<br \/>\n&#13;<\/p>\n<p>\u00ab\u00a0S\u2019il ne s\u2019agissait pas de Kushner, ils n\u2019en auraient rien \u00e0 foutre\u00a0\u00bb, a-t-il lanc\u00e9 \u00e0 la presse vendredi en marge d\u2019un sommet europ\u00e9en.<\/p>\n<p>Une enqu\u00eate ouverte<\/p>\n<p>La justice albanaise a toutefois \u00e9t\u00e9 oblig\u00e9e de se pencher sur le projet \u2013 le SPAK, le parquet anticorruption \u2013 a ouvert une enqu\u00eate sur l\u2019origine des fonds qui ont servi \u00e0 acheter la terre \u00e0 Zvernec.<\/p>\n<p>Et ce projet pourrait ralentir le chemin vers l\u2019UE de l\u2019Albanie \u2013 la grande promesse de Rama, qui a fait campagne sur l\u2019int\u00e9gration europ\u00e9enne en 2030.<\/p>\n<p>\u00ab\u00a0Nous avons d\u00e9j\u00e0 fait part de nos pr\u00e9occupations au ministre de l\u2019Environnement concernant les \u00e9ventuelles lacunes de ce projet. Le ministre s\u2019est engag\u00e9 \u00e0 ce que les travaux de construction soient suspendus et \u00e0 ce qu\u2019une \u00e9tude d\u2019impact sur l\u2019environnement (EIE) compl\u00e8te soit r\u00e9alis\u00e9e pour ce projet, en consultation avec la soci\u00e9t\u00e9 civile\u00a0\u00bb, a dit \u00e0 l\u2019AFP un porte-parole de la Commission europ\u00e9enne.<\/p>\n<p>&#13;<br \/>\n&#13;<\/p>\n<p>\u00ab\u00a0Dans le cadre du processus d\u2019adh\u00e9sion \u00e0 l\u2019UE\u00a0\u00bb, ajout-t-on \u00e0 Bruxelles, \u00ab\u00a0il est attendu de l\u2019Albanie qu\u2019elle s\u2019aligne pleinement sur la l\u00e9gislation de l\u2019UE\u00a0\u00bb sur l\u2019Environnement, \u00ab\u00a0qu\u2019elle abroge les dispositions incompatibles (adopt\u00e9es par le biais des amendements \u00e0 la loi sur les zones prot\u00e9g\u00e9es) et qu\u2019elle mette fin \u00e0 la l\u00e9gislation de 2015 sur les investissements strat\u00e9giques.<\/p>\n<p>\u00ab\u00a0L\u2019Albanie devrait s\u2019abstenir de toute action susceptible de compromettre la r\u00e9alisation des crit\u00e8res de cl\u00f4ture et nous attendons des autorit\u00e9s albanaises qu\u2019elles agissent sans d\u00e9lai \u00ab, conclut le porte-parole.<\/p>\n<p><p>\tPubli\u00e9 le mardi 9 Juin 2026 \u00e0 10h09\n<\/p>\n<\/p>\n<p>&#13;<br \/>\n&#13;<\/p>\n","protected":false},"excerpt":{"rendered":"Depuis plus d\u2019une semaine, les manifestations se suivent \u00e0 Tirana contre un projet d\u2019h\u00f4tel de luxe li\u00e9 \u00e0&hellip;\n","protected":false},"author":2,"featured_media":135204,"comment_status":"","ping_status":"","sticky":false,"template":"","format":"standard","meta":{"footnotes":"","_share_on_mastodon":"0"},"categories":[9],"tags":[46030,5453,12,13,18,17,46031,641,1795,31,5025,5466,46032,5169,16762,32],"class_list":["post-135203","post","type-post","status-publish","format-standard","has-post-thumbnail","category-international","tag-lalbanie","tag-albanais","tag-be","tag-be-fr","tag-belgique","tag-belgium","tag-ebullition","tag-famille","tag-immobilier","tag-international","tag-milliers","tag-projet","tag-rues","tag-trump","tag-vendre","tag-world-news"],"share_on_mastodon":{"url":"https:\/\/pubeurope.com\/@be_fr\/116721825237965681","error":""},"_links":{"self":[{"href":"https:\/\/www.europesays.com\/be-fr\/wp-json\/wp\/v2\/posts\/135203","targetHints":{"allow":["GET"]}}],"collection":[{"href":"https:\/\/www.europesays.com\/be-fr\/wp-json\/wp\/v2\/posts"}],"about":[{"href":"https:\/\/www.europesays.com\/be-fr\/wp-json\/wp\/v2\/types\/post"}],"author":[{"embeddable":true,"href":"https:\/\/www.europesays.com\/be-fr\/wp-json\/wp\/v2\/users\/2"}],"replies":[{"embeddable":true,"href":"https:\/\/www.europesays.com\/be-fr\/wp-json\/wp\/v2\/comments?post=135203"}],"version-history":[{"count":0,"href":"https:\/\/www.europesays.com\/be-fr\/wp-json\/wp\/v2\/posts\/135203\/revisions"}],"wp:featuredmedia":[{"embeddable":true,"href":"https:\/\/www.europesays.com\/be-fr\/wp-json\/wp\/v2\/media\/135204"}],"wp:attachment":[{"href":"https:\/\/www.europesays.com\/be-fr\/wp-json\/wp\/v2\/media?parent=135203"}],"wp:term":[{"taxonomy":"category","embeddable":true,"href":"https:\/\/www.europesays.com\/be-fr\/wp-json\/wp\/v2\/categories?post=135203"},{"taxonomy":"post_tag","embeddable":true,"href":"https:\/\/www.europesays.com\/be-fr\/wp-json\/wp\/v2\/tags?post=135203"}],"curies":[{"name":"wp","href":"https:\/\/api.w.org\/{rel}","templated":true}]}}