{"id":135285,"date":"2026-06-09T21:06:11","date_gmt":"2026-06-09T21:06:11","guid":{"rendered":"https:\/\/www.europesays.com\/be-fr\/135285\/"},"modified":"2026-06-09T21:06:11","modified_gmt":"2026-06-09T21:06:11","slug":"examens-annules-mais-activite-laser-game-obligatoire-au-prestigieux-college-saint-michel-on-a-cru-que-cetait-une-blague","status":"publish","type":"post","link":"https:\/\/www.europesays.com\/be-fr\/135285\/","title":{"rendered":"Examens annul\u00e9s mais activit\u00e9 laser game \u00ab\u00a0obligatoire\u00a0\u00bb au prestigieux coll\u00e8ge Saint-Michel\u00a0: \u00ab\u00a0On a cru que c&rsquo;\u00e9tait une blague\u00a0\u00bb"},"content":{"rendered":"<p class=\"ap-StoryElement ap-StoryElement--mb ap-StoryText\">\u00ab\u00a0L&rsquo;information est arriv\u00e9e par voie num\u00e9rique. Aucune explication n&rsquo;a \u00e9t\u00e9 donn\u00e9e, les \u00e9l\u00e8ves n&rsquo;ayant pas eu ce mardi de contact avec leur titulaire. Dans les boucles WhatsApp entre parents, on se demande tous si ce n&rsquo;\u00e9tait pas une blague. Voil\u00e0 maintenant trois semaines que nos enfants sont livr\u00e9s \u00e0 eux-m\u00eames, sans encadrement scolaire\u00a0\u00bb, a signal\u00e9 une maman \u00e0 La DH.<\/p>\n<p>Activit\u00e9 obligatoire<\/p>\n<p class=\"ap-StoryElement ap-StoryElement--mb ap-StoryText\">L&rsquo;autre pierre d&rsquo;achoppement, c&rsquo;est le caract\u00e8re \u00ab\u00a0obligatoire\u00a0\u00bb de l&rsquo;activit\u00e9 qui est \u00ab\u00a0consid\u00e9r\u00e9e comme une journ\u00e9e scolaire\u00a0\u00bb. Toute absence doit \u00eatre justifi\u00e9e et d\u00e9clar\u00e9e \u00e0 l&rsquo;\u00e9ducateur des premi\u00e8res. \u00ab\u00a0Et l\u00e0 on a une sortie de loisirs factur\u00e9e 15 euros, est non seulement obligatoire mais en plus est consid\u00e9r\u00e9e comme une journ\u00e9e scolaire, toute absence devant \u00eatre justifi\u00e9e aupr\u00e8s de l&rsquo;\u00e9cole. Pour obtenir le soutien des parents au mouvement de gr\u00e8ve des profs, avouez qu&rsquo;on a vu mieux\u2026.\u00a0\u00bb, poursuit la m\u00e8re, qui malgr\u00e9 tout va inscrire sa fille. \u00ab\u00a0L&rsquo;organisation est douteuse, les \u00e9l\u00e8ves sont invit\u00e9s \u00e0 se rendre par leurs propres moyens au<a href=\"https:\/\/www.lalibre.be\/dernieres-depeches\/2026\/02\/25\/un-important-complexe-de-loisirs-va-voir-le-jour-dici-2027-a-ciney-6ARFA466ABAWDEC6YVTX3J76NQ\/\" target=\"_self\" rel=\"nofollow noopener\"> laser game<\/a>. On aurait pu \u00e0 tout le moins esp\u00e9rer un d\u00e9part depuis l&rsquo;\u00e9cole avec un encadrement appropri\u00e9 pour une &lsquo;sortie scolaire&rsquo;.\u00a0\u00bb<\/p>\n<p class=\"ap-StoryElement ap-StoryElement--mb ap-StoryText\">Le co\u00fbt ne passe bien non plus aupr\u00e8s de ce parent. \u00ab\u00a0Pour les parents, l&rsquo;explication est toute faite. 15 euros sont demand\u00e9s par \u00e9l\u00e8ve. Vous avez 75 \u00e9l\u00e8ves pour les trois classes concern\u00e9es, soit un chiffre d&rsquo;affaires de 1.125 euros. Lorsque vous allez consulter le site du laser game (coffee shop Beaubon \u00e0 Woluwe), la privatisation du lieu pour 70 personnes co\u00fbte 450 euros. L&rsquo;\u00e9cole g\u00e9n\u00e8re donc un b\u00e9n\u00e9fice de 675 euros\u2026 pour trois classes. Imaginez si toutes les classes de premi\u00e8re secondaire sont concern\u00e9es. Au <a href=\"https:\/\/www.lalibre.be\/belgique\/enseignement\/2025\/11\/10\/cortege-funebre-et-coups-de-klaxon-au-college-saint-michel-la-greve-sannonce-bruyante-certains-eleves-auront-cours-dautres-non-3W5GBQ3MTVC7XOUY6BVCSUUGDI\/\" target=\"_self\" rel=\"nofollow noopener\">Coll\u00e8ge Saint-Michel<\/a>, il y en a 12. Faites le calcul. La seule explication, c&rsquo;est que m\u00eame en p\u00e9riode de gr\u00e8ve, la direction s&rsquo;applique \u00e0 faire rentrer de l&rsquo;argent dans les caisses. Vous avez dit gratuit\u00e9 \u00e0 l&rsquo;\u00e9cole ?\u00a0\u00bb, analyse-t-elle.<\/p>\n<p>La direction du coll\u00e8ge se d\u00e9fend<\/p>\n<p class=\"ap-StoryElement ap-StoryElement--mb ap-StoryText\">Du c\u00f4t\u00e9 de la direction, on temp\u00e8re. \u00ab\u00a0Seules trois classes sur les douze sont concern\u00e9es et cela se passe apr\u00e8s<a href=\"https:\/\/www.lalibre.be\/belgique\/enseignement\/2026\/06\/09\/vers-une-annulation-du-ceb-ce1d-et-cess-valerie-glatigny-mr-dit-non-mais-les-engages-se-disent-ouverts-a-des-adaptations-SKVCBZPMS5HBDK6336PBQ7GYMI\/\" target=\"_self\" rel=\"nofollow noopener\"> la p\u00e9riode d&rsquo;examens<\/a>. Ce sera durant les d\u00e9lib\u00e9rations, moment o\u00f9 les \u00e9l\u00e8ves ne viennent pas \u00e0 l&rsquo;\u00e9cole car ce sont des jours blancs. Les professeurs encadrent b\u00e9n\u00e9volement cette activit\u00e9 qui ne fait pas partie \u00e0 proprement parler de leur charge de travail et ils le font entre les d\u00e9lib\u00e9rations pour lesquelles ils ne sont pas concern\u00e9s. Mais c&rsquo;est l&rsquo;occasion d&rsquo;une derni\u00e8re fois voir les \u00e9l\u00e8ves de mani\u00e8re plus festive\u00a0\u00bb, r\u00e9agit Beno\u00eet Gallez. \u00ab\u00a0Cette activit\u00e9 est organis\u00e9e \u00e0 l&rsquo;initiative d&rsquo;une d\u00e9l\u00e9gu\u00e9e de parents accompagn\u00e9e par trois enseignants titulaires.\u00a0\u00bb<\/p>\n<p class=\"ap-StoryElement ap-StoryElement--mb ap-StoryText\">Quant \u00e0 l&rsquo;aspect obligatoire de l&rsquo;activit\u00e9, le directeur justifie cela par pr\u00e9caution et simplification pour l&rsquo;\u00e9cole. \u00ab\u00a0Les enseignants et la direction engagent leur responsabilit\u00e9. Le caract\u00e8re obligatoire, c&rsquo;est pour ne pas devoir se poser des questions sur l&rsquo;absence \u00e9ventuelle d&rsquo;un \u00e9l\u00e8ve car si un jeune n&rsquo;est pas l\u00e0, on doit savoir pourquoi\u00a0\u00bb, pr\u00e9cise Beno\u00eet Gallez. \u00ab\u00a0Ce n&rsquo;est pas vraiment &lsquo;obligatoire&rsquo;. Si quelqu&rsquo;un ne veut pas participer, il n&rsquo;a qu&rsquo;\u00e0 pr\u00e9venir.\u00a0\u00bb<\/p>\n","protected":false},"excerpt":{"rendered":"\u00ab\u00a0L&rsquo;information est arriv\u00e9e par voie num\u00e9rique. Aucune explication n&rsquo;a \u00e9t\u00e9 donn\u00e9e, les \u00e9l\u00e8ves n&rsquo;ayant pas eu ce mardi&hellip;\n","protected":false},"author":2,"featured_media":135286,"comment_status":"","ping_status":"","sticky":false,"template":"","format":"standard","meta":{"footnotes":"","_share_on_mastodon":"0"},"categories":[8],"tags":[10,12,13,18,17,26523,45261,11,4484,1431,1433,104],"class_list":["post-135285","post","type-post","status-publish","format-standard","has-post-thumbnail","category-actualites","tag-actualites","tag-be","tag-be-fr","tag-belgique","tag-belgium","tag-federation-wallonie-bruxelles","tag-fedwalbru","tag-news","tag-parlement","tag-plenaire","tag-pleniere","tag-politics"],"share_on_mastodon":{"url":"https:\/\/pubeurope.com\/@be_fr\/116722190581790023","error":""},"_links":{"self":[{"href":"https:\/\/www.europesays.com\/be-fr\/wp-json\/wp\/v2\/posts\/135285","targetHints":{"allow":["GET"]}}],"collection":[{"href":"https:\/\/www.europesays.com\/be-fr\/wp-json\/wp\/v2\/posts"}],"about":[{"href":"https:\/\/www.europesays.com\/be-fr\/wp-json\/wp\/v2\/types\/post"}],"author":[{"embeddable":true,"href":"https:\/\/www.europesays.com\/be-fr\/wp-json\/wp\/v2\/users\/2"}],"replies":[{"embeddable":true,"href":"https:\/\/www.europesays.com\/be-fr\/wp-json\/wp\/v2\/comments?post=135285"}],"version-history":[{"count":0,"href":"https:\/\/www.europesays.com\/be-fr\/wp-json\/wp\/v2\/posts\/135285\/revisions"}],"wp:featuredmedia":[{"embeddable":true,"href":"https:\/\/www.europesays.com\/be-fr\/wp-json\/wp\/v2\/media\/135286"}],"wp:attachment":[{"href":"https:\/\/www.europesays.com\/be-fr\/wp-json\/wp\/v2\/media?parent=135285"}],"wp:term":[{"taxonomy":"category","embeddable":true,"href":"https:\/\/www.europesays.com\/be-fr\/wp-json\/wp\/v2\/categories?post=135285"},{"taxonomy":"post_tag","embeddable":true,"href":"https:\/\/www.europesays.com\/be-fr\/wp-json\/wp\/v2\/tags?post=135285"}],"curies":[{"name":"wp","href":"https:\/\/api.w.org\/{rel}","templated":true}]}}