{"id":136378,"date":"2026-06-10T17:40:07","date_gmt":"2026-06-10T17:40:07","guid":{"rendered":"https:\/\/www.europesays.com\/be-fr\/136378\/"},"modified":"2026-06-10T17:40:07","modified_gmt":"2026-06-10T17:40:07","slug":"prendre-systematiquement-en-compte-la-moyenne-generale-par-discipline-voici-les-balises-envoyees-par-wbe-aux-ecoles-pour-les-epreuves-externes","status":"publish","type":"post","link":"https:\/\/www.europesays.com\/be-fr\/136378\/","title":{"rendered":"\u00ab\u00a0Prendre syst\u00e9matiquement en compte la moyenne g\u00e9n\u00e9rale par discipline\u00a0\u00bb\u00a0: voici les balises envoy\u00e9es par WBE aux \u00e9coles pour les \u00e9preuves externes"},"content":{"rendered":"<p class=\"ap-StoryElement ap-StoryElement--mb ap-StoryText\">Faute de plus de pr\u00e9cisions pratiques de la part du gouvernement, <a href=\"https:\/\/www.lalibre.be\/belgique\/enseignement\/2026\/06\/05\/la-rentree-scolaire-sera-de-toute-facon-desorganisee-HVZKMUGZKJHY3EYYF4R6E4OPUE\/\" target=\"_blank\" rel=\"noreferrer noopener nofollow\">les pouvoirs organisateurs<\/a> (PO) s&rsquo;organisent pour \u00e9tablir et harmoniser un cadre plus pr\u00e9cis dans leurs \u00e9coles. C&rsquo;est notamment le cas de WBE (Wallonie-Bruxelles Enseignement), le pouvoir organisateur de tous les \u00e9tablissements scolaires qui d\u00e9pendent directement de la F\u00e9d\u00e9ration Wallonie-Bruxelles.<\/p>\n<p><a href=\"https:\/\/www.lalibre.be\/belgique\/enseignement\/2026\/06\/09\/vers-une-annulation-du-ceb-ce1d-et-cess-valerie-glatigny-mr-dit-non-mais-les-engages-se-disent-ouverts-a-des-adaptations-SKVCBZPMS5HBDK6336PBQ7GYMI\/\" target=\"_self\" class=\"ap-StoryInterstitialLink ap-StoryElement ap-StoryElement--mb\" rel=\"nofollow noopener\">Vers une annulation du CEB, CE1D et CESS ? La ministre Glatigny (MR) dit \u00ab\u00a0non\u00a0\u00bb<\/a>Faire valoir l&rsquo;int\u00e9r\u00eat des \u00e9l\u00e8ves<\/p>\n<p class=\"ap-StoryElement ap-StoryElement--mb ap-StoryText\">Dans une communication envoy\u00e9e \u00e0 ses \u00e9tablissements, WBE rappelle que sa position est claire depuis le d\u00e9but de la mobilisation. \u00ab\u00a0Si nous ne remettons pas en cause le droit des coll\u00e8gues et des \u00e9quipes d&rsquo;exprimer leur d\u00e9saccord, dans la limite de la l\u00e9galit\u00e9 et le respect du cadre r\u00e9glementaire et des statuts, nous demandons aux \u00e9tablissements de faire toujours pr\u00e9valoir l&rsquo;int\u00e9r\u00eat des \u00e9l\u00e8ves. Il en va de m\u00eame pour les \u00e9preuves externes certificatives\u00a0\u00bb, fait valoir le PO.<\/p>\n<p class=\"ap-StoryElement ap-StoryElement--mb ap-StoryText\">Le pouvoir organisateur appelle ses \u00e9coles ayant \u00e9t\u00e9 \u00ab\u00a0fortement impact\u00e9es par les mouvements de gr\u00e8ve des derni\u00e8res semaines\u00a0\u00bb \u00e0 suivre des balises communes. Y est notamment rappel\u00e9e l&rsquo;obligation d&rsquo;organisation, de passation et de correction des \u00e9preuves externes certificatives.<\/p>\n<p><a href=\"https:\/\/www.lalibre.be\/belgique\/enseignement\/2026\/06\/05\/la-rentree-scolaire-sera-de-toute-facon-desorganisee-HVZKMUGZKJHY3EYYF4R6E4OPUE\/\" target=\"_self\" class=\"ap-StoryInterstitialLink ap-StoryElement ap-StoryElement--mb\" rel=\"nofollow noopener\">\u00ab\u00a0La rentr\u00e9e scolaire sera de toute fa\u00e7on d\u00e9sorganis\u00e9e\u00a0\u00bb<\/a>Trois cas de figure<\/p>\n<p class=\"ap-StoryElement ap-StoryElement--mb ap-StoryText\">WBE invite cependant ses \u00e9tablissements \u00e0 prendre en compte syst\u00e9matiquement, lors de la d\u00e9lib\u00e9ration, la moyenne g\u00e9n\u00e9rale obtenue par l&rsquo;\u00e9l\u00e8ve pour chaque discipline sur l&rsquo;ensemble des trois p\u00e9riodes. \u00ab\u00a0Si le r\u00e9sultat obtenu par l&rsquo;\u00e9l\u00e8ve \u00e0 l&rsquo;\u00e9preuve externe est sup\u00e9rieur \u00e0 la moyenne de l&rsquo;ann\u00e9e, c&rsquo;est ce dernier qui pr\u00e9vaut. Et si le r\u00e9sultat obtenu par l&rsquo;\u00e9l\u00e8ve \u00e0 l&rsquo;\u00e9preuve externe est inf\u00e9rieur \u00e0 la moyenne de l&rsquo;ann\u00e9e, alors, c&rsquo;est la moyenne de l&rsquo;ann\u00e9e qui pr\u00e9vaut. Enfin, si l&rsquo;\u00e9l\u00e8ve se trouve en position d&rsquo;\u00e9chec malgr\u00e9 tout, il revient au Conseil de d\u00e9lib\u00e9ration de se positionner, sur la base de tout \u00e9l\u00e9ment concourant \u00e0 l&rsquo;analyse de la situation individuelle de l&rsquo;\u00e9l\u00e8ve\u00a0\u00bb, pr\u00e9cise la communication.<\/p>\n<p class=\"ap-StoryElement ap-StoryElement--mb ap-StoryText\">Le pouvoir organisateur rappelle en dernier lieu que le Conseil de classe reste souverain et que ses d\u00e9cisions doivent \u00eatre prises au b\u00e9n\u00e9fice des \u00e9l\u00e8ves.<\/p>\n","protected":false},"excerpt":{"rendered":"Faute de plus de pr\u00e9cisions pratiques de la part du gouvernement, les pouvoirs organisateurs (PO) s&rsquo;organisent pour \u00e9tablir&hellip;\n","protected":false},"author":2,"featured_media":136379,"comment_status":"","ping_status":"","sticky":false,"template":"","format":"standard","meta":{"footnotes":"","_share_on_mastodon":"0"},"categories":[8],"tags":[10,12,13,18,17,26523,45261,11,4484,1431,1433,104],"class_list":["post-136378","post","type-post","status-publish","format-standard","has-post-thumbnail","category-actualites","tag-actualites","tag-be","tag-be-fr","tag-belgique","tag-belgium","tag-federation-wallonie-bruxelles","tag-fedwalbru","tag-news","tag-parlement","tag-plenaire","tag-pleniere","tag-politics"],"share_on_mastodon":{"url":"https:\/\/pubeurope.com\/@be_fr\/116727042770522815","error":""},"_links":{"self":[{"href":"https:\/\/www.europesays.com\/be-fr\/wp-json\/wp\/v2\/posts\/136378","targetHints":{"allow":["GET"]}}],"collection":[{"href":"https:\/\/www.europesays.com\/be-fr\/wp-json\/wp\/v2\/posts"}],"about":[{"href":"https:\/\/www.europesays.com\/be-fr\/wp-json\/wp\/v2\/types\/post"}],"author":[{"embeddable":true,"href":"https:\/\/www.europesays.com\/be-fr\/wp-json\/wp\/v2\/users\/2"}],"replies":[{"embeddable":true,"href":"https:\/\/www.europesays.com\/be-fr\/wp-json\/wp\/v2\/comments?post=136378"}],"version-history":[{"count":0,"href":"https:\/\/www.europesays.com\/be-fr\/wp-json\/wp\/v2\/posts\/136378\/revisions"}],"wp:featuredmedia":[{"embeddable":true,"href":"https:\/\/www.europesays.com\/be-fr\/wp-json\/wp\/v2\/media\/136379"}],"wp:attachment":[{"href":"https:\/\/www.europesays.com\/be-fr\/wp-json\/wp\/v2\/media?parent=136378"}],"wp:term":[{"taxonomy":"category","embeddable":true,"href":"https:\/\/www.europesays.com\/be-fr\/wp-json\/wp\/v2\/categories?post=136378"},{"taxonomy":"post_tag","embeddable":true,"href":"https:\/\/www.europesays.com\/be-fr\/wp-json\/wp\/v2\/tags?post=136378"}],"curies":[{"name":"wp","href":"https:\/\/api.w.org\/{rel}","templated":true}]}}