{"id":137040,"date":"2026-06-11T09:43:17","date_gmt":"2026-06-11T09:43:17","guid":{"rendered":"https:\/\/www.europesays.com\/be-fr\/137040\/"},"modified":"2026-06-11T09:43:17","modified_gmt":"2026-06-11T09:43:17","slug":"prete-a-saint-trond-la-saison-derniere-keisuke-goto-quitte-definitivement-anderlecht","status":"publish","type":"post","link":"https:\/\/www.europesays.com\/be-fr\/137040\/","title":{"rendered":"Pr\u00eat\u00e9 \u00e0 Saint-Trond la saison derni\u00e8re, Keisuke Goto quitte d\u00e9finitivement Anderlecht\u00a0!"},"content":{"rendered":"<p class=\"ap-StoryElement ap-StoryElement--mb ap-StoryText\">Ce n&rsquo;\u00e9tait un secret pour personne, apr\u00e8s sa bonne saison du c\u00f4t\u00e9 de Saint-Trond, Keisuke Goto ne se voyait pas rester en Belgique la saison prochaine. Il ne voulait certainement pas retourner \u00e0 Anderlecht, comme il l&rsquo;a bien montr\u00e9 lors de la derni\u00e8re confrontation entre les deux \u00e9quipes en Playoffs. Un sentiment r\u00e9ciproque pour de nombreuses personnes au RSCA.<\/p>\n<p class=\"ap-StoryElement ap-StoryElement--mb ap-StoryText\">Pr\u00eat\u00e9 aux Canaris lors de la derni\u00e8re saison, le Japonais a crev\u00e9 l&rsquo;\u00e9cran avec 13 buts et 8 assists en 40 matchs. De quoi motiver son envie d&rsquo;ailleurs et lui permettre de disputer la Coupe du monde en Am\u00e9rique du Nord ces derni\u00e8res semaines.<\/p>\n","protected":false},"excerpt":{"rendered":"Ce n&rsquo;\u00e9tait un secret pour personne, apr\u00e8s sa bonne saison du c\u00f4t\u00e9 de Saint-Trond, Keisuke Goto ne se&hellip;\n","protected":false},"author":2,"featured_media":137041,"comment_status":"","ping_status":"","sticky":false,"template":"","format":"standard","meta":{"footnotes":"","_share_on_mastodon":"0"},"categories":[81],"tags":[12,13,18,17,1076,1077,1078,1079,1080,482,3743,3745,33162,1081,1766,4185,4186,906,1767,3064,84,1082],"class_list":["post-137040","post","type-post","status-publish","format-standard","has-post-thumbnail","category-sports","tag-be","tag-be-fr","tag-belgique","tag-belgium","tag-d1","tag-division-un","tag-eerste-klasse","tag-first-division","tag-foot","tag-football","tag-po","tag-po1","tag-poa","tag-premiere-division","tag-rsca","tag-saint-trond","tag-sint-truiden","tag-soccer","tag-sporting","tag-sporting-anderlecht","tag-sports","tag-voetbal"],"share_on_mastodon":{"url":"https:\/\/pubeurope.com\/@be_fr\/116730829548160848","error":""},"_links":{"self":[{"href":"https:\/\/www.europesays.com\/be-fr\/wp-json\/wp\/v2\/posts\/137040","targetHints":{"allow":["GET"]}}],"collection":[{"href":"https:\/\/www.europesays.com\/be-fr\/wp-json\/wp\/v2\/posts"}],"about":[{"href":"https:\/\/www.europesays.com\/be-fr\/wp-json\/wp\/v2\/types\/post"}],"author":[{"embeddable":true,"href":"https:\/\/www.europesays.com\/be-fr\/wp-json\/wp\/v2\/users\/2"}],"replies":[{"embeddable":true,"href":"https:\/\/www.europesays.com\/be-fr\/wp-json\/wp\/v2\/comments?post=137040"}],"version-history":[{"count":0,"href":"https:\/\/www.europesays.com\/be-fr\/wp-json\/wp\/v2\/posts\/137040\/revisions"}],"wp:featuredmedia":[{"embeddable":true,"href":"https:\/\/www.europesays.com\/be-fr\/wp-json\/wp\/v2\/media\/137041"}],"wp:attachment":[{"href":"https:\/\/www.europesays.com\/be-fr\/wp-json\/wp\/v2\/media?parent=137040"}],"wp:term":[{"taxonomy":"category","embeddable":true,"href":"https:\/\/www.europesays.com\/be-fr\/wp-json\/wp\/v2\/categories?post=137040"},{"taxonomy":"post_tag","embeddable":true,"href":"https:\/\/www.europesays.com\/be-fr\/wp-json\/wp\/v2\/tags?post=137040"}],"curies":[{"name":"wp","href":"https:\/\/api.w.org\/{rel}","templated":true}]}}