{"id":137262,"date":"2026-06-11T12:28:09","date_gmt":"2026-06-11T12:28:09","guid":{"rendered":"https:\/\/www.europesays.com\/be-fr\/137262\/"},"modified":"2026-06-11T12:28:09","modified_gmt":"2026-06-11T12:28:09","slug":"benoit-poelvoorde-denis-podalydes-catherine-frot-franck-dubosc-devoile-le-casting-cinq-etoiles-de-son-nouveau-film","status":"publish","type":"post","link":"https:\/\/www.europesays.com\/be-fr\/137262\/","title":{"rendered":"Beno\u00eet Poelvoorde, Denis Podalyd\u00e8s, Catherine Frot&#8230; Franck Dubosc d\u00e9voile le casting cinq \u00e9toiles de son nouveau film"},"content":{"rendered":"<p>\n    L\u2019acteur repasse derri\u00e8re la cam\u00e9ra avec 5\u00a0h\u00a048 place des Martyrs, dont le tournage devrait d\u00e9buter dans quelques jours. Fran\u00e7ois Berl\u00e9and et Vincent Macaigne font \u00e9galement partie de cette exceptionnelle distribution.<\/p>\n<p class=\"fig-paragraph\">Apr\u00e8s le succ\u00e8s critique et commercial d\u2019<a href=\"http:\/\/www.lefigaro.fr\/culture\/notre-critique-d-un-ours-dans-le-jura-une-comedie-noire-mal-lechee-20241230\" data-fig-type=\"Article\" data-gtm-custom-categorie=\"navigation\" data-gtm-custom-action=\"crossclick\" data-gtm-custom-label=\"Contextuel\" data-gtm-event=\"customEventSPE\" data-fig-domain=\"LEFIGARO\" rel=\"nofollow noopener\" target=\"_blank\">Un ours dans le Jura<\/a> ,\u00a0<a href=\"http:\/\/www.lefigaro.fr\/flash-actu\/gerard-jugnot-franck-dubosc-a-l-approche-des-cesar-4000-comediens-denoncent-le-pillage-en-regle-du-cinema-par-l-ia-20260222\" data-fig-type=\"NewsFlash\" data-gtm-custom-categorie=\"navigation\" data-gtm-custom-action=\"crossclick\" data-gtm-custom-label=\"Contextuel\" data-gtm-event=\"customEventSPE\" data-fig-domain=\"LEFIGARO\" rel=\"nofollow noopener\" target=\"_blank\">Franck Dubosc<\/a>\u00a0revient derri\u00e8re les cam\u00e9ras. L\u2019acteur f\u00e9tiche de la saga Camping pr\u00e9pare donc actuellement\u00a0<a href=\"http:\/\/www.lefigaro.fr\/cinema\/franck-dubosc-va-realiser-5-h-48-place-des-martyrs-l-histoire-d-un-chauffeur-de-bus-qui-prend-ses-passagers-en-otage-20251230\" data-fig-type=\"NewsFlash\" data-gtm-custom-categorie=\"navigation\" data-gtm-custom-action=\"crossclick\" data-gtm-custom-label=\"Contextuel\" data-gtm-event=\"customEventSPE\" data-fig-domain=\"LEFIGARO\" rel=\"nofollow noopener\" target=\"_blank\">son prochain long-m\u00e9trage en tant que r\u00e9alisateur<\/a>. Le quatri\u00e8me de sa carri\u00e8re. Le tournage devrait commencer dans quelques jours. Il a baptis\u00e9 cette nouvelle \u0153uvre, pr\u00e9sent\u00e9e comme une com\u00e9die sociale, 5\u00a0h\u00a048 place des Martyrs. D\u2019apr\u00e8s le synopsis, tr\u00e8s succinct, l\u2019histoire narrera le parcours \u00ab\u00a0d\u2019un chauffeur de bus prenant ses voyageurs en otage&#8230; apr\u00e8s les avoir pr\u00e9venus\u00a0\u00bb.<\/p>\n<p class=\"fig-paragraph\">Le r\u00e9alisateur et les studios<a href=\"https:\/\/www.lefigaro.fr\/medias\/gaumont-lance-un-netflix-des-films-en-noir-et-blanc-20220512\" data-fig-type=\"Article\" data-gtm-custom-categorie=\"navigation\" data-gtm-custom-action=\"crossclick\" data-gtm-custom-label=\"Contextuel\" data-gtm-event=\"customEventSPE\" data-fig-domain=\"LEFIGARO\" rel=\"nofollow noopener\" target=\"_blank\">\u00a0Gaumont<\/a>, producteurs du film, ont d\u00e9voil\u00e9 les noms des com\u00e9diens sur les r\u00e9seaux sociaux mercredi soir. Franck Dubosc tiendra le r\u00f4le principal, celui d\u2019un d\u00e9nomm\u00e9 Gilles. Il partagera cette affiche aux c\u00f4t\u00e9s d\u2019un casting tr\u00e8s prestigieux. L\u2019acteur belge\u00a0<a href=\"http:\/\/www.lefigaro.fr\/cinema\/benoit-poelvoorde-les-faiblesses-humaines-la-lachete-les-trucs-un-peu-moches-m-interessent-20221108\" data-fig-type=\"Article\" data-gtm-custom-categorie=\"navigation\" data-gtm-custom-action=\"crossclick\" data-gtm-custom-label=\"Contextuel\" data-gtm-event=\"customEventSPE\" data-fig-domain=\"LEFIGARO\" rel=\"nofollow noopener\" target=\"_blank\">Beno\u00eet Poelvoorde<\/a>, aper\u00e7u dans l\u2019Ours dans le Jura, le soci\u00e9taire de la Com\u00e9die-Fran\u00e7aise\u00a0<a href=\"http:\/\/www.lefigaro.fr\/cinema\/denis-podalydes-maurice-pialat-ne-pourrait-plus-tourner-comme-il-tournait-20240109\" data-fig-type=\"Article\" data-gtm-custom-categorie=\"navigation\" data-gtm-custom-action=\"crossclick\" data-gtm-custom-label=\"Contextuel\" data-gtm-event=\"customEventSPE\" data-fig-domain=\"LEFIGARO\" rel=\"nofollow noopener\" target=\"_blank\">Denis Podalyd\u00e8s\u00a0<\/a>et l\u2019ind\u00e9modable\u00a0<a href=\"http:\/\/www.lefigaro.fr\/arts-expositions\/francois-berleand-parrain-du-festival-du-dessin-d-arles-j-ai-toujours-eu-un-rapport-fort-a-la-peinture-20250410\" data-fig-type=\"Article\" data-gtm-custom-categorie=\"navigation\" data-gtm-custom-action=\"crossclick\" data-gtm-custom-label=\"Contextuel\" data-gtm-event=\"customEventSPE\" data-fig-domain=\"LEFIGARO\" rel=\"nofollow noopener\" target=\"_blank\">Fran\u00e7ois Berl\u00e9and<\/a>\u00a0ont \u00e9t\u00e9 convi\u00e9s. Tout comme\u00a0<a href=\"https:\/\/www.lefigaro.fr\/theatre\/catherine-frot-et-michel-fau-les-rois-du-boulevard-20220626\" data-fig-type=\"Article\" data-gtm-custom-categorie=\"navigation\" data-gtm-custom-action=\"crossclick\" data-gtm-custom-label=\"Contextuel\" data-gtm-event=\"customEventSPE\" data-fig-domain=\"LEFIGARO\" rel=\"nofollow noopener\" target=\"_blank\">Catherine Frot<\/a>\u00a0(Marguerite),\u00a0<a href=\"http:\/\/www.lefigaro.fr\/theatre\/avant-la-terreur-vincent-macaigne-fait-beaucoup-de-bruit-pour-rien-20231012\" data-fig-type=\"Article\" data-gtm-custom-categorie=\"navigation\" data-gtm-custom-action=\"crossclick\" data-gtm-custom-label=\"Contextuel\" data-gtm-event=\"customEventSPE\" data-fig-domain=\"LEFIGARO\" rel=\"nofollow noopener\" target=\"_blank\">Vincent Macaigne<\/a>\u00a0(La Bataille de Solf\u00e9rino),\u00a0<a href=\"https:\/\/www.lefigaro.fr\/cinema\/2017\/10\/19\/03002-20171019ARTFIG00250-valerie-karsenti-actrice-libre.php\" data-fig-type=\"Article\" data-gtm-custom-categorie=\"navigation\" data-gtm-custom-action=\"crossclick\" data-gtm-custom-label=\"Contextuel\" data-gtm-event=\"customEventSPE\" data-fig-domain=\"LEFIGARO\" rel=\"nofollow noopener\" target=\"_blank\">Val\u00e9rie Karsenti<\/a>\u00a0(Sc\u00e8nes de m\u00e9nages), Romain Levi (The Walking Dead\u00a0:\u00a0Daryl Dixon) ou encore\u00a0<a href=\"http:\/\/www.lefigaro.fr\/cinema\/je-n-etais-pas-heureuse-emmanuelle-beart-revient-sur-son-attitude-indocile-avec-le-realisateur-claude-berri-20250225\" data-fig-type=\"Article\" data-gtm-custom-categorie=\"navigation\" data-gtm-custom-action=\"crossclick\" data-gtm-custom-label=\"Contextuel\" data-gtm-event=\"customEventSPE\" data-fig-domain=\"LEFIGARO\" rel=\"nofollow noopener\" target=\"_blank\">Emmanuelle B\u00e9art<\/a>, Sarah Suco, Kim Higelin, Maria Kallimani, Armindo Alves, Naidra Ayadi et Jean-Claude Muaka.<\/p>\n<p>                                            <a class=\"fig-a11y-skip\" href=\"#fig-a11y-skip-main-inarticle\" is=\"fig-a11y-skip\" data-trigger-mode=\"visible-once\"><br \/>\n    Passer la publicit\u00e9<br \/>\n<\/a>            <\/p>\n<p>                                            Quatre r\u00f4les cette ann\u00e9e<\/p>\n<p class=\"fig-paragraph\">En parall\u00e8le de ce tournage XXL, Franck Dubosc s\u2019appr\u00eate \u00e0 jouer quatre nouveaux r\u00f4les dans des films attendus au cours de l\u2019ann\u00e9e. L\u2019acteur sera \u00e0 l\u2019affiche, le 24 juin, des Caprices de l\u2019Enfant Roi, de Michel Leclerc, avec\u00a0<a href=\"http:\/\/www.lefigaro.fr\/cinema\/artus-incarnera-cyrano-de-bergerac-dans-le-prochain-film-de-michel-leclerc-20250618\" data-fig-type=\"Article\" data-gtm-custom-categorie=\"navigation\" data-gtm-custom-action=\"crossclick\" data-gtm-custom-label=\"Contextuel\" data-gtm-event=\"customEventSPE\" data-fig-domain=\"LEFIGARO\" rel=\"nofollow noopener\" target=\"_blank\">Artus<\/a>, Julia Piaton et Nemo Schiffman. Il reviendra \u00e9galement dans le troisi\u00e8me volet de Kaamelott d\u2019<a href=\"http:\/\/www.lefigaro.fr\/cinema\/alexandre-astier-souhaite-offrir-aux-fans-le-director-s-cut-de-kaamelott-premier-volet-20251030\" data-fig-type=\"Article\" data-gtm-custom-categorie=\"navigation\" data-gtm-custom-action=\"crossclick\" data-gtm-custom-label=\"Contextuel\" data-gtm-event=\"customEventSPE\" data-fig-domain=\"LEFIGARO\" rel=\"nofollow noopener\" target=\"_blank\">Alexandre Astier<\/a>, le 11 novembre, dans lequel il reprendra son r\u00f4le d\u2019Alfarn. Les cin\u00e9philes le verront ensuite dans Lady Chang, le nouveau film du r\u00e9alisateur Xavier Gens, ainsi que dans Le Teckel, une adaptation de la bande dessin\u00e9e d\u2019Herv\u00e9 Bouthis, sign\u00e9e Mathieu Sapin.<\/p>\n<p class=\"fig-body-link\">\n            \u00c0 lire aussi<br \/>\n        <a class=\"fig-body-link__link\" href=\"http:\/\/www.lefigaro.fr\/cinema\/franck-dubosc-va-realiser-5-h-48-place-des-martyrs-l-histoire-d-un-chauffeur-de-bus-qui-prend-ses-passagers-en-otage-20251230\" target=\"_blank\" data-fig-type=\"NewsFlash\" rel=\"noopener nofollow\" data-gtm-custom-categorie=\"navigation\" data-gtm-custom-action=\"crossclick\" data-gtm-custom-label=\"Contextuel\" data-gtm-event=\"customEventSPE\" data-fig-domain=\"LEFIGARO\"><br \/>\n                Franck Dubosc va r\u00e9aliser 5 h 48 place des Martyrs, l\u2019histoire d\u2019un chauffeur de bus qui prend ses passagers en otage<br \/>\n    <\/a>\n<\/p>\n<p class=\"fig-paragraph\">L\u2019an pass\u00e9, Franck Dubosc avait fait sensation aux C\u00e9sar<a href=\"https:\/\/video.lefigaro.fr\/madame\/le-fou-rire-de-julia-roberts-pendant-la-50e-ceremonie-des-cesar-20250228\" data-fig-type=\"Video\" data-gtm-custom-categorie=\"navigation\" data-gtm-custom-action=\"crossclick\" data-gtm-custom-label=\"Contextuel\" data-gtm-event=\"customEventSPE\" data-fig-domain=\"MADAME\" rel=\"nofollow noopener\" target=\"_blank\">\u00a0en recevant le \u00ab C\u00e9sario\u00a0\u00bb<\/a>, une r\u00e9compense adress\u00e9e \u00e0 ceux qui n\u2019ont jamais re\u00e7u de prix lors de la c\u00e9r\u00e9monie. En 2026, il a enfin \u00e9t\u00e9 distingu\u00e9 par un C\u00e9sar du meilleur sc\u00e9nario pour Un Ours dans le Jura. Un coup du destin\u00a0?\u00a0Sur sc\u00e8ne, il avait d\u00e9clar\u00e9 que ce prix ne serait pas le dernier de sa carri\u00e8re et qu\u2019il \u00ab\u00a0reviendrait\u00a0\u00bb. C\u2019est fait&#8230;<\/p>\n","protected":false},"excerpt":{"rendered":"L\u2019acteur repasse derri\u00e8re la cam\u00e9ra avec 5\u00a0h\u00a048 place des Martyrs, dont le tournage devrait d\u00e9buter dans quelques jours.&hellip;\n","protected":false},"author":2,"featured_media":137263,"comment_status":"","ping_status":"","sticky":false,"template":"","format":"standard","meta":{"footnotes":"","_share_on_mastodon":"0"},"categories":[102],"tags":[12,13,18,17,3443,129,128,96,95,10220,109],"class_list":["post-137262","post","type-post","status-publish","format-standard","has-post-thumbnail","category-people","tag-be","tag-be-fr","tag-belgique","tag-belgium","tag-casting","tag-celebrities","tag-celebrity","tag-divertissement","tag-entertainment","tag-franck-dubosc","tag-people"],"share_on_mastodon":{"url":"https:\/\/pubeurope.com\/@be_fr\/116731478439938633","error":""},"_links":{"self":[{"href":"https:\/\/www.europesays.com\/be-fr\/wp-json\/wp\/v2\/posts\/137262","targetHints":{"allow":["GET"]}}],"collection":[{"href":"https:\/\/www.europesays.com\/be-fr\/wp-json\/wp\/v2\/posts"}],"about":[{"href":"https:\/\/www.europesays.com\/be-fr\/wp-json\/wp\/v2\/types\/post"}],"author":[{"embeddable":true,"href":"https:\/\/www.europesays.com\/be-fr\/wp-json\/wp\/v2\/users\/2"}],"replies":[{"embeddable":true,"href":"https:\/\/www.europesays.com\/be-fr\/wp-json\/wp\/v2\/comments?post=137262"}],"version-history":[{"count":0,"href":"https:\/\/www.europesays.com\/be-fr\/wp-json\/wp\/v2\/posts\/137262\/revisions"}],"wp:featuredmedia":[{"embeddable":true,"href":"https:\/\/www.europesays.com\/be-fr\/wp-json\/wp\/v2\/media\/137263"}],"wp:attachment":[{"href":"https:\/\/www.europesays.com\/be-fr\/wp-json\/wp\/v2\/media?parent=137262"}],"wp:term":[{"taxonomy":"category","embeddable":true,"href":"https:\/\/www.europesays.com\/be-fr\/wp-json\/wp\/v2\/categories?post=137262"},{"taxonomy":"post_tag","embeddable":true,"href":"https:\/\/www.europesays.com\/be-fr\/wp-json\/wp\/v2\/tags?post=137262"}],"curies":[{"name":"wp","href":"https:\/\/api.w.org\/{rel}","templated":true}]}}