{"id":138443,"date":"2026-06-12T11:00:13","date_gmt":"2026-06-12T11:00:13","guid":{"rendered":"https:\/\/www.europesays.com\/be-fr\/138443\/"},"modified":"2026-06-12T11:00:13","modified_gmt":"2026-06-12T11:00:13","slug":"benet-dix-artistes-peintres-au-coeur-du-marais-poitevin","status":"publish","type":"post","link":"https:\/\/www.europesays.com\/be-fr\/138443\/","title":{"rendered":"Benet. Dix artistes peintres au c\u0153ur du Marais poitevin"},"content":{"rendered":"<p>Elles sont venues, de Toulouse, Brive-la-Gaillarde, Versailles, Paris, Tulle, Soulac, Val-de-Marne, participer \u00e0 une journ\u00e9e d\u00e9couvertes au port de Sainte-Christine, lundi 8\u00a0juin.<\/p>\n<p>Sous la conduite de Claude All\u00e8gre, aquarelliste, s\u00e9lectionn\u00e9e lors de diff\u00e9rents salons, dix participantes ont, \u00e0 partir d\u2019une base de dessins, travaill\u00e9 sur le sujet \u00ab\u00a0le marais, le fr\u00eane t\u00eatard, le saule pleureur\u00a0\u00bb, \u00e0 travers la mise en page d\u2019un carnet de voyage, entre th\u00e9orie sur le dessin, composition et mise en pratique.<\/p>\n<p>        Le Marais poitevin illustr\u00e9<\/p>\n<p>\u00a0Une belle fa\u00e7on de leur faire d\u00e9couvrir notre beau Marais poitevin. Un riche patrimoine \u00e0 exploiter sans fin\u00a0, souligne Claude All\u00e8gre. L\u2019objectif\u00a0: \u00a0comprendre et interpr\u00e9ter notre ressenti au niveau d\u2019un m\u00eame endroit, \u00e0 travers plusieurs croquis plus ou moins aquarell\u00e9s ou encr\u00e9s, avec parfois la mise en place de collages, reli\u00e9s par des liens qui apportent une dynamique, le tout accompagn\u00e9 d\u2019une \u00e9criture plus ou moins imag\u00e9e.\u00a0 Claude All\u00e8gre aime partager ses techniques lors de stages en France, au Maroc, en Espagne et cette semaine dans le Marais poitevin. \u00a0D\u2019autres stages suivront \u00e0 Saint-Yrieix, La Perche, les Pyr\u00e9n\u00e9es-Orientales\u2026 L\u2019aventure ne fait que commencer\u00a0, annonce l\u2019aquarelliste.<\/p>\n<p>Et les dix artistes peintres passionn\u00e9es ne tarissent pas d\u2019\u00e9loges\u00a0: \u00a0Au-del\u00e0 de la qualit\u00e9 de peinture, il y a quelque chose de valeur humaine\u00a0, \u00a0c\u2019est tr\u00e8s enrichissant\u00a0, \u00a0\u00e7a permet de rencontrer d\u2019autres personnes, de partager, d\u2019\u00e9changer nos impressions\u00a0, \u00a0on travaille aussi bien la faune, la flore que l\u2019architecture\u00a0,\u00a0c\u2019est une sortie de notre zone de confort. L\u00e0, sur la terre du Sud Vend\u00e9e, c\u2019est l\u2019aventure.\u00a0<\/p>\n","protected":false},"excerpt":{"rendered":"Elles sont venues, de Toulouse, Brive-la-Gaillarde, Versailles, Paris, Tulle, Soulac, Val-de-Marne, participer \u00e0 une journ\u00e9e d\u00e9couvertes au port&hellip;\n","protected":false},"author":2,"featured_media":138444,"comment_status":"","ping_status":"","sticky":false,"template":"","format":"standard","meta":{"footnotes":"","_share_on_mastodon":"0"},"categories":[101],"tags":[126,124,125,12,13,18,17,46708,127,96,95],"class_list":["post-138443","post","type-post","status-publish","format-standard","has-post-thumbnail","category-arts-et-design","tag-arts","tag-arts-and-design","tag-arts-et-design","tag-be","tag-be-fr","tag-belgique","tag-belgium","tag-benet","tag-design","tag-divertissement","tag-entertainment"],"share_on_mastodon":{"url":"https:\/\/pubeurope.com\/@be_fr\/116736794834061060","error":""},"_links":{"self":[{"href":"https:\/\/www.europesays.com\/be-fr\/wp-json\/wp\/v2\/posts\/138443","targetHints":{"allow":["GET"]}}],"collection":[{"href":"https:\/\/www.europesays.com\/be-fr\/wp-json\/wp\/v2\/posts"}],"about":[{"href":"https:\/\/www.europesays.com\/be-fr\/wp-json\/wp\/v2\/types\/post"}],"author":[{"embeddable":true,"href":"https:\/\/www.europesays.com\/be-fr\/wp-json\/wp\/v2\/users\/2"}],"replies":[{"embeddable":true,"href":"https:\/\/www.europesays.com\/be-fr\/wp-json\/wp\/v2\/comments?post=138443"}],"version-history":[{"count":0,"href":"https:\/\/www.europesays.com\/be-fr\/wp-json\/wp\/v2\/posts\/138443\/revisions"}],"wp:featuredmedia":[{"embeddable":true,"href":"https:\/\/www.europesays.com\/be-fr\/wp-json\/wp\/v2\/media\/138444"}],"wp:attachment":[{"href":"https:\/\/www.europesays.com\/be-fr\/wp-json\/wp\/v2\/media?parent=138443"}],"wp:term":[{"taxonomy":"category","embeddable":true,"href":"https:\/\/www.europesays.com\/be-fr\/wp-json\/wp\/v2\/categories?post=138443"},{"taxonomy":"post_tag","embeddable":true,"href":"https:\/\/www.europesays.com\/be-fr\/wp-json\/wp\/v2\/tags?post=138443"}],"curies":[{"name":"wp","href":"https:\/\/api.w.org\/{rel}","templated":true}]}}