{"id":138511,"date":"2026-06-12T12:05:12","date_gmt":"2026-06-12T12:05:12","guid":{"rendered":"https:\/\/www.europesays.com\/be-fr\/138511\/"},"modified":"2026-06-12T12:05:12","modified_gmt":"2026-06-12T12:05:12","slug":"cela-ma-fait-enormement-de-bien-de-lapprendre-audrey-fleurot-revele-etre-atteinte-dun-trouble-du-developpement","status":"publish","type":"post","link":"https:\/\/www.europesays.com\/be-fr\/138511\/","title":{"rendered":"\u00abCela m\u2019a fait \u00e9norm\u00e9ment de bien de l\u2019apprendre\u00bb : Audrey Fleurot r\u00e9v\u00e8le \u00eatre atteinte d\u2019un trouble du d\u00e9veloppement"},"content":{"rendered":"<p>\n    Invit\u00e9e du nouveau num\u00e9ro d\u2019 \u00abEn apart\u00e9\u00bb diffus\u00e9 jeudi soir sur Canal+, la com\u00e9dienne de 48 ans s\u2019est ouvertement confi\u00e9e \u00e0 la journaliste Nathalie Levy.<\/p>\n<p class=\"fig-paragraph\">D\u00e8s les premiers instants pass\u00e9s dans le huis clos du loft d\u2019\u00a0<a href=\"https:\/\/tvmag.lefigaro.fr\/programme-tv\/programme\/en-aparte-f1895976683\" target=\"_blank\" rel=\"noopener nofollow\" data-gtm-custom-categorie=\"navigation\" data-gtm-custom-action=\"crossclick\" data-gtm-custom-label=\"Contextuel\" data-gtm-event=\"customEventSPE\">\u00ab En apart\u00e9\u00a0\u00bb<\/a> \u00a0sur Canal+, Audrey Fleurot a imm\u00e9diatement jou\u00e9 le jeu des sinc\u00e8res confidences. Le temps de s\u2019installer dans un confortable fauteuil qu\u2019elle r\u00eaverait d\u2019installer chez elle, la com\u00e9dienne h\u00e9ro\u00efne de la s\u00e9rie HPI sur TF1 a parl\u00e9 de sa philosophie de travail, entre pers\u00e9v\u00e9rance et passion.<\/p>\n<p class=\"fig-paragraph\">\u00ab C\u2019est ce que j\u2019essaie d\u2019inculquer \u00e0 mon fils qui, \u00e0 partir du moment o\u00f9 \u00e7a ne marche pas du premier coup, va changer d\u2019activit\u00e9. Je tente de lui expliquer qu\u2019on peut avoir des aptitudes, mais que c\u2019est essentiellement de l\u2019acharnement\u00a0\u00bb, a d\u2019abord racont\u00e9 Audrey Fleurot avant d\u2019\u00e9voquer sur caract\u00e8re tr\u00e8s combatif. \u00ab Je peux \u00eatre tr\u00e8s volontaire dans des domaines o\u00f9 je suis nulle. Donc c\u2019est assez d\u00e9primant.\u00a0\u00bb<\/p>\n<p class=\"fig-body-link\">\n            \u00c0 lire aussi<br \/>\n        <a class=\"fig-body-link__link\" href=\"http:\/\/tvmag.lefigaro.fr\/programme-tv\/series\/audrey-fleurot-j-ai-envie-de-mettre-les-mains-dans-le-cambouis-20250918\" target=\"_blank\" data-fig-type=\"Article\" rel=\"noopener nofollow\" data-gtm-custom-categorie=\"navigation\" data-gtm-custom-action=\"crossclick\" data-gtm-custom-label=\"Contextuel\" data-gtm-event=\"customEventSPE\" data-fig-domain=\"TVMAG\"><br \/>\n                Audrey Fleurot\u00a0: \u00abJ\u2019ai envie de mettre les mains dans le cambouis\u00a0\u00bb<br \/>\n    <\/a>\n<\/p>\n<p class=\"fig-quote__text\">\u00ab Cela m\u2019a soulag\u00e9e de me dire que ce sont des trucs sur lesquels je ne peux pas forc\u00e9ment travailler\u00a0\u00bb<\/p>\n<p>            Audrey Fleurot<\/p>\n<p>                                                <a class=\"fig-a11y-skip\" href=\"#fig-a11y-skip-main-inarticle\" is=\"fig-a11y-skip\" data-trigger-mode=\"visible-once\"><br \/>\n    Passer la publicit\u00e9<br \/>\n<\/a>            <\/p>\n<p class=\"fig-paragraph\">Si elle se savait dyslexique,\u00a0<a href=\"http:\/\/tvmag.lefigaro.fr\/programme-tv\/actu-tele\/j-etais-rousse-grosse-myope-audrey-fleurot-se-confie-sur-le-rapport-difficile-a-son-physique-enfant-20250913\" target=\"_blank\" data-fig-type=\"Article\" rel=\"noopener nofollow\" data-gtm-custom-categorie=\"navigation\" data-gtm-custom-action=\"crossclick\" data-gtm-custom-label=\"Contextuel\" data-gtm-event=\"customEventSPE\" data-fig-domain=\"TVMAG\">Audrey Fleurot<\/a>\u00a0a r\u00e9v\u00e9l\u00e9 avoir r\u00e9cemment d\u00e9couvert qu\u2019elle souffrait d\u2019un trouble du d\u00e9veloppement. \u00ab Je viens d\u2019apprendre, et \u00e7a m\u2019a fait \u00e9norm\u00e9ment de bien, que je suis dyslexique et\u00a0<a href=\"https:\/\/www.lefigaro.fr\/sciences\/dyspraxie-au-moindre-doute-proposer-un-bilan-pour-mettre-en-place-les-aides-adaptees-20200302\" target=\"_blank\" data-fig-type=\"Article\" rel=\"noopener nofollow\" data-gtm-custom-categorie=\"navigation\" data-gtm-custom-action=\"crossclick\" data-gtm-custom-label=\"Contextuel\" data-gtm-event=\"customEventSPE\" data-fig-domain=\"LEFIGARO\">dyspraxique<\/a>, a-t-elle confi\u00e9 \u00e0 Nathalie Levy. Les dyspraxiques ont beaucoup de mal avec la conduite. La voiture est un truc qui n\u2019est pas \u00e9vident pour moi et qui a toujours \u00e9t\u00e9 un gros complexe. Je suis compl\u00e8tement nulle en cr\u00e9neau.\u00a0\u00bb<\/p>\n<p class=\"fig-paragraph\">Un exemple qui illustre certaines difficult\u00e9s qu\u2019elle est amen\u00e9e \u00e0 rencontrer pour accomplir certaines t\u00e2ches de la vie courante. \u00ab Je comprends mieux pourquoi je continue \u00e0 me perdre dans ma rue, a-t-elle ajout\u00e9 pour illustrer les cons\u00e9quences de son trouble. Cela m\u2019a vachement soulag\u00e9e de me dire que ce sont des trucs sur lesquels je ne peux pas forc\u00e9ment travailler.\u00a0\u00bb\u00a0<\/p>\n<p class=\"fig-paragraph\">Apr\u00e8s le succ\u00e8s de la s\u00e9rie HPI sur TF1,\u00a0<a href=\"http:\/\/tvmag.lefigaro.fr\/programme-tv\/actu-tele\/a-prague-avec-la-comtesse-de-monte-cristo-20260404\" target=\"_blank\" data-fig-type=\"Article\" rel=\"noopener nofollow\" data-gtm-custom-categorie=\"navigation\" data-gtm-custom-action=\"crossclick\" data-gtm-custom-label=\"Contextuel\" data-gtm-event=\"customEventSPE\" data-fig-domain=\"TVMAG\">Audrey Fleurot a pris part au tournage de La Comtesse de Monte-Cristo<\/a>, une libre adaptation du roman d\u2019Alexandre Dumas. Elle sera \u00e9galement aux c\u00f4t\u00e9s de Guillaume Labb\u00e9 et de Thierry Lhermitte dans la s\u00e9rie Chercheurs d\u2019or tourn\u00e9e \u00e0 La R\u00e9union. Autant de projets qui seront\u00a0<a href=\"http:\/\/tvmag.lefigaro.fr\/programme-tv\/actu-tele\/audrey-fleurot-laetitia-casta-stars-en-serie-sur-tf1-20260508\" target=\"_blank\" data-fig-type=\"Article\" rel=\"noopener nofollow\" data-gtm-custom-categorie=\"navigation\" data-gtm-custom-action=\"crossclick\" data-gtm-custom-label=\"Contextuel\" data-gtm-event=\"customEventSPE\" data-fig-domain=\"TVMAG\">prochainement d\u00e9voil\u00e9s sur TF1<\/a>.<\/p>\n","protected":false},"excerpt":{"rendered":"Invit\u00e9e du nouveau num\u00e9ro d\u2019 \u00abEn apart\u00e9\u00bb diffus\u00e9 jeudi soir sur Canal+, la com\u00e9dienne de 48 ans s\u2019est&hellip;\n","protected":false},"author":2,"featured_media":138512,"comment_status":"","ping_status":"","sticky":false,"template":"","format":"standard","meta":{"footnotes":"","_share_on_mastodon":"0"},"categories":[102],"tags":[36983,12,13,18,17,129,128,96,95,109],"class_list":["post-138511","post","type-post","status-publish","format-standard","has-post-thumbnail","category-people","tag-audrey-fleurot","tag-be","tag-be-fr","tag-belgique","tag-belgium","tag-celebrities","tag-celebrity","tag-divertissement","tag-entertainment","tag-people"],"share_on_mastodon":{"url":"https:\/\/pubeurope.com\/@be_fr\/116737050356398801","error":""},"_links":{"self":[{"href":"https:\/\/www.europesays.com\/be-fr\/wp-json\/wp\/v2\/posts\/138511","targetHints":{"allow":["GET"]}}],"collection":[{"href":"https:\/\/www.europesays.com\/be-fr\/wp-json\/wp\/v2\/posts"}],"about":[{"href":"https:\/\/www.europesays.com\/be-fr\/wp-json\/wp\/v2\/types\/post"}],"author":[{"embeddable":true,"href":"https:\/\/www.europesays.com\/be-fr\/wp-json\/wp\/v2\/users\/2"}],"replies":[{"embeddable":true,"href":"https:\/\/www.europesays.com\/be-fr\/wp-json\/wp\/v2\/comments?post=138511"}],"version-history":[{"count":0,"href":"https:\/\/www.europesays.com\/be-fr\/wp-json\/wp\/v2\/posts\/138511\/revisions"}],"wp:featuredmedia":[{"embeddable":true,"href":"https:\/\/www.europesays.com\/be-fr\/wp-json\/wp\/v2\/media\/138512"}],"wp:attachment":[{"href":"https:\/\/www.europesays.com\/be-fr\/wp-json\/wp\/v2\/media?parent=138511"}],"wp:term":[{"taxonomy":"category","embeddable":true,"href":"https:\/\/www.europesays.com\/be-fr\/wp-json\/wp\/v2\/categories?post=138511"},{"taxonomy":"post_tag","embeddable":true,"href":"https:\/\/www.europesays.com\/be-fr\/wp-json\/wp\/v2\/tags?post=138511"}],"curies":[{"name":"wp","href":"https:\/\/api.w.org\/{rel}","templated":true}]}}