{"id":139241,"date":"2026-06-13T05:36:20","date_gmt":"2026-06-13T05:36:20","guid":{"rendered":"https:\/\/www.europesays.com\/be-fr\/139241\/"},"modified":"2026-06-13T05:36:20","modified_gmt":"2026-06-13T05:36:20","slug":"telematin-france-2-presente-ses-excuses-a-bernard-lavilliers-apres-une-bourde-survenue-dans-lemission-2","status":"publish","type":"post","link":"https:\/\/www.europesays.com\/be-fr\/139241\/","title":{"rendered":"\u00ab T\u00e9l\u00e9matin \u00bb : France 2 pr\u00e9sente ses excuses \u00e0 Bernard Lavilliers apr\u00e8s une bourde survenue dans l\u2019\u00e9mission"},"content":{"rendered":"<p class=\"mb-4 text-lg md:leading-8 break-words\">\u00ab On The Road Again \u00bb &#8211; Alors que la discussion tournait, jeudi, autour de Jean-Luc Lahaye dans \u00ab Les 4 V\u00e9rit\u00e9s \u00bb, \u00ab T\u00e9l\u00e9matin \u00bb a diffus\u00e9 une image de Bernard Lavilliers<\/p>\n<p class=\"mb-4 text-lg md:leading-8 break-words\">Jeudi, l\u2019\u00e9mission \u00ab T\u00e9l\u00e9matin \u00bb sur <a href=\"https:\/\/www.20minutes.fr\/television\/france_2\/?at_medium=RSS%20feed&amp;at_campaign=ynews&amp;utm_source=yahoo&amp;utm_medium=rss&amp;utm_campaign=news_feed&amp;utm_content=in_article_link\" rel=\"nofollow noopener\" target=\"_blank\" data-ylk=\"elm:link;elmt:article_link;slk:France 2;itc:0;sec:content-canvas\" data-yga=\"{&quot;yLinkElement&quot;:&quot;context_link&quot;,&quot;yModuleName&quot;:&quot;content-canvas&quot;,&quot;yLinkText&quot;:&quot;France 2&quot;}\" class=\"link \">France 2<\/a> recevait S\u00e9bastien Chenu dans son interview politique, \u00ab Les 4 V \u00bb. Pour illustrer une r\u00e9ponse du vice-pr\u00e9sident du Rassemblement national (RN), plusieurs images ont \u00e9t\u00e9 lanc\u00e9es par la r\u00e9gie de \u00ab\u00a0T\u00e9l\u00e9matin\u00a0\u00bb montrant le chanteur Jean-Luc Lahaye &#8211; dont le nom a \u00e9t\u00e9 \u00e9voqu\u00e9 en plateau &#8211; mais aussi le chanteur Bernard Lavilliers, pas concern\u00e9 par le sujet.<\/p>\n<p class=\"mb-4 text-lg md:leading-8 break-words\">Lors de l\u2019entretien des \u00ab 4V \u00bb, Gilles Bornstein interroge son invit\u00e9 sur l<a href=\"https:\/\/www.20minutes.fr\/arts-stars\/culture\/4228257-20260610-alexis-michalik-denonce-atteinte-liberte-creation-apres-mairie-rn-castres-deprogramme-piece?at_medium=RSS%20feed&amp;at_campaign=ynews&amp;utm_source=yahoo&amp;utm_medium=rss&amp;utm_campaign=news_feed&amp;utm_content=in_article_link\" rel=\"nofollow noopener\" target=\"_blank\" data-ylk=\"elm:link;elmt:article_link;slk:\u2019annulation d\u2019une pi\u00e8ce de th\u00e9\u00e2tre d\u2019Alexis Michalik;itc:0;sec:content-canvas\" data-yga=\"{&quot;yLinkElement&quot;:&quot;context_link&quot;,&quot;yModuleName&quot;:&quot;content-canvas&quot;,&quot;yLinkText&quot;:&quot;\u2019annulation d\u2019une pi\u00e8ce de th\u00e9\u00e2tre d\u2019Alexis Michalik&quot;}\" class=\"link \">\u2019annulation d\u2019une pi\u00e8ce de th\u00e9\u00e2tre d\u2019Alexis Michalik<\/a> par la mairie RN de Castres, mais aussi sur la programmation de deux concerts de Jean-Luc Lahaye par les mairies d\u2019H\u00e9nin-Beaumont et de Billy-Montigny, dirig\u00e9es par le RN. \u00ab Il a \u00e9t\u00e9 condamn\u00e9 deux fois pour des crimes sexuels et est mis en examen pour viols et agression sexuelle. \u00c7a, c\u2019est une bonne id\u00e9e de l\u2019inviter ? Alexis Michalik, c\u2019est non, mais Jean-Luc Lahaye, c\u2019est oui ?\u00a0\u00bb, questionne le journaliste de France T\u00e9l\u00e9visions.<\/p>\n<p>Un extrait d\u2019une chanson de Bernard Lavilliers diffus\u00e9<\/p>\n<p class=\"mb-4 text-lg md:leading-8 break-words\">\u00ab Il a \u00e9t\u00e9 condamn\u00e9, il a pay\u00e9 sa dette \u00e0 la soci\u00e9t\u00e9, il n\u2019est pas condamn\u00e9 \u00e0 ne plus jamais travailler \u00bb, r\u00e9pond S\u00e9bastien Chenu. Pour illustrer cette r\u00e9ponse, des images sont alors diffus\u00e9es par la r\u00e9gie de \u00a0\u00bbT\u00e9l\u00e9matin\u00a0\u00bb. Parmi celles-ci, on retrouve le chanteur Jean-Luc Lahaye mais aussi, juste apr\u00e8s, un tr\u00e8s court extrait d\u2019une chanson de\u2026 Bernard Lavilliers. Une bourde rapidement relay\u00e9e par les t\u00e9l\u00e9spectateurs sur les <a href=\"https:\/\/www.20minutes.fr\/dossier\/reseaux_sociaux?at_medium=RSS%20feed&amp;at_campaign=ynews&amp;utm_source=yahoo&amp;utm_medium=rss&amp;utm_campaign=news_feed&amp;utm_content=in_article_link\" rel=\"nofollow noopener\" target=\"_blank\" data-ylk=\"elm:link;elmt:article_link;slk:r\u00e9seaux sociaux;itc:0;sec:content-canvas\" data-yga=\"{&quot;yLinkElement&quot;:&quot;context_link&quot;,&quot;yModuleName&quot;:&quot;content-canvas&quot;,&quot;yLinkText&quot;:&quot;r\u00e9seaux sociaux&quot;}\" class=\"link \">r\u00e9seaux sociaux<\/a>.<\/p>\n<p class=\"mb-4 text-lg md:leading-8 break-words\">\u00ab Une erreur d\u2019illustration a \u00e9t\u00e9 com(&#8230;)<\/p>\n<p class=\"mb-4 text-lg md:leading-8 break-words\"><a href=\"https:\/\/www.20minutes.fr\/arts-stars\/television\/4228748-20260612-telematin-france-2-presente-excuses-bernard-lavilliers-apres-bourde-survenue-emission?at_medium=RSS%20feed&amp;at_campaign=ynews&amp;utm_source=yahoo&amp;utm_medium=rss&amp;utm_campaign=news_feed&amp;utm_content=read_more_link&quot;\" rel=\"nofollow noopener\" target=\"_blank\" data-ylk=\"elm:link;elmt:article_link;slk:Lire la suite sur 20minutes;itc:0;sec:content-canvas\" data-yga=\"{&quot;yLinkElement&quot;:&quot;context_link&quot;,&quot;yModuleName&quot;:&quot;content-canvas&quot;,&quot;yLinkText&quot;:&quot;Lire la suite sur 20minutes&quot;}\" class=\"link \">Lire la suite sur 20minutes<\/a><\/p>\n<p>\u00c0 lire aussi :<br \/><a href=\"https:\/\/www.20minutes.fr\/arts-stars\/television\/4222940-20260511-franceinfo-presente-excuses-apres-avoir-diffuse-erreur-ancien-discours-edouard-philippe?at_medium=RSS%20feed&amp;at_campaign=ynews&amp;utm_source=yahoo&amp;utm_medium=rss&amp;utm_campaign=news_feed&amp;utm_content=related_content_link\" rel=\"nofollow noopener\" target=\"_blank\" data-ylk=\"elm:link;elmt:article_link;slk:Franceinfo pr\u00e9sente ses excuses apr\u00e8s avoir diffus\u00e9 par erreur un ancien discours d\u2019\u00c9douard Philippe;itc:0;sec:content-canvas\" data-yga=\"{&quot;yLinkElement&quot;:&quot;context_link&quot;,&quot;yModuleName&quot;:&quot;content-canvas&quot;,&quot;yLinkText&quot;:&quot;Franceinfo pr\u00e9sente ses excuses apr\u00e8s avoir diffus\u00e9 par erreur un ancien discours d\u2019\u00c9douard Philippe&quot;}\" class=\"link \">Franceinfo pr\u00e9sente ses excuses apr\u00e8s avoir diffus\u00e9 par erreur un ancien discours d\u2019\u00c9douard Philippe<\/a><br \/><a href=\"https:\/\/www.20minutes.fr\/arts-stars\/television\/4218524-20260415-telematin-pourquoi-matinale-france-2-rappelee-ordre-arcom?at_medium=RSS%20feed&amp;at_campaign=ynews&amp;utm_source=yahoo&amp;utm_medium=rss&amp;utm_campaign=news_feed&amp;utm_content=related_content_link\" rel=\"nofollow noopener\" target=\"_blank\" data-ylk=\"elm:link;elmt:article_link;slk:\u00ab T\u00e9l\u00e9matin \u00bb : Pourquoi la matinale de France 2 a-t-elle \u00e9t\u00e9 rappel\u00e9e \u00e0 l\u2019ordre par l\u2019Arcom ?;itc:0;sec:content-canvas\" data-yga=\"{&quot;yLinkElement&quot;:&quot;context_link&quot;,&quot;yModuleName&quot;:&quot;content-canvas&quot;,&quot;yLinkText&quot;:&quot;\u00ab T\u00e9l\u00e9matin \u00bb &quot;}\" class=\"link \">\u00ab T\u00e9l\u00e9matin \u00bb : Pourquoi la matinale de France 2 a-t-elle \u00e9t\u00e9 rappel\u00e9e \u00e0 l\u2019ordre par l\u2019Arcom ?<\/a><\/p>\n","protected":false},"excerpt":{"rendered":"\u00ab On The Road Again \u00bb &#8211; Alors que la discussion tournait, jeudi, autour de Jean-Luc Lahaye dans&hellip;\n","protected":false},"author":2,"featured_media":139242,"comment_status":"","ping_status":"","sticky":false,"template":"","format":"standard","meta":{"footnotes":"","_share_on_mastodon":"0"},"categories":[99],"tags":[31214,12,13,18,17,46866,96,95,151,13297,46867,19778,4726,112],"class_list":["post-139241","post","type-post","status-publish","format-standard","has-post-thumbnail","category-television","tag-alexis-michalik","tag-be","tag-be-fr","tag-belgique","tag-belgium","tag-bernard-lavilliers","tag-divertissement","tag-entertainment","tag-france","tag-jean-luc-lahaye","tag-piece-de-theatre","tag-sebastien-chenu","tag-telematin","tag-television"],"share_on_mastodon":{"url":"https:\/\/pubeurope.com\/@be_fr\/116741183015131563","error":""},"_links":{"self":[{"href":"https:\/\/www.europesays.com\/be-fr\/wp-json\/wp\/v2\/posts\/139241","targetHints":{"allow":["GET"]}}],"collection":[{"href":"https:\/\/www.europesays.com\/be-fr\/wp-json\/wp\/v2\/posts"}],"about":[{"href":"https:\/\/www.europesays.com\/be-fr\/wp-json\/wp\/v2\/types\/post"}],"author":[{"embeddable":true,"href":"https:\/\/www.europesays.com\/be-fr\/wp-json\/wp\/v2\/users\/2"}],"replies":[{"embeddable":true,"href":"https:\/\/www.europesays.com\/be-fr\/wp-json\/wp\/v2\/comments?post=139241"}],"version-history":[{"count":0,"href":"https:\/\/www.europesays.com\/be-fr\/wp-json\/wp\/v2\/posts\/139241\/revisions"}],"wp:featuredmedia":[{"embeddable":true,"href":"https:\/\/www.europesays.com\/be-fr\/wp-json\/wp\/v2\/media\/139242"}],"wp:attachment":[{"href":"https:\/\/www.europesays.com\/be-fr\/wp-json\/wp\/v2\/media?parent=139241"}],"wp:term":[{"taxonomy":"category","embeddable":true,"href":"https:\/\/www.europesays.com\/be-fr\/wp-json\/wp\/v2\/categories?post=139241"},{"taxonomy":"post_tag","embeddable":true,"href":"https:\/\/www.europesays.com\/be-fr\/wp-json\/wp\/v2\/tags?post=139241"}],"curies":[{"name":"wp","href":"https:\/\/api.w.org\/{rel}","templated":true}]}}