{"id":140315,"date":"2026-06-14T09:43:19","date_gmt":"2026-06-14T09:43:19","guid":{"rendered":"https:\/\/www.europesays.com\/be-fr\/140315\/"},"modified":"2026-06-14T09:43:19","modified_gmt":"2026-06-14T09:43:19","slug":"michael-douglas-reprend-du-service-pour-jouer-dans-un-film-de-oliver-stone","status":"publish","type":"post","link":"https:\/\/www.europesays.com\/be-fr\/140315\/","title":{"rendered":"Michael Douglas reprend du service pour jouer dans un film de Oliver Stone"},"content":{"rendered":"<p>\n    Apr\u00e8s avoir annonc\u00e9 une forme de retraite, Michael Douglas reprend finalement du service. L\u2019acteur am\u00e9ricain de 81 ans rejoint le nouveau film d\u2019Oliver Stone, intitul\u00e9 White Lies, selon Variety.<\/p>\n<p class=\"fig-paragraph\">Apr\u00e8s plus de six d\u00e9cennies de carri\u00e8re, Michael Douglas effectue un retour inattendu devant la cam\u00e9ra. \u00c0 81 ans, l\u2019acteur am\u00e9ricain rejoint le prochain film d\u2019Oliver Stone intitul\u00e9 White Lies, r\u00e9v\u00e8le\u00a0<a href=\"https:\/\/variety.com\/2026\/film\/news\/michael-douglas-willem-dafoe-oliver-stone-white-lies-1236771220\/\" target=\"_blank\" rel=\"nofollow noopener\" data-gtm-custom-categorie=\"navigation\" data-gtm-custom-action=\"crossclick\" data-gtm-custom-label=\"Contextuel\" data-gtm-event=\"customEventSPE\">Variety<\/a> .<\/p>\n<p class=\"fig-paragraph\">Absent des plateaux depuis 2022, l\u2019acteur am\u00e9ricain sort ainsi de sa r\u00e9serve pour un projet qu\u2019il juge \u00e0 la hauteur. Ce long m\u00e9trage marque \u00e9galement ses retrouvailles avec Oliver Stone, plus de quinze ans apr\u00e8s Wall Street\u00a0:\u00a0L\u2019argent ne dort jamais (2010), suite du film culte Wall Street de 1987 qui lui avait valu l\u2019Oscar du meilleur acteur.<\/p>\n<p>                                            <a class=\"fig-a11y-skip\" href=\"#fig-a11y-skip-main-inarticle\" is=\"fig-a11y-skip\" data-trigger-mode=\"visible-once\"><br \/>\n    Passer la publicit\u00e9<br \/>\n<\/a>            <\/p>\n<p class=\"fig-paragraph\">R\u00e9cemment, Michael Douglas avait expliqu\u00e9 qu\u2019il\u00a0<a href=\"http:\/\/www.lefigaro.fr\/cinema\/a-80-ans-michael-douglas-tire-sa-reverence-20250707\" data-fig-type=\"Article\" data-gtm-custom-categorie=\"navigation\" data-gtm-custom-action=\"crossclick\" data-gtm-custom-label=\"Contextuel\" data-gtm-event=\"customEventSPE\" data-fig-domain=\"LEFIGARO\" rel=\"nofollow noopener\" target=\"_blank\">sera attentif aux propositions<\/a>\u00a0si celles-ci valent le d\u00e9tour\u00a0:\u00a0\u00ab\u00a0Je ne me consid\u00e8re pas officiellement \u00e0 la retraite, parce que si un projet exceptionnel se pr\u00e9sente, je pourrais revenir. Mais sinon, je suis tr\u00e8s heureux de simplement regarder ma femme travailler\u00a0\u00bb.<\/p>\n<p>                                            Un film tourn\u00e9 vers les liens familiaux et le deuil<\/p>\n<p class=\"fig-paragraph\">Toujours selon Variety, le long-m\u00e9trage White Lies r\u00e9unira aussi\u00a0<a href=\"https:\/\/www.lefigaro.fr\/cinema\/willem-dafoe-acteur-genial-et-singulier-20250318\" data-fig-type=\"Article\" data-gtm-custom-categorie=\"navigation\" data-gtm-custom-action=\"crossclick\" data-gtm-custom-label=\"Contextuel\" data-gtm-event=\"customEventSPE\" data-fig-domain=\"LEFIGARO\" rel=\"nofollow noopener\" target=\"_blank\">Willem Dafoe<\/a>, Ellen Barkin et Homer Gere. Le tournage, d\u00e9sormais achev\u00e9, s\u2019est d\u00e9roul\u00e9 entre l\u2019Europe et l\u2019Asie\u00a0:\u00a0\u00abCette \u00e9quipe a \u00e9t\u00e9 un vrai r\u00e9gal du d\u00e9but \u00e0 la fin. Et l\u2019\u00e9quipe italienne \u00e9tait la plus chaleureuse avec laquelle j\u2019aie jamais travaill\u00e9. Je suis profond\u00e9ment reconnaissant de cette opportunit\u00e9\u00bb, a confi\u00e9 Oliver Stone dans un communiqu\u00e9. Le r\u00e9alisateur signe son premier long m\u00e9trage depuis Snowden\u00a0en 2016.<\/p>\n<p class=\"fig-paragraph\"><a href=\"http:\/\/www.lefigaro.fr\/culture\/oliver-stone-auditionne-dans-le-cadre-de-la-divulgation-des-archives-entourant-l-assassinat-de-kennedy-20250331\" data-fig-type=\"Article\" data-gtm-custom-categorie=\"navigation\" data-gtm-custom-action=\"crossclick\" data-gtm-custom-label=\"Contextuel\" data-gtm-event=\"customEventSPE\" data-fig-domain=\"LEFIGARO\" rel=\"nofollow noopener\" target=\"_blank\">Oliver Stone<\/a>, qui est aussi le sc\u00e9nariste d\u00e9crit le film comme \u00abune histoire personnelle sur les gens et leurs relations\u00bb. Le long-m\u00e9trage est pr\u00e9sent\u00e9 comme \u00abune rupture avec ses \u0153uvres pr\u00e9c\u00e9dentes, offrant un drame intimiste et poignant qui explore la famille, le deuil, la douleur et r\u00e9v\u00e8le comment l\u2019amour peut se transformer au cours de notre vie\u00bb. Aucune information n\u2019a pour l\u2019heure \u00e9t\u00e9 communiqu\u00e9e, mais White Lies devrait sortir en salles en 2028.<\/p>\n","protected":false},"excerpt":{"rendered":"Apr\u00e8s avoir annonc\u00e9 une forme de retraite, Michael Douglas reprend finalement du service. L\u2019acteur am\u00e9ricain de 81 ans&hellip;\n","protected":false},"author":2,"featured_media":140316,"comment_status":"","ping_status":"","sticky":false,"template":"","format":"standard","meta":{"footnotes":"","_share_on_mastodon":"0"},"categories":[102],"tags":[12,13,18,17,129,128,96,95,5341,109,11732,2286],"class_list":["post-140315","post","type-post","status-publish","format-standard","has-post-thumbnail","category-people","tag-be","tag-be-fr","tag-belgique","tag-belgium","tag-celebrities","tag-celebrity","tag-divertissement","tag-entertainment","tag-michael-douglas","tag-people","tag-retraite","tag-tournage"],"share_on_mastodon":{"url":"https:\/\/pubeurope.com\/@be_fr\/116747816495222856","error":""},"_links":{"self":[{"href":"https:\/\/www.europesays.com\/be-fr\/wp-json\/wp\/v2\/posts\/140315","targetHints":{"allow":["GET"]}}],"collection":[{"href":"https:\/\/www.europesays.com\/be-fr\/wp-json\/wp\/v2\/posts"}],"about":[{"href":"https:\/\/www.europesays.com\/be-fr\/wp-json\/wp\/v2\/types\/post"}],"author":[{"embeddable":true,"href":"https:\/\/www.europesays.com\/be-fr\/wp-json\/wp\/v2\/users\/2"}],"replies":[{"embeddable":true,"href":"https:\/\/www.europesays.com\/be-fr\/wp-json\/wp\/v2\/comments?post=140315"}],"version-history":[{"count":0,"href":"https:\/\/www.europesays.com\/be-fr\/wp-json\/wp\/v2\/posts\/140315\/revisions"}],"wp:featuredmedia":[{"embeddable":true,"href":"https:\/\/www.europesays.com\/be-fr\/wp-json\/wp\/v2\/media\/140316"}],"wp:attachment":[{"href":"https:\/\/www.europesays.com\/be-fr\/wp-json\/wp\/v2\/media?parent=140315"}],"wp:term":[{"taxonomy":"category","embeddable":true,"href":"https:\/\/www.europesays.com\/be-fr\/wp-json\/wp\/v2\/categories?post=140315"},{"taxonomy":"post_tag","embeddable":true,"href":"https:\/\/www.europesays.com\/be-fr\/wp-json\/wp\/v2\/tags?post=140315"}],"curies":[{"name":"wp","href":"https:\/\/api.w.org\/{rel}","templated":true}]}}