{"id":140743,"date":"2026-06-14T17:01:07","date_gmt":"2026-06-14T17:01:07","guid":{"rendered":"https:\/\/www.europesays.com\/be-fr\/140743\/"},"modified":"2026-06-14T17:01:07","modified_gmt":"2026-06-14T17:01:07","slug":"je-nai-pas-lu-les-termes-du-contrat-redouane-bougheraba-revele-avoir-fait-trois-mois-et-demi-de-prison","status":"publish","type":"post","link":"https:\/\/www.europesays.com\/be-fr\/140743\/","title":{"rendered":"\u00abJe n\u2019ai pas lu les termes du contrat\u00bb : Redouane Bougheraba r\u00e9v\u00e8le avoir fait trois mois et demi de prison"},"content":{"rendered":"<p>\n    L\u2019acteur et humoriste \u00e9tait l\u2019invit\u00e9 de \u00abQuelle \u00e9poque\u00a0!\u00a0\u00bb ce samedi aux c\u00f4t\u00e9s de son fr\u00e8re. L\u2019occasion pour Hugo Cl\u00e9ment de questionner l\u2019invit\u00e9 au sujet d\u2019un \u00e9v\u00e9nement survenu vingt ans plus t\u00f4t en Am\u00e9rique du Sud.<\/p>\n<p class=\"fig-paragraph\">Habitu\u00e9 \u00e0 faire rire ou \u00e0 jouer la com\u00e9die,<a href=\"https:\/\/www.lefigaro.fr\/tag\/redouane-bougheraba\" target=\"_blank\" rel=\"noopener nofollow\" data-gtm-custom-categorie=\"navigation\" data-gtm-custom-action=\"crossclick\" data-gtm-custom-label=\"Contextuel\" data-gtm-event=\"customEventSPE\">\u00a0Redouane Bougheraba<\/a>\u00a0a jou\u00e9 carte sur table ce samedi 14 juin en deuxi\u00e8me partie de soir\u00e9e sur<a href=\"https:\/\/tvmag.lefigaro.fr\/programme-tv\/chaine\/4\/tous-les-programmes-de-france-2\" target=\"_blank\" rel=\"noopener nofollow\" data-gtm-custom-categorie=\"navigation\" data-gtm-custom-action=\"crossclick\" data-gtm-custom-label=\"Contextuel\" data-gtm-event=\"customEventSPE\">\u00a0France 2<\/a>. Invit\u00e9 sur le plateau de \u00abQuelle \u00e9poque\u00a0!\u00bb par\u00a0<a href=\"https:\/\/www.lefigaro.fr\/tag\/lea-salame\" target=\"_blank\" rel=\"noopener nofollow\" data-gtm-custom-categorie=\"navigation\" data-gtm-custom-action=\"crossclick\" data-gtm-custom-label=\"Contextuel\" data-gtm-event=\"customEventSPE\">L\u00e9a Salam\u00e9<\/a>, l\u2019humoriste \u00e9tait aux c\u00f4t\u00e9s de son fr\u00e8re Ichem \u00e0 l\u2019occasion de la sortie de deux films\u00a0: le premier La Nirvana &#8211; en salle le 19 ao\u00fbt &#8211; r\u00e9alis\u00e9 par leur fr\u00e8re Hakim et le second, Marave, d\u2019Adrien Piquet-Gauthier et Nathana\u00ebl Guedj, disponible sur Prime Video d\u00e8s le 8 juillet.<\/p>\n<p class=\"fig-paragraph\">Mais ce n\u2019est pas au sujet de son m\u00e9tier d\u2019acteur qu\u2019<a href=\"https:\/\/www.lefigaro.fr\/tag\/hugo-clement\" target=\"_blank\" rel=\"noopener nofollow\" data-gtm-custom-categorie=\"navigation\" data-gtm-custom-action=\"crossclick\" data-gtm-custom-label=\"Contextuel\" data-gtm-event=\"customEventSPE\">Hugo Cl\u00e9ment<\/a>\u00a0a choisi de l\u2019interroger. Le chroniqueur de \u00abQuelle \u00e9poque\u00a0!\u00bb a brandi le drapeau du Venezuela dans un but pr\u00e9cis\u00a0: raviver le souvenir d\u2019une anecdote particuli\u00e8rement cocasse \u00e0 Redouane Bougheraba. \u00abTr\u00e8s beau pays\u00bb, a-t-il d\u00e9clar\u00e9 dans un premier temps tandis que le journaliste insistait\u00a0: \u00abQu\u2019est-ce qu\u2019il s\u2019est pass\u00e9 au Venezuela\u00a0?\u00bb Et l\u2019invit\u00e9 de livrer des explications\u00a0: \u00abPlus exactement c\u2019est Cura\u00e7ao, en face du Venezuela. J\u2019\u00e9tais jeune, ambitieux, parfois vicieux et je n\u2019ai pas \u00e9t\u00e9 le prince de la ville. Je me suis retrouv\u00e9 incarc\u00e9r\u00e9 trois mois et demi.\u00bb<\/p>\n<p class=\"fig-body-link\">\n            \u00c0 lire aussi<br \/>\n        <a class=\"fig-body-link__link\" href=\"http:\/\/tvmag.lefigaro.fr\/programme-tv\/actu-tele\/qui-sont-les-invites-de-quelle-epoque-ce-samedi-13-juin-2026-20260613\" target=\"_blank\" data-fig-type=\"Article\" rel=\"noopener nofollow\" data-gtm-custom-categorie=\"navigation\" data-gtm-custom-action=\"crossclick\" data-gtm-custom-label=\"Contextuel\" data-gtm-event=\"customEventSPE\" data-fig-domain=\"TVMAG\"><br \/>\n                Qui sont les invit\u00e9s de \u00abQuelle \u00c9poque!\u00bb ce samedi 13 juin 2026?<br \/>\n    <\/a>\n<\/p>\n<p>                                                <a class=\"fig-a11y-skip\" href=\"#fig-a11y-skip-main-inarticle\" is=\"fig-a11y-skip\" data-trigger-mode=\"visible-once\"><br \/>\n    Passer la publicit\u00e9<br \/>\n<\/a>            <\/p>\n<p class=\"fig-paragraph\">Bien loin d\u2019une blague qu\u2019il aurait pu faire dans \u00abLOL qui rit, sort\u00bb, Redouane Bougheraba a justifi\u00e9 ce s\u00e9jour en prison. \u00abC\u2019\u00e9tait en 2006&#8230; De mauvaises fr\u00e9quentations \u00e0 Marseille&#8230; Un ami qui m\u2019a dit\u00a0: \u201cOn part en vacances en Am\u00e9rique du Sud\u201d. Je n\u2019ai pas lu les termes du contrat, c\u2019\u00e9tait trafic de cartes bleues, je n\u2019avais pas lu. On s\u2019est retrouv\u00e9s incarc\u00e9r\u00e9 \u00e0 sept dans la cellule, c\u2019est difficile\u00bb, a-t-il avou\u00e9 tout en reconnaissant l\u2019avoir longtemps cach\u00e9 \u00e0 sa m\u00e8re.<\/p>\n<p class=\"fig-paragraph\">\u00abElle l\u2019a su il n\u2019y a pas longtemps, elle croit encore que c\u2019est une blague\u00bb, a ajout\u00e9 son fr\u00e8re, pr\u00e9sent en plateau. \u00abJe ne l\u2019ai pas dit justement pour ne pas les choquer. Nos parents sont \u00e2g\u00e9s [&#8230;] Donc j\u2019ai fait croire que j\u2019\u00e9tais en croisi\u00e8re dans les \u00eeles. La croisi\u00e8re s\u2019amuse\u00bb ironise Redouane Bougheraba tandis que cette r\u00e9v\u00e9lation a fait rire les autres invit\u00e9s assis autour de la table et de conclure avec son sens de l\u2019humour bien connu\u00a0: \u00abOn s\u2019est bien amus\u00e9s.\u00bb<\/p>\n","protected":false},"excerpt":{"rendered":"L\u2019acteur et humoriste \u00e9tait l\u2019invit\u00e9 de \u00abQuelle \u00e9poque\u00a0!\u00a0\u00bb ce samedi aux c\u00f4t\u00e9s de son fr\u00e8re. L\u2019occasion pour Hugo&hellip;\n","protected":false},"author":2,"featured_media":140744,"comment_status":"","ping_status":"","sticky":false,"template":"","format":"standard","meta":{"footnotes":"","_share_on_mastodon":"0"},"categories":[102],"tags":[12,13,18,17,129,128,96,95,115,10955,2497,109],"class_list":["post-140743","post","type-post","status-publish","format-standard","has-post-thumbnail","category-people","tag-be","tag-be-fr","tag-belgique","tag-belgium","tag-celebrities","tag-celebrity","tag-divertissement","tag-entertainment","tag-france-2","tag-hugo-clement","tag-lea-salame","tag-people"],"share_on_mastodon":{"url":"https:\/\/pubeurope.com\/@be_fr\/116749538700996552","error":""},"_links":{"self":[{"href":"https:\/\/www.europesays.com\/be-fr\/wp-json\/wp\/v2\/posts\/140743","targetHints":{"allow":["GET"]}}],"collection":[{"href":"https:\/\/www.europesays.com\/be-fr\/wp-json\/wp\/v2\/posts"}],"about":[{"href":"https:\/\/www.europesays.com\/be-fr\/wp-json\/wp\/v2\/types\/post"}],"author":[{"embeddable":true,"href":"https:\/\/www.europesays.com\/be-fr\/wp-json\/wp\/v2\/users\/2"}],"replies":[{"embeddable":true,"href":"https:\/\/www.europesays.com\/be-fr\/wp-json\/wp\/v2\/comments?post=140743"}],"version-history":[{"count":0,"href":"https:\/\/www.europesays.com\/be-fr\/wp-json\/wp\/v2\/posts\/140743\/revisions"}],"wp:featuredmedia":[{"embeddable":true,"href":"https:\/\/www.europesays.com\/be-fr\/wp-json\/wp\/v2\/media\/140744"}],"wp:attachment":[{"href":"https:\/\/www.europesays.com\/be-fr\/wp-json\/wp\/v2\/media?parent=140743"}],"wp:term":[{"taxonomy":"category","embeddable":true,"href":"https:\/\/www.europesays.com\/be-fr\/wp-json\/wp\/v2\/categories?post=140743"},{"taxonomy":"post_tag","embeddable":true,"href":"https:\/\/www.europesays.com\/be-fr\/wp-json\/wp\/v2\/tags?post=140743"}],"curies":[{"name":"wp","href":"https:\/\/api.w.org\/{rel}","templated":true}]}}