{"id":140803,"date":"2026-06-14T17:54:14","date_gmt":"2026-06-14T17:54:14","guid":{"rendered":"https:\/\/www.europesays.com\/be-fr\/140803\/"},"modified":"2026-06-14T17:54:14","modified_gmt":"2026-06-14T17:54:14","slug":"une-remarquable-sculpture-de-phallus-romain-retrouvee-dans-les-reserves-dun-musee-hollandais","status":"publish","type":"post","link":"https:\/\/www.europesays.com\/be-fr\/140803\/","title":{"rendered":"Une \u00ab\u00a0remarquable\u00a0\u00bb sculpture de phallus romain retrouv\u00e9e dans les r\u00e9serves d\u2019un mus\u00e9e hollandais"},"content":{"rendered":"<p>\n    Ce fa\u00e7onnage en os d\u2019un sexe masculin a \u00e9t\u00e9 mis au jour par des arch\u00e9ologues apr\u00e8s un inventaire massif dans les sous-sols du mus\u00e9e Valkhof, o\u00f9 sont stock\u00e9es 16\u00a0000 bo\u00eetes inexplor\u00e9es.<\/p>\n<p class=\"fig-paragraph\">Les chercheurs consid\u00e8rent cette d\u00e9couverte artistique comme une des plus \u00ab\u00a0remarquables\u00a0\u00bb de la p\u00e9riode romaine aux<a href=\"http:\/\/www.lefigaro.fr\/voyages\/dossier\/pays-bas\" data-fig-type=\"Topic\" data-gtm-custom-categorie=\"navigation\" data-gtm-custom-action=\"crossclick\" data-gtm-custom-label=\"Contextuel\" data-gtm-event=\"customEventSPE\" data-fig-domain=\"LEFIGARO\" rel=\"nofollow noopener\" target=\"_blank\">\u00a0Pays-Bas<\/a>. Il ne s\u2019agit pas d\u2019une toge, d\u2019une gravure ou d\u2019une amphore, mais bien d\u2019un phallus d\u2019une vingtaine de centim\u00e8tres. Les arch\u00e9ologues ont retrouv\u00e9 cette rare sculpture dans les r\u00e9serves du mus\u00e9e Valkhof, dans la commune hollandaise de\u00a0<a href=\"https:\/\/www.lefigaro.fr\/sports\/football\/transferts\/fil-info\/le-fils-d-henrik-larsson-signe-a-nec-nimegue-839674\" data-fig-type=\"NewsFlash\" data-gtm-custom-categorie=\"navigation\" data-gtm-custom-action=\"crossclick\" data-gtm-custom-label=\"Contextuel\" data-gtm-event=\"customEventSPE\" data-fig-domain=\"LEFIGARO\" rel=\"nofollow noopener\" target=\"_blank\">Nim\u00e8gue<\/a>, o\u00f9 sont stock\u00e9es plus de 16\u00a0000 bo\u00eetes jamais ouvertes, mais certainement remplies de tr\u00e9sors. Selon<a href=\"https:\/\/arkeonews.net\/rare-roman-bone-phallus-unearthed-in-nijmegen-as-museum-opens-forgotten-boxes\/#google_vignette\" target=\"_blank\" rel=\"nofollow noopener\" data-gtm-custom-categorie=\"navigation\" data-gtm-custom-action=\"crossclick\" data-gtm-custom-label=\"Contextuel\" data-gtm-event=\"customEventSPE\">\u00a0nos confr\u00e8res de Arkeonews<\/a>, un investissement consid\u00e9rable de huit millions d\u2019euros permettra, dans les six prochaines ann\u00e9es, de cataloguer, \u00e9tudier et pr\u00e9server le contenu de chaque bo\u00eete.<\/p>\n<p class=\"fig-paragraph\">Au cours de la premi\u00e8re phase de fouilles, les arch\u00e9ologues ont ouvert 300 bo\u00eetes et ont mis au jour des artefacts romains \u00ab\u00a0extraordinaires\u00a0\u00bb. Le phallus a particuli\u00e8rement attis\u00e9 leur curiosit\u00e9. Les chercheurs ont \u00e9t\u00e9 surpris par sa forme et sa mati\u00e8re faite d\u2019os. Car, g\u00e9n\u00e9ralement, les repr\u00e9sentations phalliques se faisaient en pierre et en m\u00e9tal, les versions organiques \u00e9tant \u00ab\u00a0extr\u00eamement rares\u00a0\u00bb, note Arkeonews. \u00c0 l\u2019\u00e9poque romaine, le phallus n\u2019\u00e9tait pas aussi tabou qu\u2019aujourd\u2019hui. Il \u00e9tait m\u00eame un symbole protecteur. Les citoyens exposaient des allumettes phalliques dans les maisons et les portaient comme bijoux au poignet ou au cou. Certains les installaient devant l\u2019entr\u00e9e des habitations pour \u00ab\u00a0se prot\u00e9ger du mauvais \u0153il\u00a0\u00bb.<\/p>\n<p>    De la vaisselle romaine \u00ab de grande qualit\u00e9\u00a0\u00bb a \u00e9t\u00e9 retrouv\u00e9e dans 300 des 16 000 bo\u00eetes conserv\u00e9es dans les r\u00e9serves du mus\u00e9e Valkhof, \u00e0 Nim\u00e8gue.<br \/>\n                Provincie Gelderland<\/p>\n<p class=\"fig-body-link\">\n            \u00c0 lire aussi<br \/>\n        <a class=\"fig-body-link__link fig-premium-mark\" href=\"http:\/\/www.lefigaro.fr\/sciences\/un-archeologue-arrete-par-la-police-pour-avoir-derobe-un-humerus-et-des-dents-qui-pourraient-etre-ceux-de-d-artagnan-20260521\" target=\"_blank\" data-fig-type=\"Article\" rel=\"noopener nofollow\" data-gtm-custom-categorie=\"navigation\" data-gtm-custom-action=\"crossclick\" data-gtm-custom-label=\"Contextuel\" data-gtm-event=\"customEventSPE\" data-fig-domain=\"LEFIGARO\"><br \/>\n                Le squelette de d\u2019Artagnan retrouv\u00e9 \u00e0 Maastricht\u00a0? L\u2019incroyable d\u00e9couverte arch\u00e9ologique tourne au fait divers<br \/>\n    <\/a>\n<\/p>\n<p>                                            <a class=\"fig-a11y-skip\" href=\"#fig-a11y-skip-main-inarticle\" is=\"fig-a11y-skip\" data-trigger-mode=\"visible-once\"><br \/>\n    Passer la publicit\u00e9<br \/>\n<\/a>            <\/p>\n<p>                                            Nim\u00e8gue, une place militaire<\/p>\n<p class=\"fig-paragraph\">Dans les autres bo\u00eetes se trouvaient des fragments de vaisselle romaine \u00ab\u00a0de grande qualit\u00e9\u00a0\u00bb. Notamment des coupes et des bols orang\u00e9s orn\u00e9s de sc\u00e8nes complexes comme celle d\u2019un cerf bondissant dans des paysages forestiers. Les chercheurs documentent \u00e9galement la d\u00e9couverte d\u2019un vase \u00e0 boire presque intact, connu sous le nom de \u00ab\u00a0gobelet \u00e0 visage\u00a0\u00bb. Originaire de la M\u00e9diterran\u00e9e, cet objet s\u2019est r\u00e9pandu dans toute l\u2019Europe au fur et \u00e0 mesure de l\u2019expansion militaire des romains. Nim\u00e8gue, dit Noviomagus dans l\u2019Antiquit\u00e9, \u00e9tait un centre administratif et militaire tr\u00e8s important sur le long de la fronti\u00e8re nord de\u00a0<a href=\"http:\/\/www.lefigaro.fr\/vox\/histoire\/stephane-ratti-saint-augustin-etait-il-un-suppot-de-l-empire-romain-20260413\" data-fig-type=\"Article\" data-gtm-custom-categorie=\"navigation\" data-gtm-custom-action=\"crossclick\" data-gtm-custom-label=\"Contextuel\" data-gtm-event=\"customEventSPE\" data-fig-domain=\"LEFIGARO\" rel=\"nofollow noopener\" target=\"_blank\">l\u2019Empire romain<\/a>, aux IIe et IIIe si\u00e8cles de notre \u00e8re. La cit\u00e9 accueillait fr\u00e9quemment des l\u00e9gions romaines, mais elle \u00e9tait aussi peupl\u00e9e de commer\u00e7ants et d\u2019artistes.<\/p>\n","protected":false},"excerpt":{"rendered":"Ce fa\u00e7onnage en os d\u2019un sexe masculin a \u00e9t\u00e9 mis au jour par des arch\u00e9ologues apr\u00e8s un inventaire&hellip;\n","protected":false},"author":2,"featured_media":140804,"comment_status":"","ping_status":"","sticky":false,"template":"","format":"standard","meta":{"footnotes":"","_share_on_mastodon":"0"},"categories":[101],"tags":[126,124,125,12,13,18,17,127,96,3569,95,47207,3572],"class_list":["post-140803","post","type-post","status-publish","format-standard","has-post-thumbnail","category-arts-et-design","tag-arts","tag-arts-and-design","tag-arts-et-design","tag-be","tag-be-fr","tag-belgique","tag-belgium","tag-design","tag-divertissement","tag-empire-romain","tag-entertainment","tag-fouilles-archeologiques","tag-pays-bas"],"share_on_mastodon":{"url":"https:\/\/pubeurope.com\/@be_fr\/116749747269227678","error":""},"_links":{"self":[{"href":"https:\/\/www.europesays.com\/be-fr\/wp-json\/wp\/v2\/posts\/140803","targetHints":{"allow":["GET"]}}],"collection":[{"href":"https:\/\/www.europesays.com\/be-fr\/wp-json\/wp\/v2\/posts"}],"about":[{"href":"https:\/\/www.europesays.com\/be-fr\/wp-json\/wp\/v2\/types\/post"}],"author":[{"embeddable":true,"href":"https:\/\/www.europesays.com\/be-fr\/wp-json\/wp\/v2\/users\/2"}],"replies":[{"embeddable":true,"href":"https:\/\/www.europesays.com\/be-fr\/wp-json\/wp\/v2\/comments?post=140803"}],"version-history":[{"count":0,"href":"https:\/\/www.europesays.com\/be-fr\/wp-json\/wp\/v2\/posts\/140803\/revisions"}],"wp:featuredmedia":[{"embeddable":true,"href":"https:\/\/www.europesays.com\/be-fr\/wp-json\/wp\/v2\/media\/140804"}],"wp:attachment":[{"href":"https:\/\/www.europesays.com\/be-fr\/wp-json\/wp\/v2\/media?parent=140803"}],"wp:term":[{"taxonomy":"category","embeddable":true,"href":"https:\/\/www.europesays.com\/be-fr\/wp-json\/wp\/v2\/categories?post=140803"},{"taxonomy":"post_tag","embeddable":true,"href":"https:\/\/www.europesays.com\/be-fr\/wp-json\/wp\/v2\/tags?post=140803"}],"curies":[{"name":"wp","href":"https:\/\/api.w.org\/{rel}","templated":true}]}}