{"id":142093,"date":"2026-06-15T22:18:13","date_gmt":"2026-06-15T22:18:13","guid":{"rendered":"https:\/\/www.europesays.com\/be-fr\/142093\/"},"modified":"2026-06-15T22:18:13","modified_gmt":"2026-06-15T22:18:13","slug":"fin-dannee-scolaire-agitee-les-parents-soutiennent-massivement-les-enseignants-mais-linquietude-grandit","status":"publish","type":"post","link":"https:\/\/www.europesays.com\/be-fr\/142093\/","title":{"rendered":"Fin d&rsquo;ann\u00e9e scolaire agit\u00e9e: les parents soutiennent \u00ab\u00a0massivement\u00a0\u00bb les enseignants, mais l&rsquo;inqui\u00e9tude grandit"},"content":{"rendered":"<p class=\"ap-StoryElement ap-StoryElement--mb ap-StoryText\">Le soutien est \u00e9galement \u00ab\u00a0lucide\u00a0\u00bb, selon les r\u00e9sultats de l&rsquo;enqu\u00eate : 86,2 % des parents et 93,3 % des \u00e9l\u00e8ves d\u00e9clarent comprendre les revendications des enseignants, et ils et elles sont 75,2 % (parents) et 89,5 % (\u00e9l\u00e8ves) \u00e0 estimer que les perturbations sont justifi\u00e9es (tout \u00e0 fait et plut\u00f4t oui).<\/p>\n<p><a href=\"https:\/\/www.lalibre.be\/belgique\/societe\/2026\/06\/04\/la-tristesse-regne-chez-les-enseignants-on-est-traite-avec-beaucoup-de-mepris-5KW2RNCWWZGWRLR47PZV5UD7NY\/\" target=\"_self\" class=\"ap-StoryInterstitialLink ap-StoryElement ap-StoryElement--mb\" rel=\"nofollow noopener\">La tristesse r\u00e8gne chez les enseignants : \u00ab\u00a0On est trait\u00e9 avec beaucoup de m\u00e9pris\u00a0\u00bb<\/a><\/p>\n<p class=\"ap-StoryElement ap-StoryElement--mb ap-StoryText\">\u00ab\u00a0Nous observons chez les parents une compr\u00e9hension importante des mouvements et \u00e0 la fois une inqui\u00e9tude sur la fin de l&rsquo;ann\u00e9e scolaire. C&rsquo;est un signal aussi envoy\u00e9 aux enseignants pour qu&rsquo;ils l&rsquo;entendent et y r\u00e9pondent de la mani\u00e8re la plus claire possible\u00a0\u00bb, commente Bernard Hubien, secr\u00e9taire g\u00e9n\u00e9ral de l&rsquo;Ufapec. \u00ab\u00a0La demande la plus pressante est une information claire et pr\u00e9cise communiqu\u00e9 le plus rapidement aux parents car il y a encore des \u00e9coles qui n&rsquo;ont rien communiqu\u00e9 sur l&rsquo;organisation des \u00e9preuves et comment va se passer la fin de l&rsquo;ann\u00e9e.\u00a0\u00bb<\/p>\n<p>CEB, CE1D et CESS<\/p>\n<p class=\"ap-StoryElement ap-StoryElement--mb ap-StoryText\">Malgr\u00e9 les perturbations, 44,4 % des parents et 53,7 % des \u00e9l\u00e8ves estiment le maintien des<a href=\"https:\/\/www.lalibre.be\/belgique\/enseignement\/2026\/06\/09\/examens-de-fin-dannee-les-syndicats-appellent-a-lannulation-des-epreuves-externes-dans-les-ecoles-touchees-par-les-perturbations-7AKXJLPRHZCXRNDQCZLAJAPGH4\/\" target=\"_blank\" rel=\"noreferrer noopener nofollow\"> \u00e9preuves certificatives externes<\/a> (CEB, CE1D et CESS) pertinent. \u00ab\u00a0Il existe une corr\u00e9lation entre le nombre de jours de gr\u00e8ve et de perturbations par \u00e9cole et la volont\u00e9 de maintenir ces \u00e9preuves externes. Plus les \u00e9coles ont \u00e9t\u00e9 perturb\u00e9es, plus les parents souhaitent l&rsquo;annulation des \u00e9preuves externes\u00a0\u00bb, pr\u00e9cisent les organisations dans leur communiqu\u00e9 de presse.<\/p>\n<p class=\"ap-StoryElement ap-StoryElement--mb ap-StoryText\">Chaque r\u00e9ussite \u00e0 l&rsquo;\u00e9preuve a des cons\u00e9quences propres : accompagnement renforc\u00e9 en 1re secondaire pour le CEB, orientation pour le CE1D et \u00e9tudes sup\u00e9rieures pour le CESS. Les organisations accordent leur confiance aux \u00e9quipes p\u00e9dagogique pour que le conseil de classe, qui est souverain, tienne compte des circonstances exceptionnelles de cette fin d&rsquo;ann\u00e9e et ne p\u00e9nalise pas les \u00e9l\u00e8ves.<\/p>\n<p class=\"ap-StoryElement ap-StoryElement--mb ap-StoryText\">La gratuit\u00e9 scolaire pr\u00e9occupe pas mal mais la pr\u00e9occupation qui pr\u00e9domine concerne la hausse du minerval. Plus de 75 % des parents d\u00e9clarent \u00eatre concern\u00e9s par cette inqui\u00e9tude.<\/p>\n<p><a href=\"https:\/\/www.lalibre.be\/belgique\/enseignement\/2026\/06\/10\/en-flandre-aussi-lecole-est-sous-tension-TODF4A7FKNE3TBPPOSRTVXFUWY\/\" target=\"_self\" class=\"ap-StoryInterstitialLink ap-StoryElement ap-StoryElement--mb\" rel=\"nofollow noopener\">En Flandre aussi, l&rsquo;\u00e9cole est sous tension<\/a><\/p>\n<p class=\"ap-StoryElement ap-StoryElement--mb ap-StoryText\">\u00ab\u00a0On est dans une situation \u00e9conomique globale pr\u00e9caire. Les classes moyennes m\u00e9dianes sont de plus en plus sur le fil. Des \u00e9tudiants dont les parents n&rsquo;\u00e9taient pas dans un \u00e9tat de pauvret\u00e9, pouvaient pr\u00e9tendre \u00e0 des allocations d&rsquo;\u00e9tudes. Mais la globalisation des revenus change la donne. Les revenus du beau-p\u00e8re ou de la belle-m\u00e8re qui n&rsquo;est pas redevable de soutien financier de l&rsquo;\u00e9tudiant vont \u00eatre int\u00e9gr\u00e9s. \u00c7a risque de conduire \u00e0 des situations tr\u00e8s difficiles dans certaines familles\u00a0\u00bb, pr\u00e9dit Bernard Hubien.<\/p>\n<p class=\"ap-StoryElement ap-StoryElement--mb ap-StoryText\">Les associations r\u00e9clament aussi &lsquo;une r\u00e9elle prise en compte de la parole des \u00e9l\u00e8ves dans les d\u00e9cisions qui impactent leur avenir\u00a0\u00bb.<\/p>\n","protected":false},"excerpt":{"rendered":"Le soutien est \u00e9galement \u00ab\u00a0lucide\u00a0\u00bb, selon les r\u00e9sultats de l&rsquo;enqu\u00eate : 86,2 % des parents et 93,3 %&hellip;\n","protected":false},"author":2,"featured_media":142094,"comment_status":"","ping_status":"","sticky":false,"template":"","format":"standard","meta":{"footnotes":"","_share_on_mastodon":"0"},"categories":[2],"tags":[12,13,18,17,7414,4484,1431,1433,1434,7417,7418,2982,7420],"class_list":["post-142093","post","type-post","status-publish","format-standard","has-post-thumbnail","category-belgique","tag-be","tag-be-fr","tag-belgique","tag-belgium","tag-namen","tag-parlement","tag-plenaire","tag-pleniere","tag-seance","tag-waals","tag-wallon","tag-wallonie","tag-zitting"],"share_on_mastodon":{"url":"https:\/\/pubeurope.com\/@be_fr\/116756447689961425","error":""},"_links":{"self":[{"href":"https:\/\/www.europesays.com\/be-fr\/wp-json\/wp\/v2\/posts\/142093","targetHints":{"allow":["GET"]}}],"collection":[{"href":"https:\/\/www.europesays.com\/be-fr\/wp-json\/wp\/v2\/posts"}],"about":[{"href":"https:\/\/www.europesays.com\/be-fr\/wp-json\/wp\/v2\/types\/post"}],"author":[{"embeddable":true,"href":"https:\/\/www.europesays.com\/be-fr\/wp-json\/wp\/v2\/users\/2"}],"replies":[{"embeddable":true,"href":"https:\/\/www.europesays.com\/be-fr\/wp-json\/wp\/v2\/comments?post=142093"}],"version-history":[{"count":0,"href":"https:\/\/www.europesays.com\/be-fr\/wp-json\/wp\/v2\/posts\/142093\/revisions"}],"wp:featuredmedia":[{"embeddable":true,"href":"https:\/\/www.europesays.com\/be-fr\/wp-json\/wp\/v2\/media\/142094"}],"wp:attachment":[{"href":"https:\/\/www.europesays.com\/be-fr\/wp-json\/wp\/v2\/media?parent=142093"}],"wp:term":[{"taxonomy":"category","embeddable":true,"href":"https:\/\/www.europesays.com\/be-fr\/wp-json\/wp\/v2\/categories?post=142093"},{"taxonomy":"post_tag","embeddable":true,"href":"https:\/\/www.europesays.com\/be-fr\/wp-json\/wp\/v2\/tags?post=142093"}],"curies":[{"name":"wp","href":"https:\/\/api.w.org\/{rel}","templated":true}]}}