{"id":142105,"date":"2026-06-15T22:33:18","date_gmt":"2026-06-15T22:33:18","guid":{"rendered":"https:\/\/www.europesays.com\/be-fr\/142105\/"},"modified":"2026-06-15T22:33:18","modified_gmt":"2026-06-15T22:33:18","slug":"on-etait-de-pietres-amants-fabien-onteniente-evoque-sa-rupture-avec-mathilde-seigner-pendant-le-tournage-de-camping","status":"publish","type":"post","link":"https:\/\/www.europesays.com\/be-fr\/142105\/","title":{"rendered":"\u00abOn \u00e9tait de pi\u00e8tres amants\u00bb : Fabien Onteniente \u00e9voque sa rupture avec Mathilde Seigner pendant le tournage de Camping"},"content":{"rendered":"<p>\n    VID\u00c9O &#8211; Invit\u00e9 du \u00abBuzz TV\u00bb \u00e0 l\u2019occasion de la sortie de son autobiographie Alors, on n\u2019attend pas Fabien, le r\u00e9alisateur s\u2019est confi\u00e9 sur les moments marquants de sa vie. Il est notamment revenu sur sa relation pass\u00e9e avec l\u2019actrice qui joue dans son film \u00e0 succ\u00e8s.<\/p>\n<p class=\"fig-paragraph\">\u00c0 quelques heures de la rediffusion de Camping sur\u00a0<a href=\"https:\/\/tvmag.lefigaro.fr\/programme-tv\/chaine\/192\/tous-les-programmes-de-tf1\" target=\"_blank\" rel=\"noopener nofollow\" data-gtm-custom-categorie=\"navigation\" data-gtm-custom-action=\"crossclick\" data-gtm-custom-label=\"Contextuel\" data-gtm-event=\"customEventSPE\">TF1<\/a>,\u00a0<a href=\"https:\/\/www.lefigaro.fr\/tag\/fabien-onteniente\" target=\"_blank\" rel=\"noopener nofollow\" data-gtm-custom-categorie=\"navigation\" data-gtm-custom-action=\"crossclick\" data-gtm-custom-label=\"Contextuel\" data-gtm-event=\"customEventSPE\">Fabien Onteniente<\/a> \u00a0\u00e9tait l\u2019invit\u00e9 du \u00abBuzz TV\u00bb. L\u2019occasion pour le r\u00e9alisateur de l\u2019une des franchises les plus populaires du cin\u00e9ma fran\u00e7ais de revenir sur son parcours, mais aussi de pr\u00e9senter Alors, on n\u2019attend pas Fabien, son autobiographie publi\u00e9e aux \u00e9ditions Stock le 6 mai 2026. Connu pour avoir sign\u00e9 des succ\u00e8s comme Jet Set, Disco, Trois Z\u00e9ros, All Inclusive ou encore Camping, le cin\u00e9aste d\u00e9voile cette fois un visage plus personnel. Dans ce livre, il replonge dans son enfance \u00e0 Villiers-sur-Marne, dans une cit\u00e9 HLM bord\u00e9e par une voie ferr\u00e9e, et \u00e9voque les rencontres qui ont fa\u00e7onn\u00e9 sa vocation.<\/p>\n<p class=\"fig-paragraph\">L\u2019un de ses premiers souvenirs remonte \u00e0 l\u2019\u00e2ge de douze ans, lorsque Michel Audiard pose sa cam\u00e9ra en bas de chez lui. \u00abUn jour, se construit une maison Louisiane, en plein milieu d\u2019un bidonville. Et j\u2019assiste \u00e0 une sc\u00e8ne o\u00f9 Jean Carmet montre une chaussette grise qui ne convient pas. Il vient vers moi et il observe que j\u2019ai des chaussettes rouges et il me demande \u201cDis-moi, gamin, est-ce qu\u2019il serait possible de prendre des chaussettes pour le tournage\u00a0?\u201d Ce que je fais. Il me donne alors une pi\u00e8ce de cinq francs. \u00e7a restera mon premier souvenir de tournage\u00bb, raconte le r\u00e9alisateur.<\/p>\n<p>                                                <a class=\"fig-a11y-skip\" href=\"#fig-a11y-skip-main-inarticle\" is=\"fig-a11y-skip\" data-trigger-mode=\"visible-once\"><br \/>\n    Passer la publicit\u00e9<br \/>\n<\/a>            <\/p>\n<p class=\"fig-paragraph\">Le titre de l\u2019ouvrage fait directement r\u00e9f\u00e9rence \u00e0 la c\u00e9l\u00e8bre r\u00e9plique popularis\u00e9e par<a href=\"https:\/\/www.lefigaro.fr\/tag\/franck-dubosc\" target=\"_blank\" rel=\"noopener nofollow\" data-gtm-custom-categorie=\"navigation\" data-gtm-custom-action=\"crossclick\" data-gtm-custom-label=\"Contextuel\" data-gtm-event=\"customEventSPE\">\u00a0Franck Dubosc<\/a>\u00a0dans Camping. Mais derri\u00e8re ce clin d\u2019\u0153il se cache une d\u00e9marche beaucoup plus intime. \u00abJ\u2019ai d\u00e9cid\u00e9 de regarder un peu dans le r\u00e9troviseur. Parce que notre maman partait dans un EHPAD, on s\u2019est retrouv\u00e9s tous les enfants dans l\u2019appartement familial que l\u2019on devait quitter, \u00e0 se s\u00e9parer de tous nos objets de notre vie que ma m\u00e8re avait archiv\u00e9s dans des cartons\u00bb, raconte le r\u00e9alisateur avant de poursuivre, \u00abJ\u2019\u00e9tais vraiment en hyper\u00e9motivit\u00e9 avec ce qui se passait et j\u2019ai eu envie de reproduire les moments heureux de notre enfance. Et la seule fa\u00e7on de les rallumer, c\u2019est en \u00e9crivant ce livre qui raconte l\u2019histoire d\u2019un petit gar\u00e7on du HLM au box-office. Rien ne me pr\u00e9destinait \u00e0 aller voir ce qui se passait l\u00e0-haut. Et surtout, quand on est dans une famille modeste, on vous dit toujours\u00a0: Ce n\u2019est pas un m\u00e9tier s\u00e9rieux, il faut que vous ayez une bonne situation\u00bb, assure-t-il.<\/p>\n<p class=\"fig-paragraph\">Son autobiographie lui permet \u00e9galement d\u2019\u00e9voquer une histoire plus personnelle\u00a0: sa relation avec\u00a0<a href=\"https:\/\/www.lefigaro.fr\/tag\/mathilde-seigner\" target=\"_blank\" rel=\"noopener nofollow\" data-gtm-custom-categorie=\"navigation\" data-gtm-custom-action=\"crossclick\" data-gtm-custom-label=\"Contextuel\" data-gtm-event=\"customEventSPE\">Mathilde Seigner<\/a>. Au d\u00e9but des ann\u00e9es 2000, le r\u00e9alisateur et la com\u00e9dienne vivent une romance qui s\u2019est poursuivie sur le tournage de Camping, film dans lequel l\u2019actrice interpr\u00e8te Sophie Gatineau. \u00abOn \u00e9tait des \u00eatres assez \u00e9motifs. Au d\u00e9but du film, on n\u2019a pas vraiment su comment on allait se situer, moi comme acteur en sc\u00e8ne, elle comme com\u00e9dienne. C\u2019\u00e9tait un peu confus. Notre histoire \u00e9tait au d\u00e9but, donc on ne voulait pas tout m\u00e9langer. Finalement, \u00e7a a explos\u00e9 et on \u00e9tait de pi\u00e8tres amants\u00bb. Une s\u00e9paration qui aurait pu les \u00e9loigner durablement mais qui a finalement d\u00e9bouch\u00e9 sur une relation d\u2019amiti\u00e9. \u00abCe qui nous est rest\u00e9 de plus beau, et j\u2019en suis le plus fier, c\u2019est l\u2019amiti\u00e9 qui reste entre nous. Parce qu\u2019on se voit tout le temps, on s\u2019appelle tout le temps\u00bb, confie Fabien Onteniente.<\/p>\n<p class=\"fig-body-link\">\n            \u00c0 lire aussi<br \/>\n        <a class=\"fig-body-link__link\" href=\"http:\/\/tvmag.lefigaro.fr\/programme-tv\/actu-tele\/c-etait-complique-melanie-page-prend-la-defense-de-nagui-apres-la-commission-d-enquete-sur-l-audiovisuel-public-20260612\" target=\"_blank\" data-fig-type=\"Article\" rel=\"noopener nofollow\" data-gtm-custom-categorie=\"navigation\" data-gtm-custom-action=\"crossclick\" data-gtm-custom-label=\"Contextuel\" data-gtm-event=\"customEventSPE\" data-fig-domain=\"TVMAG\"><br \/>\n                \u00abC\u2019\u00e9tait compliqu\u00e9\u00bb\u00a0: M\u00e9lanie Page prend la d\u00e9fense de Nagui apr\u00e8s la commission d\u2019enqu\u00eate sur l\u2019audiovisuel public<br \/>\n    <\/a>\n<\/p>\n<p class=\"fig-paragraph\">L\u2019entretien a \u00e9galement permis au r\u00e9alisateur de revenir sur les d\u00e9buts de Camping, dont le premier volet est rediffus\u00e9 ce lundi soir sur TF1, 20 ans apr\u00e8s sa sortie en salles. Fabien Onteniente rappelle que l\u2019id\u00e9e du film est d\u2019abord venue de Franck Dubosc, nourri par plusieurs d\u00e9cennies de vacances pass\u00e9es dans les campings. \u00abIl est n\u00e9 d\u2019une rencontre magique entre Franck Dubosc et moi. C\u2019\u00e9tait dans une bo\u00eete \u00e0 Deauville. Franck vient vers moi, il avait vu Jet Set, il m\u2019a dit\u00a0: \u201cJ\u2019aimerais bien faire un film comme \u00e7a\u201d (\u2026) On s\u2019est associ\u00e9s. C\u2019est comme une rencontre amoureuse. \u00c7a a \u00e9t\u00e9 facile. C\u2019est un travailleur. Il a un talent de dingo\u00bb, se souvient-il. Pourtant, rien ne laissait pr\u00e9sager le destin du film. \u00c0 sa sortie, il est accueilli avec une certaine condescendance par une partie de la critique. \u00abOn a \u00e9t\u00e9 victime de snobisme et puis petit \u00e0 petit, avec le temps, on est rentr\u00e9 dans les films cultes\u00bb, rapporte le r\u00e9alisateur.<\/p>\n<p class=\"fig-paragraph\">Vingt ans plus tard, Camping s\u2019est impos\u00e9 comme l\u2019une des com\u00e9dies les plus populaires du cin\u00e9ma fran\u00e7ais. Une reconnaissance que Fabien Onteniente associe aussi au parcours de Franck Dubosc. \u00abC\u2019est quelqu\u2019un qui est vraiment talentueux et acharn\u00e9, avec son film L\u2019Ours dans le Jura, il a \u00e9t\u00e9 r\u00e9compens\u00e9, il a eu son C\u00e9sar. L\u2019ann\u00e9e d\u2019avant,\u00a0<a href=\"http:\/\/tvmag.lefigaro.fr\/programme-tv\/actu-tele\/il-a-eu-la-force-de-le-faire-michele-bernier-salue-le-discours-de-franck-dubosc-aux-cesar-2025-20250308\" target=\"_blank\" data-fig-type=\"Article\" rel=\"noopener nofollow\" data-gtm-custom-categorie=\"navigation\" data-gtm-custom-action=\"crossclick\" data-gtm-custom-label=\"Contextuel\" data-gtm-event=\"customEventSPE\" data-fig-domain=\"TVMAG\">il avait fait un sketch extraordinaire sur le C\u00e9sario<\/a> . Mais quand il a eu son C\u00e9sar, il m\u2019a fait une photo. Il y avait une petite tasse de caf\u00e9 avec le C\u00e9sar et une l\u00e9gende. Il m\u2019a dit\u00a0: \u201cJe t\u2019en laisse un peu\u201d. Et \u00e7a, c\u2019\u00e9tait tr\u00e8s mignon\u00bb. Avec plus de vingt millions d\u2019entr\u00e9es cumul\u00e9es au box-office entre toutes ses com\u00e9dies, le r\u00e9alisateur assure toutefois que sa plus grande fiert\u00e9 reste \u00abd\u2019avoir donn\u00e9 du bonheur aux gens\u00bb, d\u00e9clare-t-il sur le plateau du \u00abBuzz TV\u00bb.<\/p>\n","protected":false},"excerpt":{"rendered":"VID\u00c9O &#8211; Invit\u00e9 du \u00abBuzz TV\u00bb \u00e0 l\u2019occasion de la sortie de son autobiographie Alors, on n\u2019attend pas&hellip;\n","protected":false},"author":2,"featured_media":142106,"comment_status":"","ping_status":"","sticky":false,"template":"","format":"standard","meta":{"footnotes":"","_share_on_mastodon":"0"},"categories":[102],"tags":[12,13,18,17,129,128,96,95,10220,2805,109,380],"class_list":["post-142105","post","type-post","status-publish","format-standard","has-post-thumbnail","category-people","tag-be","tag-be-fr","tag-belgique","tag-belgium","tag-celebrities","tag-celebrity","tag-divertissement","tag-entertainment","tag-franck-dubosc","tag-le-figaro-tv","tag-people","tag-tf1"],"share_on_mastodon":{"url":"https:\/\/pubeurope.com\/@be_fr\/116756506605206244","error":""},"_links":{"self":[{"href":"https:\/\/www.europesays.com\/be-fr\/wp-json\/wp\/v2\/posts\/142105","targetHints":{"allow":["GET"]}}],"collection":[{"href":"https:\/\/www.europesays.com\/be-fr\/wp-json\/wp\/v2\/posts"}],"about":[{"href":"https:\/\/www.europesays.com\/be-fr\/wp-json\/wp\/v2\/types\/post"}],"author":[{"embeddable":true,"href":"https:\/\/www.europesays.com\/be-fr\/wp-json\/wp\/v2\/users\/2"}],"replies":[{"embeddable":true,"href":"https:\/\/www.europesays.com\/be-fr\/wp-json\/wp\/v2\/comments?post=142105"}],"version-history":[{"count":0,"href":"https:\/\/www.europesays.com\/be-fr\/wp-json\/wp\/v2\/posts\/142105\/revisions"}],"wp:featuredmedia":[{"embeddable":true,"href":"https:\/\/www.europesays.com\/be-fr\/wp-json\/wp\/v2\/media\/142106"}],"wp:attachment":[{"href":"https:\/\/www.europesays.com\/be-fr\/wp-json\/wp\/v2\/media?parent=142105"}],"wp:term":[{"taxonomy":"category","embeddable":true,"href":"https:\/\/www.europesays.com\/be-fr\/wp-json\/wp\/v2\/categories?post=142105"},{"taxonomy":"post_tag","embeddable":true,"href":"https:\/\/www.europesays.com\/be-fr\/wp-json\/wp\/v2\/tags?post=142105"}],"curies":[{"name":"wp","href":"https:\/\/api.w.org\/{rel}","templated":true}]}}