{"id":142600,"date":"2026-06-16T10:47:11","date_gmt":"2026-06-16T10:47:11","guid":{"rendered":"https:\/\/www.europesays.com\/be-fr\/142600\/"},"modified":"2026-06-16T10:47:11","modified_gmt":"2026-06-16T10:47:11","slug":"la-pme-wallonne-elneo-fait-coup-double-en-rachetant-des-concurrents-en-france-et-aux-pays-bas","status":"publish","type":"post","link":"https:\/\/www.europesays.com\/be-fr\/142600\/","title":{"rendered":"La PME wallonne Elneo fait coup double en rachetant des concurrents en France et aux Pays-Bas"},"content":{"rendered":"<p>D&rsquo;autres acquisitions en vue<\/p>\n<p class=\"ap-StoryElement ap-StoryElement--mb ap-StoryText\">Cette double acquisition permet \u00e0 Elneo, sp\u00e9cialis\u00e9e dans l&rsquo;air comprim\u00e9 et les fluides industriels, de porter son chiffre d&rsquo;affaires \u00e0 30 millions d&rsquo;euros et son effectif \u00e0 105 collaborateurs. Elle donnera aussi l&rsquo;occasion \u00e0 l&rsquo;entreprise li\u00e9geoise d&rsquo;exporter son savoir-faire technique, tout en accompagnant ses clients belges sur des chantiers internationaux.<\/p>\n<p><a href=\"https:\/\/www.lalibre.be\/economie\/entreprises-startup\/2025\/07\/02\/jonathan-bouhy-ceo-de-la-pme-liegeoise-elneo-je-vivais-mal-le-fait-davoir-100-de-la-societe-et-detre-le-seul-a-profiter-des-benefices-6D2FYCPGL5D3PMHXX774JNBIYU\/\" target=\"_self\" class=\"ap-StoryInterstitialLink ap-StoryElement ap-StoryElement--mb\" rel=\"nofollow noopener\">Jonathan Bouhy, CEO de la PME li\u00e9geoise Elneo : \u00ab\u00a0Je vivais mal le fait d&rsquo;avoir 100 % de la soci\u00e9t\u00e9 et d&rsquo;\u00eatre le seul \u00e0 profiter des b\u00e9n\u00e9fices\u00a0\u00bb<\/a><\/p>\n<p class=\"ap-StoryElement ap-StoryElement--mb ap-StoryText\">Elneo indique qu&rsquo;elle ne compte pas s&rsquo;arr\u00eater l\u00e0. Elle vise un effectif de 250 personnes d&rsquo;ici 2030 et entend prouver qu&rsquo;une PME wallonne peut devenir une r\u00e9f\u00e9rence europ\u00e9enne. Des discussions ont \u00e9t\u00e9 engag\u00e9es avec une soci\u00e9t\u00e9 en Italie et plusieurs autres en Belgique.<\/p>\n<p class=\"ap-StoryElement ap-StoryElement--mb ap-StoryText\">Pour Jonathan Bouhy, cette expansion g\u00e9ographique marque le d\u00e9but d&rsquo;un projet plus vaste : b\u00e2tir un \u00e9cosyst\u00e8me europ\u00e9en de structures unies, sous une m\u00eame banni\u00e8re, par des valeurs communes.<\/p>\n<p>GSK, ArcelorMittal, Walibi\u2026<\/p>\n<p class=\"ap-StoryElement ap-StoryElement--mb ap-StoryText\">\u00ab\u00a0On est partout, mais personne ne le sait\u00a0\u00bb, aime \u00e0 r\u00e9p\u00e9ter le jeune CEO pour expliquer l&rsquo;activit\u00e9 d&rsquo;Elneo. La PME fournit des compresseurs, des syst\u00e8mes g\u00e9n\u00e9rateurs de mouvement (comme les bras articul\u00e9s dans les usines) et des instruments de mesure pour contr\u00f4ler les flux d&rsquo;air comprim\u00e9 et de fluides industriels.<\/p>\n<p><a href=\"https:\/\/www.lalibre.be\/economie\/entreprises-startup\/2025\/07\/02\/jonathan-bouhy-ceo-de-la-pme-liegeoise-elneo-je-vivais-mal-le-fait-davoir-100-de-la-societe-et-detre-le-seul-a-profiter-des-benefices-6D2FYCPGL5D3PMHXX774JNBIYU\/\" target=\"_self\" class=\"ap-StoryInterstitialLink ap-StoryElement ap-StoryElement--mb\" rel=\"nofollow noopener\">\u00ab\u00a0Je vivais mal le fait d&rsquo;avoir 100 % de la soci\u00e9t\u00e9 et d&rsquo;\u00eatre le seul \u00e0 profiter des b\u00e9n\u00e9fices\u00a0\u00bb<\/a><\/p>\n<p class=\"ap-StoryElement ap-StoryElement--mb ap-StoryText\">Fond\u00e9e par le grand-p\u00e8re de l&rsquo;actuel dirigeant, la soci\u00e9t\u00e9 a pris une dimension nouvelle depuis que Jonathan Bouhy en a repris les r\u00eanes en 2016. En dix ans, il a transform\u00e9 la structure familiale en un partenaire strat\u00e9gique pour des soci\u00e9t\u00e9s telles que GSK, ArcelorMittal, Walibi ou encore Galler.<\/p>\n<p class=\"ap-StoryElement ap-StoryElement--mb ap-StoryText\">La sp\u00e9cificit\u00e9 d&rsquo;Elneo r\u00e9side \u00e9galement dans son mode de gestion participatif. En 2024, Jonathan Bouhy a fait le choix de l&rsquo;actionnariat salari\u00e9 : \u00e0 ce jour, 40 % des employ\u00e9s sont propri\u00e9taires d&rsquo;une partie de l&rsquo;entreprise. \u00ab\u00a0Ce mod\u00e8le unique est un puissant levier de motivation, car chaque collaborateur profite directement de la croissance et des r\u00e9sultats du groupe\u00a0\u00bb, soutient-il.<\/p>\n","protected":false},"excerpt":{"rendered":"D&rsquo;autres acquisitions en vue Cette double acquisition permet \u00e0 Elneo, sp\u00e9cialis\u00e9e dans l&rsquo;air comprim\u00e9 et les fluides industriels,&hellip;\n","protected":false},"author":2,"featured_media":142601,"comment_status":"","ping_status":"","sticky":false,"template":"","format":"standard","meta":{"footnotes":"","_share_on_mastodon":"0"},"categories":[35],"tags":[21648,12,13,18,17,38,37,36],"class_list":["post-142600","post","type-post","status-publish","format-standard","has-post-thumbnail","category-economie","tag-awans","tag-be","tag-be-fr","tag-belgique","tag-belgium","tag-business","tag-economie","tag-economy"],"share_on_mastodon":{"url":"https:\/\/pubeurope.com\/@be_fr\/116759392804051857","error":""},"_links":{"self":[{"href":"https:\/\/www.europesays.com\/be-fr\/wp-json\/wp\/v2\/posts\/142600","targetHints":{"allow":["GET"]}}],"collection":[{"href":"https:\/\/www.europesays.com\/be-fr\/wp-json\/wp\/v2\/posts"}],"about":[{"href":"https:\/\/www.europesays.com\/be-fr\/wp-json\/wp\/v2\/types\/post"}],"author":[{"embeddable":true,"href":"https:\/\/www.europesays.com\/be-fr\/wp-json\/wp\/v2\/users\/2"}],"replies":[{"embeddable":true,"href":"https:\/\/www.europesays.com\/be-fr\/wp-json\/wp\/v2\/comments?post=142600"}],"version-history":[{"count":0,"href":"https:\/\/www.europesays.com\/be-fr\/wp-json\/wp\/v2\/posts\/142600\/revisions"}],"wp:featuredmedia":[{"embeddable":true,"href":"https:\/\/www.europesays.com\/be-fr\/wp-json\/wp\/v2\/media\/142601"}],"wp:attachment":[{"href":"https:\/\/www.europesays.com\/be-fr\/wp-json\/wp\/v2\/media?parent=142600"}],"wp:term":[{"taxonomy":"category","embeddable":true,"href":"https:\/\/www.europesays.com\/be-fr\/wp-json\/wp\/v2\/categories?post=142600"},{"taxonomy":"post_tag","embeddable":true,"href":"https:\/\/www.europesays.com\/be-fr\/wp-json\/wp\/v2\/tags?post=142600"}],"curies":[{"name":"wp","href":"https:\/\/api.w.org\/{rel}","templated":true}]}}