{"id":143643,"date":"2026-06-17T06:13:14","date_gmt":"2026-06-17T06:13:14","guid":{"rendered":"https:\/\/www.europesays.com\/be-fr\/143643\/"},"modified":"2026-06-17T06:13:14","modified_gmt":"2026-06-17T06:13:14","slug":"affaire-du-greffier-du-parlement-wallon-la-phrase-tes-a-la-morgue-a-midi-remise-dans-son-contexte-netait-sans-doute-pas-une-menace-de-mort","status":"publish","type":"post","link":"https:\/\/www.europesays.com\/be-fr\/143643\/","title":{"rendered":"Affaire du greffier du Parlement wallon: la phrase \u00ab\u00a0t&rsquo;es \u00e0 la morgue \u00e0 midi\u00a0\u00bb, remise dans son contexte, n&rsquo;\u00e9tait sans doute pas une menace de mort"},"content":{"rendered":"<p class=\"ap-StoryElement ap-StoryElement--mb ap-StoryText\">La conversation commence par une mise au point de Monsieur Janssens. Il lui fait part manifestement de son courroux face \u00e0 un envoi de mails massifs de la part de son interlocuteur o\u00f9 il se plaint d&rsquo;autres coll\u00e8gues alors que lui se sent surveill\u00e9. <a href=\"https:\/\/www.lalibre.be\/belgique\/politique-belge\/2026\/03\/10\/le-proces-de-frederic-janssens-lancien-greffier-du-parlement-wallon-naura-pas-lieu-avant-2027-5CUHSZTSMBEWHMX2VCPP2ACCDQ\/\" target=\"_self\" rel=\"nofollow noopener\">Fr\u00e9d\u00e9ric Janssens<\/a> lui dit qu&rsquo;il ne va pas \u00ab\u00a0continuer \u00e0 lire, \u00e0 recevoir et \u00e0 tenter de r\u00e9agir \u00e0 ces messages-l\u00e0 qui n&rsquo;ont, je vais te le dire gentiment, pour 80 %, ni queue, ni t\u00eate. [\u2026]. Les 20 % que j&rsquo;accepte, c&rsquo;est ceux o\u00f9 tu vis des injustices par rapport \u00e0 d&rsquo;autres et par rapport \u00e0 des d\u00e9roulements de carri\u00e8re, \u00e7a, je le comprends volontiers\u00a0\u00bb.<\/p>\n<p><a href=\"https:\/\/www.lalibre.be\/belgique\/politique-belge\/2026\/02\/07\/le-parlement-wallon-est-il-le-lieu-du-recasage-politique-par-excellence-FIHEN25OVJHS3CDVHCWNJSWCK4\/\" target=\"_self\" class=\"ap-StoryInterstitialLink ap-StoryElement ap-StoryElement--mb\" rel=\"nofollow noopener\">Le Parlement wallon est-il le lieu du recasage politique par excellence ?<\/a>Un ton complice, des louanges<\/p>\n<p class=\"ap-StoryElement ap-StoryElement--mb ap-StoryText\">Le ton est plut\u00f4t complice, les deux hommes se tutoient et Fr\u00e9d\u00e9ric Janssens, agac\u00e9 certes par les plaintes intempestives de son subordonn\u00e9 tente de le rassurer. \u00ab\u00a0Je suis ton meilleur d\u00e9fenseur pour autant que tu en aies besoin, je le fais avec plaisir, m\u00eame si ce n&rsquo;est pas tous les jours facile avec certains interlocuteurs qui se sentent maltrait\u00e9s par toi\u00a0\u00bb. Plus loin, il lui dit aussi \u00ab\u00a0je pense que tu fais \u00e9norm\u00e9ment de choses, je t&rsquo;en suis extr\u00eamement reconnaissant. J&rsquo;esp\u00e8re que dans une \u00e9ch\u00e9ance d&rsquo;un an raisonnable, cette reconnaissance se mat\u00e9rialisera par autre chose que des sourires\u2026\u00a0\u00bb. Il affirme qu&rsquo;il \u00ab\u00a0respecte [son] travail, je respecte la mani\u00e8re dont tu g\u00e8res les \u00e9quipes\u00a0\u00bb.<\/p>\n<p class=\"ap-StoryElement ap-StoryElement--mb ap-StoryText\">Et ce n&rsquo;est pas tout. Apr\u00e8s que son collaborateur lui a confi\u00e9 avoir le sentiment que, alors que d&rsquo;autres membres du greffe passaient leur temps \u00ab\u00a0\u00e0 se balader\u00a0\u00bb, lui devait constamment rendre des comptes, Janssens lui adresse m\u00eame quelques compliments : \u00ab\u00a0Mais tu as une intelligence sup\u00e9rieure, tu as une culture immense, tu as une capacit\u00e9 de r\u00e9daction exceptionnelle tu as une capacit\u00e9 de travail incroyable. Je t&rsquo;ai d\u00e9j\u00e0 dit dix fois que tu travaillais beaucoup trop\u2026\u00a0\u00bb. Il ajoute encore que \u00ab\u00a0Tu fais des choses qui sont \u00e9tranges dans le fonctionnement d&rsquo;une administration, c&rsquo;est tout. J&rsquo;en fais le constat et comme je t&rsquo;ai dit, je te prot\u00e8ge par rapport \u00e0 toi-m\u00eame\u00a0\u00bb.<\/p>\n<p><a href=\"https:\/\/www.lalibre.be\/belgique\/politique-belge\/2025\/10\/30\/des-documents-concernant-les-marches-publics-du-parlement-wallon-auraient-disparu-4IGHGXJC6VEFPIHCO4XITBCFL4\/\" target=\"_self\" class=\"ap-StoryInterstitialLink ap-StoryElement ap-StoryElement--mb\" rel=\"nofollow noopener\">Des documents concernant les march\u00e9s publics du Parlement wallon auraient disparu<\/a><\/p>\n<p class=\"ap-StoryElement ap-StoryElement--mb ap-StoryText\">C&rsquo;est alors que vient le fameux passage qui a mis \u00e0 mal la r\u00e9putation de Fr\u00e9d\u00e9ric Janssens. En effet, dans cette conversation, le greffier \u00e9voque alors deux agents avec qui son interlocuteur rencontrait des probl\u00e8mes. Il lui rappelle qu&rsquo;il a r\u00e9gl\u00e9 ces probl\u00e8mes par des \u00ab\u00a0proc\u00e9d\u00e9s odieux\u00a0\u00bb pour un et apr\u00e8s avoir \u00ab\u00a0d\u00e9zingu\u00e9\u00a0\u00bb le second. Il lui d\u00e9montre ensuite que s&rsquo;il employait avec lui des m\u00e9thodes similaires \u2212 la mise en route d&rsquo;une proc\u00e9dure disciplinaire \u2212 il n&rsquo;irait \u00ab\u00a0pas juste (NdlR : corrig\u00e9 par nos soins) chez [son] cardiologue ce soir\u00a0\u00bb, mais qu&rsquo;il serait \u00e0 la morgue d\u00e8s midi. \u00ab\u00a0Hein t&rsquo;es \u00e0 la morgue \u00e0 midi, hein Alors ?\u00a0\u00bb, entend-on dans l&rsquo;enregistrement. Ensuite il lui pr\u00e9cise que \u00ab\u00a0J&rsquo;aimerais bien que tu finisses ta carri\u00e8re ici\u00a0\u00bb. Ce dernier morceau de phrase n&rsquo;\u00e9tait pas repris dans le petit morceau d&rsquo;enregistrement diffus\u00e9 au moment de l&rsquo;affaire.<\/p>\n<p>Une citation directe au p\u00e9nal pour l&rsquo;auteur de l&rsquo;enregistrement<\/p>\n<p class=\"ap-StoryElement ap-StoryElement--mb ap-StoryText\">Fr\u00e9d\u00e9ric Janssens ne souhaitant pas r\u00e9agir, mais pour, Julien Uyttendaele, l&rsquo;avocat de Fr\u00e9d\u00e9ric Janssens que La Libre a contact\u00e9, \u00ab\u00a0il est clair que cet enregistrement a \u00e9t\u00e9 trait\u00e9 avec l\u00e9g\u00e8ret\u00e9 et que, sur base de bribes, des conclusions ont \u00e9t\u00e9 tir\u00e9es. Elles ont des cons\u00e9quences d\u00e9sastreuses pour mon client qui est toujours consid\u00e9r\u00e9 comme un pestif\u00e9r\u00e9\u00a0\u00bb. Il explique aussi qu&rsquo;on \u00ab\u00a0constate que cette discussion n&rsquo;est pas purement professionnelle\u00a0\u00bb, et son client \u00ab\u00a0s&rsquo;y montre plut\u00f4t bienveillant\u00a0\u00bb. L&rsquo;avocat nous confirme aussi qu&rsquo;une citation directe au p\u00e9nal a \u00e9t\u00e9 d\u00e9pos\u00e9e contre le subordonn\u00e9 de Monsieur Janssens qui est l&rsquo;auteur de l&rsquo;enregistrement pour qu&rsquo;il r\u00e9ponde ses actes.<\/p>\n<p><a href=\"https:\/\/www.lalibre.be\/belgique\/politique-belge\/2026\/02\/02\/georges-louis-bouchez-explique-que-frederic-janssens-va-gagner-son-proces-contre-le-parlement-wallon-HXPZNFTCIBCBHFUK2L5EEWUZ6Y\/\" target=\"_self\" class=\"ap-StoryInterstitialLink ap-StoryElement ap-StoryElement--mb\" rel=\"nofollow noopener\">Georges-Louis Bouchez explique que \u00ab\u00a0Fr\u00e9d\u00e9ric Janssens va gagner son proc\u00e8s contre le Parlement wallon\u00a0\u00bb<\/a><\/p>\n<p class=\"ap-StoryElement ap-StoryElement--mb ap-StoryText\">Quant aux termes \u00ab\u00a0proc\u00e9d\u00e9s odieux\u00a0\u00bb et \u00ab\u00a0d\u00e9zingu\u00e9\u00a0\u00bb associ\u00e9s aux proc\u00e9dures engag\u00e9es contre les deux autres agents, l&rsquo;avocat pr\u00e9cise que son client \u00ab\u00a0grossit le trait et utilise des termes qui avaient \u00e9t\u00e9 utilis\u00e9s par les agents concern\u00e9s\u00a0\u00bb.<\/p>\n<p class=\"ap-StoryElement ap-StoryElement--mb ap-StoryText\">Il <a href=\"https:\/\/www.lalibre.be\/belgique\/politique-belge\/2026\/03\/10\/le-proces-de-frederic-janssens-lancien-greffier-du-parlement-wallon-naura-pas-lieu-avant-2027-5CUHSZTSMBEWHMX2VCPP2ACCDQ\/\" target=\"_self\" rel=\"nofollow noopener\">faudra attendre septembre 2027 <\/a>pour voir ce volet de l&rsquo;affaire passer enfin devant la justice.<\/p>\n","protected":false},"excerpt":{"rendered":"La conversation commence par une mise au point de Monsieur Janssens. Il lui fait part manifestement de son&hellip;\n","protected":false},"author":2,"featured_media":143644,"comment_status":"","ping_status":"","sticky":false,"template":"","format":"standard","meta":{"footnotes":"","_share_on_mastodon":"0"},"categories":[2],"tags":[12,13,18,17,7414,4484,1431,1433,1434,7417,7418,2982,7420],"class_list":["post-143643","post","type-post","status-publish","format-standard","has-post-thumbnail","category-belgique","tag-be","tag-be-fr","tag-belgique","tag-belgium","tag-namen","tag-parlement","tag-plenaire","tag-pleniere","tag-seance","tag-waals","tag-wallon","tag-wallonie","tag-zitting"],"share_on_mastodon":{"url":"https:\/\/pubeurope.com\/@be_fr\/116763977853741767","error":""},"_links":{"self":[{"href":"https:\/\/www.europesays.com\/be-fr\/wp-json\/wp\/v2\/posts\/143643","targetHints":{"allow":["GET"]}}],"collection":[{"href":"https:\/\/www.europesays.com\/be-fr\/wp-json\/wp\/v2\/posts"}],"about":[{"href":"https:\/\/www.europesays.com\/be-fr\/wp-json\/wp\/v2\/types\/post"}],"author":[{"embeddable":true,"href":"https:\/\/www.europesays.com\/be-fr\/wp-json\/wp\/v2\/users\/2"}],"replies":[{"embeddable":true,"href":"https:\/\/www.europesays.com\/be-fr\/wp-json\/wp\/v2\/comments?post=143643"}],"version-history":[{"count":0,"href":"https:\/\/www.europesays.com\/be-fr\/wp-json\/wp\/v2\/posts\/143643\/revisions"}],"wp:featuredmedia":[{"embeddable":true,"href":"https:\/\/www.europesays.com\/be-fr\/wp-json\/wp\/v2\/media\/143644"}],"wp:attachment":[{"href":"https:\/\/www.europesays.com\/be-fr\/wp-json\/wp\/v2\/media?parent=143643"}],"wp:term":[{"taxonomy":"category","embeddable":true,"href":"https:\/\/www.europesays.com\/be-fr\/wp-json\/wp\/v2\/categories?post=143643"},{"taxonomy":"post_tag","embeddable":true,"href":"https:\/\/www.europesays.com\/be-fr\/wp-json\/wp\/v2\/tags?post=143643"}],"curies":[{"name":"wp","href":"https:\/\/api.w.org\/{rel}","templated":true}]}}