{"id":144299,"date":"2026-06-17T17:03:07","date_gmt":"2026-06-17T17:03:07","guid":{"rendered":"https:\/\/www.europesays.com\/be-fr\/144299\/"},"modified":"2026-06-17T17:03:07","modified_gmt":"2026-06-17T17:03:07","slug":"ca-va-danser-le-jeune-rappeur-dhk-20-ans-pret-a-ambiancer-le-public-pour-sa-premiere-fete-de-la-musique","status":"publish","type":"post","link":"https:\/\/www.europesays.com\/be-fr\/144299\/","title":{"rendered":"\u00ab\u00a0\u00c7a va danser\u00a0\u00bb\u00a0: le jeune rappeur DHK, 20\u00a0ans, pr\u00eat \u00e0 \u00ab\u00a0ambiancer\u00a0\u00bb le public pour sa premi\u00e8re F\u00eate de la musique"},"content":{"rendered":"<p>\n                Article premium,<br \/>\n                    R\u00e9serv\u00e9 aux\u00a0abonn\u00e9s\n            <\/p>\n<p class=\"su-standfirst chapeau\">David Grelier, alias DHK, de Niort\u00a0(Deux-S\u00e8vres), m\u00e8ne de front son m\u00e9tier de soignant et sa\u00a0passion pour le rap. Il se produira pour la premi\u00e8re fois lors de la F\u00eate de la musique, samedi 20\u00a0juin 2026, \u00e0 Benet\u00a0(Vend\u00e9e). Le Courrier de l\u2019Ouest l\u2019a rencontr\u00e9.<\/p>\n<p>                                        <img decoding=\"async\" class=\"su-media\" src=\"https:\/\/media.ouest-france.fr\/v1\/pictures\/MjAyNjA2NTNlMDhiMWZkNTcxYjY2YTk0ZmM5NDVmN2JlMDYyOGE?width=1260&amp;height=708&amp;focuspoint=50%2C25&amp;cropresize=1&amp;client_id=bpeditorial&amp;sign=9bc23bf4a2ff2aef582bf425c40b3abdd00fabfb42da8263654cd157953f0520\" alt=\"\u00c0 Niort, le 16\u00a0avril 2026. DHK s\u2019est produit au Camji, dans le cadre d\u2019une soir\u00e9e rap baptis\u00e9e Fest N Zic\u00a0: \u00ab\u00a0C\u2019\u00e9tait vraiment g\u00e9nial\u00a0\u00bb.\"  \/><\/p>\n<p>                            \u00c0 Niort, le 16\u00a0avril 2026. DHK s\u2019est produit au Camji, dans le cadre d\u2019une soir\u00e9e rap baptis\u00e9e Fest N Zic\u00a0: \u00ab\u00a0C\u2019\u00e9tait vraiment g\u00e9nial\u00a0\u00bb. | DOCUMENT DHK<\/p>\n<p>                            fermer<\/p>\n<p><img decoding=\"async\" data-ofmaxheight=\"\" class=\"su-media lazyload\" alt=\"\u00c0 Niort, le 16\u00a0avril 2026. DHK s\u2019est produit au Camji, dans le cadre d\u2019une soir\u00e9e rap baptis\u00e9e Fest N Zic\u00a0: \u00ab\u00a0C\u2019\u00e9tait vraiment g\u00e9nial\u00a0\u00bb.\" src=\"data:image\/png;base64,iVBORw0KGgoAAAANSUhEUgAAABAAAAAJCAYAAAA7KqwyAAAAGXRFWHRTb2Z0d2FyZQBBZG9iZSBJbWFnZVJlYWR5ccllPAAAABhJREFUeNpi\/P\/\/PwMlgHHUgFEDgAAgwAD+lBrvy+NcxAAAAABJRU5ErkJggg==\" data-oflazyload=\"{&quot;srcset&quot;:&quot;https:\/\/media.ouest-france.fr\/v1\/pictures\/MjAyNjA2NTNlMDhiMWZkNTcxYjY2YTk0ZmM5NDVmN2JlMDYyOGE?width=320&amp;focuspoint=50%2C25&amp;cropresize=1&amp;client_id=bpeditorial&amp;sign=886362ee4581cffa99b44a9a024338f4667460f8aa4349685bb53c22eb9cc030 320w,https:\/\/media.ouest-france.fr\/v1\/pictures\/MjAyNjA2NTNlMDhiMWZkNTcxYjY2YTk0ZmM5NDVmN2JlMDYyOGE?width=375&amp;focuspoint=50%2C25&amp;cropresize=1&amp;client_id=bpeditorial&amp;sign=fae94afc23cc85a428965341064a8337f4b3a714f3d981e3a29c1df82e53544e 360w,https:\/\/media.ouest-france.fr\/v1\/pictures\/MjAyNjA2NTNlMDhiMWZkNTcxYjY2YTk0ZmM5NDVmN2JlMDYyOGE?width=480&amp;focuspoint=50%2C25&amp;cropresize=1&amp;client_id=bpeditorial&amp;sign=ec3a0eb6abe96042a3c68cafd20819f5103e1094612dfdb2e6710a1bb8dbccfd 480w,https:\/\/media.ouest-france.fr\/v1\/pictures\/MjAyNjA2NTNlMDhiMWZkNTcxYjY2YTk0ZmM5NDVmN2JlMDYyOGE?width=630&amp;focuspoint=50%2C25&amp;cropresize=1&amp;client_id=bpeditorial&amp;sign=09a58d5a5b827aa0e707dc780d8625ec6afc393e754ca231a834b83c0e788d1f 630w,https:\/\/media.ouest-france.fr\/v1\/pictures\/MjAyNjA2NTNlMDhiMWZkNTcxYjY2YTk0ZmM5NDVmN2JlMDYyOGE?width=940&amp;focuspoint=50%2C25&amp;cropresize=1&amp;client_id=bpeditorial&amp;sign=88902d146a6ad879c7409441b6529324390df5330f9b93f9f94bddf22ffc6df8 940w,https:\/\/media.ouest-france.fr\/v1\/pictures\/MjAyNjA2NTNlMDhiMWZkNTcxYjY2YTk0ZmM5NDVmN2JlMDYyOGE?width=1260&amp;focuspoint=50%2C25&amp;cropresize=1&amp;client_id=bpeditorial&amp;sign=242d66d56ade68612df2e8902b29b027d949b1a5431249c64c050aafe78a48e0 1260w&quot;}\"\/>\u00c0 Niort, le 16\u00a0avril 2026. DHK s\u2019est produit au Camji, dans le cadre d\u2019une soir\u00e9e rap baptis\u00e9e Fest N Zic\u00a0: \u00ab\u00a0C\u2019\u00e9tait vraiment g\u00e9nial\u00a0\u00bb. | DOCUMENT DHK                            <\/p>\n<p>        Publi\u00e9 le 17\/06\/2026  \u00e0 17h43<\/p>\n<p>                            Lire plus tard<\/p>\n<p>                            Partager<\/p>\n<p>                        FacebookFacebookBlueSkyBlueSkyFlipboardFlipboardlinkedinLinkedIn<\/p>\n<p>Ce sera sa premi\u00e8re F\u00eate de la musique, en tant que chanteur, un peu avant l\u2019heure. Il y a un peu de pression. Je vais chanter devant des gens que je ne connais pas, mais aussi devant ma famille et des amis, souligne le jeune rappeur originaire de <a href=\"https:\/\/www.ouest-france.fr\/nouvelle-aquitaine\/niort-79000\/\" target=\"_self\" rel=\"nofollow noopener\">Niort<\/a>. Avant de promettre de faire danser et d\u2019ambiancer le public, samedi 20\u00a0juin 2026, \u00e0 la veille de la date nationale, dans la commune voisine de <a href=\"https:\/\/www.ouest-france.fr\/pays-de-la-loire\/benet-85490\/\" target=\"_self\" rel=\"nofollow noopener\">Benet<\/a>.<\/p>\n<p> &gt;\u00a0\u00c0 LIRE AUSSI\u00a0: <a href=\"https:\/\/www.ouest-france.fr\/economie\/social\/enfermez-les-voleurs-pas-les-teufeurs-a-niort-plus-de-500-personnes-dans-la-rue-pour-defendre-les-free-parties-8c2aa982-61c8-11f1-8c24-b38534c94fba\" target=\"_self\" rel=\"nofollow noopener\">\u00ab\u00a0Enfermez les voleurs, pas les teufeurs\u00a0\u00bb\u00a0: \u00e0 Niort, plus de 500\u00a0personnes dans la rue pour d\u00e9fendre les free parties<\/a><\/p>\n<p>David Grelier, alias <a href=\"https:\/\/www.instagram.com\/dhk__07\/\" target=\"_self\" rel=\"nofollow noopener\">DHK<\/a>, pour Dave Ha\u00eftian King, 20\u00a0ans, sera l\u2019une des t\u00eates d\u2019affiche de la soir\u00e9e dans la localit\u00e9 situ\u00e9e aux confins de la <a href=\"https:\/\/www.ouest-france.fr\/pays-de-la-loire\/vendee\/\" target=\"_self\" rel=\"nofollow noopener\">Vend\u00e9e<\/a> et des <a href=\"https:\/\/www.ouest-france.fr\/nouvelle-aquitaine\/deux-sevres\/\" target=\"_self\" rel=\"nofollow noopener\">Deux-S\u00e8vres<\/a>. La F\u00eate de la musique, c\u2019est festif, convivial. \u00c7a permet de d\u00e9couvrir et de partager diff\u00e9rents univers musicaux, et \u00e7a donne la possibilit\u00e9 de se&#8230;<\/p>\n<p style=\"text-align: center; background-color: #dbbe4d; padding-top: 5px; padding-bottom: 5px; font-size: 14px;\">D\u00e9j\u00e0 abonn\u00e9 ? <a data-trkartmonet=\"Identification\" data-trk-sipa=\"{\" blockcategory=\"\" paywall=\"\" href=\"http:\/\/www.ouest-france.fr\/login?redirect=https:\/\/www.ouest-france.fr\/culture\/musiques\/ca-va-danser-le-jeune-rappeur-dhk-20-ans-pret-a-ambiancer-le-public-pour-sa-premiere-fete-de-la-musique-20be493a-695f-11f1-a957-8132d97a74be\" rel=\"nofollow noopener\" title=\"Se connecter \u00e0 Ouest-France\" class=\"su-link-light\" target=\"_blank\">Connectez-vous<\/a><\/p>\n<p style=\"text-align: center; padding-top: 15px; padding-bottom: 8px; vertical-align: bottom;\">bloqu\u00e9 Pour lire la suite, abonnez-vous<\/p>\n<p style=\"text-align: center;\">1er mois \u00e0 1\u20ac<\/p>\n<p style=\"text-align: center; margin-top: -5px;\">Annulable \u00e0 tout moment<\/p>\n<p style=\"text-align: center;\">\u00a0<\/p>\n<p style=\"text-align: center;\"><a data-ida=\"\" data-trkartmonet=\"Tunnel OF+\" data-trk-sipa=\"{&#010;\" blockcategory=\"\" paywall=\"\" :=\"\" m=\"\" of=\"\" class=\"&#010;        su-button&#010;        su-subscription&#010;        &#010;        &#010;    \" data-trk-bloc=\"paywall\" href=\"https:\/\/abonnement.ouest-france.fr\/le-courrier-de-l-ouest\/tunnel\/pack-essentiel-article\/122096117106?int_medium=lien&amp;int_campaign=PWFR0225-CO&amp;int_content=page-article-payant_boutonjaune-paywall&amp;marquesource=CO&amp;rt=https:\/\/www.ouest-france.fr\/culture\/musiques\/ca-va-danser-le-jeune-rappeur-dhk-20-ans-pret-a-ambiancer-le-public-pour-sa-premiere-fete-de-la-musique-20be493a-695f-11f1-a957-8132d97a74be\" rel=\"nofollow noopener\" target=\"_blank\"><br \/>\n    Je m&rsquo;abonne<br \/>\n<\/a><\/p>\n<p style=\"text-align: center; padding-top: 10px; padding-bottom: 10px;\"><img decoding=\"async\" src=\"https:\/\/media.ouest-france.fr\/v1\/fonts\/be7723fcee3f1866f1ce99184077fc6f-carte-bancaire.svg?height=36\" alt=\"CB\"\/>\u00a0\u00a0<img decoding=\"async\" src=\"https:\/\/media.ouest-france.fr\/v1\/fonts\/1819d54c599d8afa64539cfba4ac9dde-rib.svg?height=36\" alt=\"RIB\"\/><\/p>\n<p><script async src=\"\/\/www.instagram.com\/embed.js\"><\/script><\/p>\n","protected":false},"excerpt":{"rendered":"Article premium, R\u00e9serv\u00e9 aux\u00a0abonn\u00e9s David Grelier, alias DHK, de Niort\u00a0(Deux-S\u00e8vres), m\u00e8ne de front son m\u00e9tier de soignant et&hellip;\n","protected":false},"author":2,"featured_media":144300,"comment_status":"","ping_status":"","sticky":false,"template":"","format":"standard","meta":{"footnotes":"","_share_on_mastodon":"0"},"categories":[98],"tags":[12,13,18,17,46708,366,419,5204,96,95,42487,23921,107,108,2678,1696,985,1182],"class_list":["post-144299","post","type-post","status-publish","format-standard","has-post-thumbnail","category-musique","tag-be","tag-be-fr","tag-belgique","tag-belgium","tag-benet","tag-concert","tag-culture","tag-deux-sevres","tag-divertissement","tag-entertainment","tag-fete-de-la-musique","tag-magne","tag-music","tag-musique","tag-musiques","tag-niort","tag-rap","tag-une"],"share_on_mastodon":{"url":"https:\/\/pubeurope.com\/@be_fr\/116766533817675421","error":""},"_links":{"self":[{"href":"https:\/\/www.europesays.com\/be-fr\/wp-json\/wp\/v2\/posts\/144299","targetHints":{"allow":["GET"]}}],"collection":[{"href":"https:\/\/www.europesays.com\/be-fr\/wp-json\/wp\/v2\/posts"}],"about":[{"href":"https:\/\/www.europesays.com\/be-fr\/wp-json\/wp\/v2\/types\/post"}],"author":[{"embeddable":true,"href":"https:\/\/www.europesays.com\/be-fr\/wp-json\/wp\/v2\/users\/2"}],"replies":[{"embeddable":true,"href":"https:\/\/www.europesays.com\/be-fr\/wp-json\/wp\/v2\/comments?post=144299"}],"version-history":[{"count":0,"href":"https:\/\/www.europesays.com\/be-fr\/wp-json\/wp\/v2\/posts\/144299\/revisions"}],"wp:featuredmedia":[{"embeddable":true,"href":"https:\/\/www.europesays.com\/be-fr\/wp-json\/wp\/v2\/media\/144300"}],"wp:attachment":[{"href":"https:\/\/www.europesays.com\/be-fr\/wp-json\/wp\/v2\/media?parent=144299"}],"wp:term":[{"taxonomy":"category","embeddable":true,"href":"https:\/\/www.europesays.com\/be-fr\/wp-json\/wp\/v2\/categories?post=144299"},{"taxonomy":"post_tag","embeddable":true,"href":"https:\/\/www.europesays.com\/be-fr\/wp-json\/wp\/v2\/tags?post=144299"}],"curies":[{"name":"wp","href":"https:\/\/api.w.org\/{rel}","templated":true}]}}