{"id":144601,"date":"2026-06-18T00:53:12","date_gmt":"2026-06-18T00:53:12","guid":{"rendered":"https:\/\/www.europesays.com\/be-fr\/144601\/"},"modified":"2026-06-18T00:53:12","modified_gmt":"2026-06-18T00:53:12","slug":"un-decor-fastueux-les-images-de-macron-et-trump-a-versailles-photos","status":"publish","type":"post","link":"https:\/\/www.europesays.com\/be-fr\/144601\/","title":{"rendered":"Un d\u00e9cor fastueux&#8230; Les images de Macron et Trump \u00e0 Versailles (PHOTOS)"},"content":{"rendered":"<p>Zelensky dit avoir \u00e9voqu\u00e9 les r\u00e9sultats du G7 avec Emmanuel Macron et Donald Trump<\/p>\n<p class=\"ap-StoryElement ap-StoryElement--mb ap-StoryText\">Le pr\u00e9sident ukrainien Volodymyr Zelensky a affirm\u00e9 mercredi avoir \u00e9voqu\u00e9 les r\u00e9sultats du sommet du G7 avec ses homologues fran\u00e7ais Emmanuel Macron et am\u00e9ricain Donald Trump, estimant que cet entretien peut \u00ab\u00a0apporter des changements significatifs\u00a0\u00bb.<\/p>\n<p class=\"ap-StoryElement ap-StoryElement--mb ap-StoryText\">\u00ab\u00a0Il s&rsquo;agissait d&rsquo;un entretien de coordination important, susceptible d&rsquo;apporter des changements significatifs. Nous avons pass\u00e9 en revue les r\u00e9sultats de nos discussions lors du sommet du G7\u00a0\u00bb, a d\u00e9clar\u00e9 M. Zelensky sur X sans donner davantage de d\u00e9tails.<\/p>\n","protected":false},"excerpt":{"rendered":"Zelensky dit avoir \u00e9voqu\u00e9 les r\u00e9sultats du G7 avec Emmanuel Macron et Donald Trump Le pr\u00e9sident ukrainien Volodymyr&hellip;\n","protected":false},"author":2,"featured_media":144602,"comment_status":"","ping_status":"","sticky":false,"template":"","format":"standard","meta":{"footnotes":"","_share_on_mastodon":"0"},"categories":[9],"tags":[12,13,18,17,27958,1240,34,151,31,567,32],"class_list":["post-144601","post","type-post","status-publish","format-standard","has-post-thumbnail","category-international","tag-be","tag-be-fr","tag-belgique","tag-belgium","tag-brigitte-macron","tag-diplomatie","tag-donald-trump","tag-france","tag-international","tag-usa","tag-world-news"],"share_on_mastodon":{"url":"https:\/\/pubeurope.com\/@be_fr\/116768381697002769","error":""},"_links":{"self":[{"href":"https:\/\/www.europesays.com\/be-fr\/wp-json\/wp\/v2\/posts\/144601","targetHints":{"allow":["GET"]}}],"collection":[{"href":"https:\/\/www.europesays.com\/be-fr\/wp-json\/wp\/v2\/posts"}],"about":[{"href":"https:\/\/www.europesays.com\/be-fr\/wp-json\/wp\/v2\/types\/post"}],"author":[{"embeddable":true,"href":"https:\/\/www.europesays.com\/be-fr\/wp-json\/wp\/v2\/users\/2"}],"replies":[{"embeddable":true,"href":"https:\/\/www.europesays.com\/be-fr\/wp-json\/wp\/v2\/comments?post=144601"}],"version-history":[{"count":0,"href":"https:\/\/www.europesays.com\/be-fr\/wp-json\/wp\/v2\/posts\/144601\/revisions"}],"wp:featuredmedia":[{"embeddable":true,"href":"https:\/\/www.europesays.com\/be-fr\/wp-json\/wp\/v2\/media\/144602"}],"wp:attachment":[{"href":"https:\/\/www.europesays.com\/be-fr\/wp-json\/wp\/v2\/media?parent=144601"}],"wp:term":[{"taxonomy":"category","embeddable":true,"href":"https:\/\/www.europesays.com\/be-fr\/wp-json\/wp\/v2\/categories?post=144601"},{"taxonomy":"post_tag","embeddable":true,"href":"https:\/\/www.europesays.com\/be-fr\/wp-json\/wp\/v2\/tags?post=144601"}],"curies":[{"name":"wp","href":"https:\/\/api.w.org\/{rel}","templated":true}]}}