{"id":144665,"date":"2026-06-18T04:51:09","date_gmt":"2026-06-18T04:51:09","guid":{"rendered":"https:\/\/www.europesays.com\/be-fr\/144665\/"},"modified":"2026-06-18T04:51:09","modified_gmt":"2026-06-18T04:51:09","slug":"accueil-royal-pour-donald-trump-a-versailles-photos","status":"publish","type":"post","link":"https:\/\/www.europesays.com\/be-fr\/144665\/","title":{"rendered":"Accueil royal pour Donald Trump \u00e0 Versailles (PHOTOS)"},"content":{"rendered":"<p class=\"ap-StoryElement ap-StoryElement--mb ap-StoryText\">Donald Trump a \u00e9t\u00e9 accueilli au ch\u00e2teau de Versailles mercredi soir par Emmanuel et Brigitte Macron, pour un d\u00eener dans ce d\u00e9cor fastueux apr\u00e8s le sommet du G7 \u00e0 Evian.<\/p>\n<p class=\"ap-StoryElement ap-StoryElement--mb ap-StoryText\">Le pr\u00e9sident fran\u00e7ais est venu saluer son homologue am\u00e9ricain d\u00e8s sa sortie de voiture. Ils doivent visiter la Galerie des Glaces, avant un concert dans la chapelle royale et un passage par une galerie consacr\u00e9e \u00e0 la guerre d&rsquo;ind\u00e9pendance des Etats-Unis, puis un d\u00eener servi dans la Galerie basse.<\/p>\n","protected":false},"excerpt":{"rendered":"Donald Trump a \u00e9t\u00e9 accueilli au ch\u00e2teau de Versailles mercredi soir par Emmanuel et Brigitte Macron, pour un&hellip;\n","protected":false},"author":2,"featured_media":144666,"comment_status":"","ping_status":"","sticky":false,"template":"","format":"standard","meta":{"footnotes":"","_share_on_mastodon":"0"},"categories":[9],"tags":[12,13,18,17,27958,1240,34,151,31,567,32],"class_list":["post-144665","post","type-post","status-publish","format-standard","has-post-thumbnail","category-international","tag-be","tag-be-fr","tag-belgique","tag-belgium","tag-brigitte-macron","tag-diplomatie","tag-donald-trump","tag-france","tag-international","tag-usa","tag-world-news"],"share_on_mastodon":{"url":"https:\/\/pubeurope.com\/@be_fr\/116769317601545640","error":""},"_links":{"self":[{"href":"https:\/\/www.europesays.com\/be-fr\/wp-json\/wp\/v2\/posts\/144665","targetHints":{"allow":["GET"]}}],"collection":[{"href":"https:\/\/www.europesays.com\/be-fr\/wp-json\/wp\/v2\/posts"}],"about":[{"href":"https:\/\/www.europesays.com\/be-fr\/wp-json\/wp\/v2\/types\/post"}],"author":[{"embeddable":true,"href":"https:\/\/www.europesays.com\/be-fr\/wp-json\/wp\/v2\/users\/2"}],"replies":[{"embeddable":true,"href":"https:\/\/www.europesays.com\/be-fr\/wp-json\/wp\/v2\/comments?post=144665"}],"version-history":[{"count":0,"href":"https:\/\/www.europesays.com\/be-fr\/wp-json\/wp\/v2\/posts\/144665\/revisions"}],"wp:featuredmedia":[{"embeddable":true,"href":"https:\/\/www.europesays.com\/be-fr\/wp-json\/wp\/v2\/media\/144666"}],"wp:attachment":[{"href":"https:\/\/www.europesays.com\/be-fr\/wp-json\/wp\/v2\/media?parent=144665"}],"wp:term":[{"taxonomy":"category","embeddable":true,"href":"https:\/\/www.europesays.com\/be-fr\/wp-json\/wp\/v2\/categories?post=144665"},{"taxonomy":"post_tag","embeddable":true,"href":"https:\/\/www.europesays.com\/be-fr\/wp-json\/wp\/v2\/tags?post=144665"}],"curies":[{"name":"wp","href":"https:\/\/api.w.org\/{rel}","templated":true}]}}