{"id":144781,"date":"2026-06-18T06:49:11","date_gmt":"2026-06-18T06:49:11","guid":{"rendered":"https:\/\/www.europesays.com\/be-fr\/144781\/"},"modified":"2026-06-18T06:49:11","modified_gmt":"2026-06-18T06:49:11","slug":"un-ex-limbourgeois-en-mode-zlatan-les-francais-battus-en-amical-cr7-critique-voici-tout-ce-que-vous-avez-rate-durant-la-nuit-americaine","status":"publish","type":"post","link":"https:\/\/www.europesays.com\/be-fr\/144781\/","title":{"rendered":"Un ex-Limbourgeois en mode Zlatan, les Fran\u00e7ais battus en amical, CR7 critiqu\u00e9: voici tout ce que vous avez rat\u00e9 durant la nuit am\u00e9ricaine"},"content":{"rendered":"<p>Bram Van Driessche \u00e0 la t\u00eate du VAR dans un match soporifique<\/p>\n<p class=\"ap-StoryElement ap-StoryElement--mb ap-StoryText\">Le Ghana-Panama de cette nuit ne restera pas dans les annales de la Coupe du Monde. Alors que cela aurait pu \u00eatre un jour historique pour les Panam\u00e9ens, qui auraient pu engranger leur premier point en Coupe du Monde. Mais un but de Caleb Yirenkyi \u00e0 la 95\u00e8me minute de jeu a permis aux Black Stars de s&rsquo;imposer au bout de l&rsquo;ennui.<\/p>\n<p class=\"ap-StoryElement ap-StoryElement--mb ap-StoryText\">Par contre, une personne se rappellera de ce match et elle est Belge! Bram Van Driessche, a cette fois-ci pris les r\u00eanes de la VAR, lui qui officiait comme assistant VAR lors de C\u00f4te d&rsquo;Ivoire-Equateur. On notera que malgr\u00e9 les 17 degr\u00e9s ambiants, les pauses fraicheurs ont \u00e9t\u00e9 maintenues.<\/p>\n<p><a href=\"https:\/\/www.dhnet.be\/sports\/football\/coupe-du-monde\/2026\/06\/18\/balogun-vs-donald-trump-quand-le-nouveau-heros-notional-defie-le-president-americain-sur-le-droit-du-sol-YQTA56OGB5GH5G5LVXHTY5GDXY\/\" target=\"_self\" class=\"ap-StoryInterstitialLink ap-StoryElement ap-StoryElement--mb\" rel=\"nofollow noopener\">Balogun VS Donald Trump : quand le nouveau h\u00e9ros national d\u00e9fie le pr\u00e9sident am\u00e9ricain sur le \u00ab\u00a0droit du sol\u00a0\u00bb<\/a>Munoz (ex-Genk) s&rsquo;offre un bijou pour lancer la Colombie contre l&rsquo;Ouzb\u00e9kistan<\/p>\n<p class=\"ap-StoryElement ap-StoryElement--mb ap-StoryText\">Pour toutes celles et ceux qui ont enchain\u00e9 les matchs de la nuit, il fallait s&rsquo;accrocher pour rester \u00e9veill\u00e9 apr\u00e8s ce Ghana-Panama. Mais d\u00e8s le match qui opposait l&rsquo;Ouzb\u00e9kistan, Munoz, ancien lat\u00e9ral de Genk, a offert un petit bijou aux courageux qui ont enchain\u00e9 les deux matchs.<\/p>\n<p class=\"ap-StoryElement ap-StoryElement--mb ap-StoryText\">Un geste en mode Zlatan sur un long ballon dans le dos de la d\u00e9fense pour placer les siens sur le chemin du succ\u00e8s.<\/p>\n<p>Un cam\u00e9raman fauch\u00e9 par un joueur de l&rsquo;Ouzb\u00e9kistan<\/p>\n<p class=\"ap-StoryElement ap-StoryElement--mb ap-StoryText\">C&rsquo;est ce qu&rsquo;on appelle \u00eatre au mauvais endroit au mauvais moment. Un cam\u00e9raman n&rsquo;a pas \u00e9chapp\u00e9 au tacle rugueux d&rsquo;Abdukodir Khusanov sur Luis Diaz.<\/p>\n<p class=\"ap-StoryElement ap-StoryElement--mb ap-StoryText\">Tout comme le joueur du Bayern, le cadreur est rest\u00e9 au sol. Il a m\u00eame re\u00e7u des soins par le staff m\u00e9dical sur place. Khusanov a pris la jaune et c&rsquo;\u00e9tait m\u00e9rit\u00e9.<\/p>\n<p>Ca a chauff\u00e9 entre Pickford et Tuchel<\/p>\n<p class=\"ap-StoryElement ap-StoryElement--mb ap-StoryText\"><a href=\"https:\/\/www.dhnet.be\/sports\/football\/coupe-du-monde\/2026\/06\/17\/coupe-du-monde-2026-les-stars-de-langleterre-affrontent-la-croatie-direct-a-22h-KV6YR2FJQZDZNIZ2QZ6E7XCZ6I\/\" target=\"_self\" rel=\"nofollow noopener\">L&rsquo;Angleterre a offert un beau spectacle et a impressionn\u00e9 face \u00e0 la Croatie, qui \u00e9tait son match le plus compliqu\u00e9 sur papier. <\/a>Une victoire 4-2 qui rappelle qu&rsquo;il faut citer les Three Lions parmi les favoris tant l&rsquo;armada de Thomas Tuchel est impressionnante.<\/p>\n<p class=\"ap-StoryElement ap-StoryElement--mb ap-StoryText\">Ce dernier s&rsquo;est d&rsquo;ailleurs \u00e9charp\u00e9 avec son gardien, qui ne respectait pas les consignes \u00e0 la relance. \u00ab\u00a0Fais ce que je te dis\u00a0\u00bb, lui a cri\u00e9 l&rsquo;entraineur allemand. Le gardien d&rsquo;Everton lui a r\u00e9pondu mais sans que l&rsquo;on ne puisse d\u00e9coder ses propos.<\/p>\n<p>Les fans anglais en \u00e9bulition<\/p>\n<p class=\"ap-StoryElement ap-StoryElement--mb ap-StoryText\">Il n&rsquo;a pas fallu attendre tr\u00e8s longtemps pour que les fans anglais se projettent en train de soulever la coupe le 19 juillet prochain.<\/p>\n<p class=\"ap-StoryElement ap-StoryElement--mb ap-StoryText\">Apr\u00e8s une bonne performance, on pouvait d\u00e9j\u00e0 entendre des supporters entonner des \u00ab\u00a0It&rsquo;s coming home\u00a0\u00bb dans les rues am\u00e9ricaines, chant qui signifie les Anglais vont ramener la coupe \u00e0 la maison.<\/p>\n<p><a href=\"https:\/\/www.dhnet.be\/sports\/football\/coupe-du-monde\/2026\/06\/18\/harry-deux-fois-prince-langleterre-a-domine-la-croatie-en-devoilant-sa-faiblesse-PRVGKTMLQ5DMXORNJXPIPIJ3GU\/\" target=\"_self\" class=\"ap-StoryInterstitialLink ap-StoryElement ap-StoryElement--mb\" rel=\"nofollow noopener\">Harry Kane, deux fois prince d&rsquo;Angleterre lors de la domination face \u00e0 la Croatie : \u00ab\u00a0Le coach a fait un discours \u00e0 la pause\u00a0\u00bb<\/a>La grande fan de la Croatie fait un retour remarqu\u00e9<\/p>\n<p class=\"ap-StoryElement ap-StoryElement--mb ap-StoryText\">La Croatie n&rsquo;a pas gagn\u00e9 face \u00e0 l&rsquo;Angleterre, dans l&rsquo;affiche du groupe L. N\u00e9anmoins, les Croates ont offert du beau spectacle sur le terrain (NDLR: notamment avec le but \u00e9galisateur de Baturina).<\/p>\n<p class=\"ap-StoryElement ap-StoryElement--mb ap-StoryText\">En tribunes, on assistait au retour remarqu\u00e9 d&rsquo;Ivana Knoll, supportrice la plus c\u00e9l\u00e8bre des Croates qui avait d\u00e9j\u00e0 fait des apparitions remarqu\u00e9es au Qatar.<\/p>\n<p>CR 7 critiqu\u00e9 et lou\u00e9 <\/p>\n<p class=\"ap-StoryElement ap-StoryElement--mb ap-StoryText\"><a href=\"https:\/\/www.dhnet.be\/sports\/football\/coupe-du-monde\/2026\/06\/17\/un-beau-but-annule-mais-une-production-trop-moyenne-pourquoi-le-portugal-est-il-apparu-si-brouillon-contre-le-congo-XMM6DFZBIVHSBA2KQJVMIFUVVQ\/\" target=\"_self\" rel=\"nofollow noopener\">Le Portugal de Cristiano Ronaldo et Roberto Martinez n&rsquo;a pas r\u00e9ussi ses d\u00e9buts dans le grand tournoi am\u00e9ricain. Ils ont partag\u00e9 l&rsquo;enjeu face au Congo (1-1). <\/a><\/p>\n<p class=\"ap-StoryElement ap-StoryElement--mb ap-StoryText\">Apr\u00e8s la rencontre, Ngal&rsquo;ayel Mukau, a \u00e9t\u00e9 questionn\u00e9 en zone mixte sur un \u00e9ventuel plan anti-Ronaldo. \u00ab\u00a0Franchement, pas vraiment. On sait qu&rsquo;il n&rsquo;est plus le m\u00eame qu&rsquo;avant. Il a pris de l&rsquo;\u00e2ge, mais il reste l&rsquo;un des plus grands de l&rsquo;histoire. Tout mon respect pour lui\u00a0\u00bb.<\/p>\n<p><a href=\"https:\/\/www.dhnet.be\/sports\/football\/coupe-du-monde\/2026\/06\/17\/la-reaction-de-roberto-martinez-apres-le-couac-du-portugal-WNGGUDSNEZCWJDK4O4FKFHOHS4\/\" target=\"_self\" class=\"ap-StoryInterstitialLink ap-StoryElement ap-StoryElement--mb\" rel=\"nofollow noopener\">La r\u00e9action de Roberto Martinez apr\u00e8s le couac du Portugal<\/a><\/p>\n","protected":false},"excerpt":{"rendered":"Bram Van Driessche \u00e0 la t\u00eate du VAR dans un match soporifique Le Ghana-Panama de cette nuit ne&hellip;\n","protected":false},"author":2,"featured_media":144782,"comment_status":"","ping_status":"","sticky":false,"template":"","format":"standard","meta":{"footnotes":"","_share_on_mastodon":"0"},"categories":[81],"tags":[12,13,48080,18,17,24201,16423,84],"class_list":["post-144781","post","type-post","status-publish","format-standard","has-post-thumbnail","category-sports","tag-be","tag-be-fr","tag-begrafenis","tag-belgique","tag-belgium","tag-enterrement","tag-funerailles","tag-sports"],"share_on_mastodon":{"url":"https:\/\/pubeurope.com\/@be_fr\/116769781655573475","error":""},"_links":{"self":[{"href":"https:\/\/www.europesays.com\/be-fr\/wp-json\/wp\/v2\/posts\/144781","targetHints":{"allow":["GET"]}}],"collection":[{"href":"https:\/\/www.europesays.com\/be-fr\/wp-json\/wp\/v2\/posts"}],"about":[{"href":"https:\/\/www.europesays.com\/be-fr\/wp-json\/wp\/v2\/types\/post"}],"author":[{"embeddable":true,"href":"https:\/\/www.europesays.com\/be-fr\/wp-json\/wp\/v2\/users\/2"}],"replies":[{"embeddable":true,"href":"https:\/\/www.europesays.com\/be-fr\/wp-json\/wp\/v2\/comments?post=144781"}],"version-history":[{"count":0,"href":"https:\/\/www.europesays.com\/be-fr\/wp-json\/wp\/v2\/posts\/144781\/revisions"}],"wp:featuredmedia":[{"embeddable":true,"href":"https:\/\/www.europesays.com\/be-fr\/wp-json\/wp\/v2\/media\/144782"}],"wp:attachment":[{"href":"https:\/\/www.europesays.com\/be-fr\/wp-json\/wp\/v2\/media?parent=144781"}],"wp:term":[{"taxonomy":"category","embeddable":true,"href":"https:\/\/www.europesays.com\/be-fr\/wp-json\/wp\/v2\/categories?post=144781"},{"taxonomy":"post_tag","embeddable":true,"href":"https:\/\/www.europesays.com\/be-fr\/wp-json\/wp\/v2\/tags?post=144781"}],"curies":[{"name":"wp","href":"https:\/\/api.w.org\/{rel}","templated":true}]}}