{"id":144891,"date":"2026-06-18T08:08:08","date_gmt":"2026-06-18T08:08:08","guid":{"rendered":"https:\/\/www.europesays.com\/be-fr\/144891\/"},"modified":"2026-06-18T08:08:08","modified_gmt":"2026-06-18T08:08:08","slug":"reste-au-zoo-et-degage-de-chez-nous-pas-de-rats-chez-nous-les-supporters-danderlecht-sen-prennent-encore-a-marc-coucke-photo","status":"publish","type":"post","link":"https:\/\/www.europesays.com\/be-fr\/144891\/","title":{"rendered":"\u00ab\u00a0Reste au zoo et d\u00e9gage de chez nous\u00a0\u00bb, \u00ab\u00a0Pas de rats chez nous\u00a0\u00bb\u00a0: les supporters d&rsquo;Anderlecht s&rsquo;en prennent encore \u00e0 Marc Coucke (PHOTO)"},"content":{"rendered":"<p class=\"ap-StoryElement ap-StoryElement--mb ap-StoryText\">\u00c0 Anderlecht, la saison va red\u00e9marrer dans un climat plut\u00f4t tendu. Il faut dire que les supporters n&rsquo;ont pas de quoi \u00eatre ravis.<\/p>\n<p class=\"ap-StoryElement ap-StoryElement--mb ap-StoryText\"><a href=\"https:\/\/www.dhnet.be\/sports\/football\/division-1a\/anderlecht\/2026\/06\/17\/que-des-departs-pas-encore-dentraineur-et-reprise-des-vendredi-ou-en-est-anderlecht-2LXNNC67NFES3EX2NPW7CGCPTA\/\" target=\"_self\" rel=\"nofollow noopener\">\u00c0 une poign\u00e9e d&rsquo;heures de la reprise, Anderlecht est toujours sans coach et aucune recrue estivale a \u00e9t\u00e9 annonc\u00e9e pour renforcer l&rsquo;\u00e9quipe.<\/a><\/p>\n<p class=\"ap-StoryElement ap-StoryElement--mb ap-StoryText\">Dans ce climat de crise que traverse le club, c&rsquo;est Marc Coucke, le pr\u00e9sident du club, qui en prend pour son grade.<\/p>\n<p class=\"ap-StoryElement ap-StoryElement--mb ap-StoryText\">Des supporters du BCS ont arbor\u00e9 de nouvelles banderoles dans lesquelles ils visent clairement le propri\u00e9taire du Sporting. \u00ab\u00a0\u00a0\u00bbReste au zoo et d\u00e9gage de chez nous\u00a0\u00bb, ont-ils \u00e9crit.<\/p>\n","protected":false},"excerpt":{"rendered":"\u00c0 Anderlecht, la saison va red\u00e9marrer dans un climat plut\u00f4t tendu. Il faut dire que les supporters n&rsquo;ont&hellip;\n","protected":false},"author":2,"featured_media":144892,"comment_status":"","ping_status":"","sticky":false,"template":"","format":"standard","meta":{"footnotes":"","_share_on_mastodon":"0"},"categories":[81],"tags":[12,13,48080,18,17,24201,16423,84],"class_list":["post-144891","post","type-post","status-publish","format-standard","has-post-thumbnail","category-sports","tag-be","tag-be-fr","tag-begrafenis","tag-belgique","tag-belgium","tag-enterrement","tag-funerailles","tag-sports"],"share_on_mastodon":{"url":"https:\/\/pubeurope.com\/@be_fr\/116770092199274347","error":""},"_links":{"self":[{"href":"https:\/\/www.europesays.com\/be-fr\/wp-json\/wp\/v2\/posts\/144891","targetHints":{"allow":["GET"]}}],"collection":[{"href":"https:\/\/www.europesays.com\/be-fr\/wp-json\/wp\/v2\/posts"}],"about":[{"href":"https:\/\/www.europesays.com\/be-fr\/wp-json\/wp\/v2\/types\/post"}],"author":[{"embeddable":true,"href":"https:\/\/www.europesays.com\/be-fr\/wp-json\/wp\/v2\/users\/2"}],"replies":[{"embeddable":true,"href":"https:\/\/www.europesays.com\/be-fr\/wp-json\/wp\/v2\/comments?post=144891"}],"version-history":[{"count":0,"href":"https:\/\/www.europesays.com\/be-fr\/wp-json\/wp\/v2\/posts\/144891\/revisions"}],"wp:featuredmedia":[{"embeddable":true,"href":"https:\/\/www.europesays.com\/be-fr\/wp-json\/wp\/v2\/media\/144892"}],"wp:attachment":[{"href":"https:\/\/www.europesays.com\/be-fr\/wp-json\/wp\/v2\/media?parent=144891"}],"wp:term":[{"taxonomy":"category","embeddable":true,"href":"https:\/\/www.europesays.com\/be-fr\/wp-json\/wp\/v2\/categories?post=144891"},{"taxonomy":"post_tag","embeddable":true,"href":"https:\/\/www.europesays.com\/be-fr\/wp-json\/wp\/v2\/tags?post=144891"}],"curies":[{"name":"wp","href":"https:\/\/api.w.org\/{rel}","templated":true}]}}