{"id":145526,"date":"2026-06-18T16:42:12","date_gmt":"2026-06-18T16:42:12","guid":{"rendered":"https:\/\/www.europesays.com\/be-fr\/145526\/"},"modified":"2026-06-18T16:42:12","modified_gmt":"2026-06-18T16:42:12","slug":"malgre-7-morts-et-des-dizaines-de-blesses-paolo-falzone-conserve-son-permis-detestable-surrealisme-a-la-belge","status":"publish","type":"post","link":"https:\/\/www.europesays.com\/be-fr\/145526\/","title":{"rendered":"Malgr\u00e9 7 morts et des dizaines de bless\u00e9s, Paolo Falzone conserve son permis\u00a0: d\u00e9testable surr\u00e9alisme \u00e0 la belge\u00a0!"},"content":{"rendered":"<p class=\"ap-StoryElement ap-StoryElement--mb ap-StoryText\">La peine est \u00e0 la mesure du drame. Vingt-sept ans de prison pour sept meurtres et des dizaines de tentatives d&rsquo;homicide : la justice a sanctionn\u00e9 des faits d&rsquo;une gravit\u00e9 exceptionnelle. Les proches des victimes de Str\u00e9py peuvent d\u00e9sormais poursuivre leur travail de deuil et de reconstruction.<\/p>\n<p class=\"ap-StoryElement ap-StoryElement--mb ap-StoryText\">Pourtant, un d\u00e9tail laisse perplexe. Paolo Falzone n&rsquo;est pas d\u00e9chu de son permis. Lorsqu&rsquo;il sortira de prison \u2013 sans doute davantage apr\u00e8s quelques ann\u00e9es qu&rsquo;apr\u00e8s 27 -, ce chauffard addict \u00e0 la vitesse pourra s&rsquo;installer au volant d&rsquo;une voiture. Et rependre la route.<\/p>\n<p><a href=\"https:\/\/www.dhnet.be\/regions\/centre\/2026\/06\/17\/paolo-falzone-passera-la-nuit-en-prison-un-soulagement-pour-ses-victimes-et-leurs-proches-on-ne-voulait-pas-quil-passe-un-mois-de-plus-chez-lui-2Y46K34EF5EKLPA6SFAG7JGPVQ\/\" target=\"_self\" class=\"ap-StoryInterstitialLink ap-StoryElement ap-StoryElement--mb js-paywall-target\" rel=\"nofollow noopener\">Paolo Falzone passera la nuit en prison, un soulagement pour ses victimes et leurs proches : \u00ab\u00a0On ne voulait pas qu&rsquo;il passe un mois de plus chez lui\u00a0\u00bb<\/a><\/p>\n<p class=\"ap-StoryElement ap-StoryElement--mb ap-StoryText\">La loi est mal faite : Falzone \u00e9tait jug\u00e9 pour meurtre, pas pour infractions au Code de la route et conduite dangereuse. La justice ne pouvait donc pas lui retirer son pr\u00e9cieux s\u00e9same. D\u00e9testable surr\u00e9alisme \u00e0 la belge. Comment expliquer qu&rsquo;un homme ayant transform\u00e9 sa voiture en arme puisse, demain, reprendre l\u00e9galement le volant ? Sans devoir repasser son Code. Sans devoir repasser son permis pratique. Sans formation. Sans \u00e9valuation de ses aptitudes \u00e0 rouler.<\/p>\n<p class=\"ap-StoryElement ap-StoryElement--mb ap-StoryText\">Le probl\u00e8me n&rsquo;est pas dans le jugement mais dans la loi. Et si celle-ci permet qu&rsquo;un conducteur responsable d&rsquo;un tel carnage retrouve son permis comme si de rien n&rsquo;\u00e9tait, il est urgent de la changer.<\/p>\n<p>Pour acc\u00e9der \u00e0 cet article, veuillez vous connecter au r\u00e9seau internet.<\/p>\n","protected":false},"excerpt":{"rendered":"La peine est \u00e0 la mesure du drame. Vingt-sept ans de prison pour sept meurtres et des dizaines&hellip;\n","protected":false},"author":2,"featured_media":145527,"comment_status":"","ping_status":"","sticky":false,"template":"","format":"standard","meta":{"footnotes":"","_share_on_mastodon":"0"},"categories":[2],"tags":[8877,41,12,13,18,17,5366,1145,37759,37221,18115,2235,7867,3495,37224,37225,13100,13466,934,3216,2322,3034,1072,18552,6126],"class_list":["post-145526","post","type-post","status-publish","format-standard","has-post-thumbnail","category-belgique","tag-didelebrun-mons","tag-41","tag-be","tag-be-fr","tag-belgique","tag-belgium","tag-bergen","tag-carnaval","tag-carnavalesque","tag-carnival","tag-cortege","tag-didier-lebrun","tag-drama","tag-drame","tag-folklore","tag-gille","tag-gilles","tag-jury","tag-justice","tag-justitie","tag-mons","tag-parade","tag-proces","tag-tragedie","tag-tragedy"],"share_on_mastodon":{"url":"https:\/\/pubeurope.com\/@be_fr\/116772113385364310","error":""},"_links":{"self":[{"href":"https:\/\/www.europesays.com\/be-fr\/wp-json\/wp\/v2\/posts\/145526","targetHints":{"allow":["GET"]}}],"collection":[{"href":"https:\/\/www.europesays.com\/be-fr\/wp-json\/wp\/v2\/posts"}],"about":[{"href":"https:\/\/www.europesays.com\/be-fr\/wp-json\/wp\/v2\/types\/post"}],"author":[{"embeddable":true,"href":"https:\/\/www.europesays.com\/be-fr\/wp-json\/wp\/v2\/users\/2"}],"replies":[{"embeddable":true,"href":"https:\/\/www.europesays.com\/be-fr\/wp-json\/wp\/v2\/comments?post=145526"}],"version-history":[{"count":0,"href":"https:\/\/www.europesays.com\/be-fr\/wp-json\/wp\/v2\/posts\/145526\/revisions"}],"wp:featuredmedia":[{"embeddable":true,"href":"https:\/\/www.europesays.com\/be-fr\/wp-json\/wp\/v2\/media\/145527"}],"wp:attachment":[{"href":"https:\/\/www.europesays.com\/be-fr\/wp-json\/wp\/v2\/media?parent=145526"}],"wp:term":[{"taxonomy":"category","embeddable":true,"href":"https:\/\/www.europesays.com\/be-fr\/wp-json\/wp\/v2\/categories?post=145526"},{"taxonomy":"post_tag","embeddable":true,"href":"https:\/\/www.europesays.com\/be-fr\/wp-json\/wp\/v2\/tags?post=145526"}],"curies":[{"name":"wp","href":"https:\/\/api.w.org\/{rel}","templated":true}]}}