{"id":145824,"date":"2026-06-18T21:35:12","date_gmt":"2026-06-18T21:35:12","guid":{"rendered":"https:\/\/www.europesays.com\/be-fr\/145824\/"},"modified":"2026-06-18T21:35:12","modified_gmt":"2026-06-18T21:35:12","slug":"proces-falzone-solitude-et-reconstruction-des-victimes-a-strepy","status":"publish","type":"post","link":"https:\/\/www.europesays.com\/be-fr\/145824\/","title":{"rendered":"Proc\u00e8s Falzone\u00a0: solitude et reconstruction des victimes \u00e0 Str\u00e9py"},"content":{"rendered":"<p>  <img decoding=\"async\" class=\"r-img lazyloaded\" src=\"https:\/\/www.europesays.com\/be-fr\/wp-content\/uploads\/2026\/06\/1781818512_197_dalessandra.jpg\" alt=\"Thomas D'Alessandro\"\/><\/p>\n<p>Par <a href=\"https:\/\/www.rtl.be\/373137\/dpi-authors\/thomas-dalessandro\" rel=\"nofollow noopener\" target=\"_blank\">Thomas D&rsquo;Alessandro<\/a><\/p>\n<p>\tPubli\u00e9 le 18 juin \u00e0 20h11\n<\/p>\n<p>  \tLa fin du proc\u00e8s de Paolo Falzone marque l\u2019aboutissement d\u2019un long combat judiciaire pour les victimes et leurs familles. Mais une autre \u00e9preuve commence\u00a0: celle de l\u2019apr\u00e8s, entre solitude, traumatisme et lente reconstruction. D\u00e9tails avec Justine Roldan Perez.<\/p>\n<p>&#13;<br \/>\n&#13;<\/p>\n<p>\u00c0 Str\u00e9py-Bracquegnies, la page judiciaire se tourne, mais la douleur reste intacte. Pour les proches des victimes du drame du carnaval, la condamnation de Paolo Falzone ne signifie pas la fin de la souffrance. Elle ouvre au contraire une p\u00e9riode particuli\u00e8rement fragile, faite de silence, de manque et d\u2019un vide brutal apr\u00e8s quatre ann\u00e9es de combat.<\/p>\n<p>\n  &#13;<br \/>\n  \u00c0 lire aussi&#13;<br \/>\n  &#13;<\/p>\n<p>  <img decoding=\"async\" data-copyright=\"RTL info\" class=\"r-img\"  typeof=\"foaf:Image\" src=\"https:\/\/www.europesays.com\/be-fr\/wp-content\/uploads\/2026\/06\/1781818512_360_86106210.jpeg\" alt=\"Antonino Falzone b\u00e9n\u00e9ficie d\u2019un sursis probatoire de trois ans\u00a0: s\u2019il ne commet aucun m\u00e9fait, sa peine de prison ne sera jamais ex\u00e9cut\u00e9e.\"\/><br \/>\n        <a class=\"r-stories--link\" href=\"https:\/\/www.rtl.be\/actu\/belgique\/justice\/proces-falzone\/antonino-falzone-nira-pas-en-prison-malgre-sa-condamnation-deux-ans-de-reclusion\/2026-06-17\/article\/791967\" rel=\"nofollow noopener\" target=\"_blank\">\u00ab\u00a0Antonino Falzone n\u2019ira pas en prison\u00a0\u00bb malgr\u00e9 sa condamnation \u00e0 deux ans de r\u00e9clusion\u00a0: voici pourquoi<\/a>&#13;<br \/>\n  &#13;<br \/>\n&#13;\n<\/p>\n<p>Lorena Cascarano vit toujours dans la maison familiale, entour\u00e9e des photos de ses parents disparus. Pendant des ann\u00e9es, elle s\u2019est accroch\u00e9e au dossier, au point de le conna\u00eetre par c\u0153ur. Aujourd\u2019hui, le proc\u00e8s est termin\u00e9, mais impossible pour elle de tourner la page. Une inqui\u00e9tude demeure d\u00e9j\u00e0\u00a0: la possibilit\u00e9, \u00e0 terme, d\u2019une demande de lib\u00e9ration anticip\u00e9e. \u00ab\u00a0Je ne vais pas dire que je vais y penser chaque jour de ma vie dor\u00e9navant. Parce qu\u2019il va falloir que je pense \u00e0 autre chose \u00e9videmment. Mais je sais que le jour o\u00f9 \u00e7a va se pr\u00e9senter, je serai l\u00e0.\u00a0\u00bb<\/p>\n<p>&#13;<br \/>\n&#13;<\/p>\n<p>&#13;<br \/>\n&#13;<\/p>\n<p>Pour avancer, elle s\u2019est mise au piano. La musique est devenue un refuge, une mani\u00e8re d\u2019apaiser ses pens\u00e9es et de faire vivre autrement la m\u00e9moire des siens. Dans cette maison devenue trop calme, elle tente de r\u00e9apprendre \u00e0 habiter l\u2019absence. \u00ab\u00a0Ici c\u2019est vide, je me sens seule dans cette maison. Heureusement que la famille n\u2019est pas loin. Mais oui, la solitude elle est l\u00e0.\u00a0\u00bb<\/p>\n<p>\u00ab\u00a0Ma fille, mon moteur\u00a0\u00bb<\/p>\n<p>Chez Manon aussi, le proc\u00e8s laisse un sentiment de bascule. Le drame lui a arrach\u00e9 sa m\u00e8re, tandis que son p\u00e8re et son fr\u00e8re avaient \u00e9t\u00e9 gri\u00e8vement bless\u00e9s. Enceinte de trois mois au moment des faits, elle a trouv\u00e9 dans la naissance de sa fille une force pour continuer. \u00ab\u00a0Ma fille, \u00e7a reste mon moteur. Et \u00e7a reste la raison pour laquelle je me l\u00e8ve le matin.\u00a0\u00bb Mais une fois le cadre judiciaire referm\u00e9, il faut d\u00e9sormais apprendre \u00e0 vivre sans cette \u00e9ch\u00e9ance qui structurait le quotidien.<\/p>\n<p>Ce moment de retomb\u00e9e, plusieurs victimes le redoutaient. Manon le d\u00e9crit comme une forme de choc apr\u00e8s la tension accumul\u00e9e. \u00ab\u00a0Waouh, ok, \u00e7a vient de se passer, c\u2019est fini. Et maintenant, il faut avancer, en fait.\u00a0\u00bb Derri\u00e8re la fin du proc\u00e8s, il reste encore des d\u00e9marches \u00e0 accomplir, mais l\u2019essentiel du combat judiciaire est derri\u00e8re elles.<\/p>\n<p>&#13;<br \/>\n&#13;<br \/>\nUn risque de revoir certaines blessures<\/p>\n<p>L\u2019apr\u00e8s-proc\u00e8s est souvent une \u00e9tape d\u00e9licate pour les personnes traumatis\u00e9es. Quand l\u2019\u00e9nergie mobilis\u00e9e pendant des mois ou des ann\u00e9es dispara\u00eet soudainement, le risque est grand de voir ressurgir les blessures psychiques\u00a0: cauchemars, flashs, angoisses, reviviscences. La solidarit\u00e9 tr\u00e8s forte autour du proc\u00e8s s\u2019att\u00e9nue aussi peu \u00e0 peu, \u00e0 mesure que chacun reprend le cours de sa vie.<\/p>\n<p>Pour les proches rencontr\u00e9s, l\u2019heure n\u2019est pas encore aux grands projets, mais \u00e0 un pas apr\u00e8s l\u2019autre. Revoir des proches, sortir, retrouver un rythme, tenter de profiter \u00e0 nouveau de la vie\u00a0: cette reconstruction se fera lentement. Avec une certitude toutefois, le verdict ne referme pas le drame. Il marque seulement le d\u00e9but d\u2019un autre combat, plus intime, celui d\u2019apprendre \u00e0 vivre avec l\u2019irr\u00e9parable.<\/p>\n<p>&#13;<br \/>\n&#13;<\/p>\n<p>&#13;<br \/>\n&#13;<\/p>\n<p><a class=\"r-btn r-btn--tag\" href=\"https:\/\/www.rtl.be\/2303\/free-tags\/justice\" title=\"justice\" rel=\"nofollow noopener\" target=\"_blank\">justice<\/a><br \/>\n<a class=\"r-btn r-btn--tag\" href=\"https:\/\/www.rtl.be\/378416\/locations\/hainaut\" title=\"Hainaut\" rel=\"nofollow noopener\" target=\"_blank\">Hainaut<\/a><br \/>\n<a class=\"r-btn r-btn--tag\" href=\"https:\/\/www.rtl.be\/384325\/persons\/paolo-falzone\" title=\"Paolo Falzone\" rel=\"nofollow noopener\" target=\"_blank\">Paolo Falzone<\/a><\/p>\n","protected":false},"excerpt":{"rendered":"Par Thomas D&rsquo;Alessandro Publi\u00e9 le 18 juin \u00e0 20h11 La fin du proc\u00e8s de Paolo Falzone marque l\u2019aboutissement&hellip;\n","protected":false},"author":2,"featured_media":145825,"comment_status":"","ping_status":"","sticky":false,"template":"","format":"standard","meta":{"footnotes":"","_share_on_mastodon":"0"},"categories":[8],"tags":[10,12,13,18,17,48265,48266,1860,11,48264,48261,48263,4641,48262,7922,16816],"class_list":["post-145824","post","type-post","status-publish","format-standard","has-post-thumbnail","category-actualites","tag-actualites","tag-be","tag-be-fr","tag-belgique","tag-belgium","tag-drame-du-carnaval","tag-liberation-anticipee","tag-memoire","tag-news","tag-paolo-falzone","tag-proces-falzone","tag-reconstruction","tag-solitude","tag-strepy-bracquegnies","tag-traumatisme","tag-victimes"],"share_on_mastodon":{"url":"https:\/\/pubeurope.com\/@be_fr\/116773265660504448","error":""},"_links":{"self":[{"href":"https:\/\/www.europesays.com\/be-fr\/wp-json\/wp\/v2\/posts\/145824","targetHints":{"allow":["GET"]}}],"collection":[{"href":"https:\/\/www.europesays.com\/be-fr\/wp-json\/wp\/v2\/posts"}],"about":[{"href":"https:\/\/www.europesays.com\/be-fr\/wp-json\/wp\/v2\/types\/post"}],"author":[{"embeddable":true,"href":"https:\/\/www.europesays.com\/be-fr\/wp-json\/wp\/v2\/users\/2"}],"replies":[{"embeddable":true,"href":"https:\/\/www.europesays.com\/be-fr\/wp-json\/wp\/v2\/comments?post=145824"}],"version-history":[{"count":0,"href":"https:\/\/www.europesays.com\/be-fr\/wp-json\/wp\/v2\/posts\/145824\/revisions"}],"wp:featuredmedia":[{"embeddable":true,"href":"https:\/\/www.europesays.com\/be-fr\/wp-json\/wp\/v2\/media\/145825"}],"wp:attachment":[{"href":"https:\/\/www.europesays.com\/be-fr\/wp-json\/wp\/v2\/media?parent=145824"}],"wp:term":[{"taxonomy":"category","embeddable":true,"href":"https:\/\/www.europesays.com\/be-fr\/wp-json\/wp\/v2\/categories?post=145824"},{"taxonomy":"post_tag","embeddable":true,"href":"https:\/\/www.europesays.com\/be-fr\/wp-json\/wp\/v2\/tags?post=145824"}],"curies":[{"name":"wp","href":"https:\/\/api.w.org\/{rel}","templated":true}]}}