{"id":146004,"date":"2026-06-19T03:26:22","date_gmt":"2026-06-19T03:26:22","guid":{"rendered":"https:\/\/www.europesays.com\/be-fr\/146004\/"},"modified":"2026-06-19T03:26:22","modified_gmt":"2026-06-19T03:26:22","slug":"ces-anonymes-du-mondial-2026-devenus-stars-des-reseaux-sociaux-cette-visibilite-soudaine-peut-leur-permettre-de-signer-des-partenariats","status":"publish","type":"post","link":"https:\/\/www.europesays.com\/be-fr\/146004\/","title":{"rendered":"Ces anonymes du Mondial 2026 devenus stars des r\u00e9seaux sociaux: \u00ab\u00a0Cette visibilit\u00e9 soudaine peut leur permettre de signer des partenariats\u00a0\u00bb"},"content":{"rendered":"<p><a href=\"https:\/\/www.dhnet.be\/sports\/football\/coupe-du-monde\/2026\/05\/28\/coupe-du-monde-le-joueur-le-moins-connu-du-mondial-est-devenu-une-star-sur-les-reseaux-sociaux-R34ZYZJPLVDS7K6JJPQIXCFRCQ\/\" target=\"_self\" class=\"ap-StoryInterstitialLink ap-StoryElement ap-StoryElement--mb js-paywall-target\" rel=\"nofollow noopener\">Coupe du Monde: le joueur le moins connu du Mondial est devenu une star sur les r\u00e9seaux sociaux<\/a><\/p>\n<p class=\"ap-StoryElement ap-StoryElement--mb ap-StoryText\">Son choix s&rsquo;est port\u00e9 sur <a href=\"https:\/\/www.dhnet.be\/sports\/football\/coupe-du-monde\/2026\/05\/28\/coupe-du-monde-le-joueur-le-moins-connu-du-mondial-est-devenu-une-star-sur-les-reseaux-sociaux-R34ZYZJPLVDS7K6JJPQIXCFRCQ\/\" target=\"_self\" rel=\"nofollow noopener\">Tim Payne<\/a>, lat\u00e9ral de 32 ans \u00e9voluant aux Wellington Phoenix. L&rsquo;effet a \u00e9t\u00e9 imm\u00e9diat. En quelques jours seulement, le N\u00e9o-Z\u00e9landais est pass\u00e9 d&rsquo;environ 4.000 abonn\u00e9s \u00e0 plus de 4 millions sur Instagram.<\/p>\n<p class=\"ap-StoryElement ap-StoryElement--mb ap-StoryText\">Si l&rsquo;engouement peut para\u00eetre d\u00e9mesur\u00e9, il est accueilli avec amusement au sein de la s\u00e9lection n\u00e9o-z\u00e9landaise. Son entra\u00eeneur, Darren Bazeley, a d&rsquo;ailleurs assur\u00e9 que le joueur vivait cette soudaine notori\u00e9t\u00e9 avec beaucoup de recul, malgr\u00e9 l&rsquo;ampleur du ph\u00e9nom\u00e8ne.<\/p>\n<p>Un jackpot bienvenu<\/p>\n<p class=\"ap-StoryElement ap-StoryElement--mb ap-StoryText\">Mais le ph\u00e9nom\u00e8ne Tim Payne n&rsquo;est pas un cas isol\u00e9. <a href=\"https:\/\/www.dhnet.be\/sports\/football\/coupe-du-monde\/\" target=\"_self\" rel=\"nofollow noopener\">Depuis le d\u00e9but du Mondial<\/a>, plusieurs joueurs jusque-l\u00e0 inconnus du grand public ont vu leur cote exploser gr\u00e2ce \u00e0 une performance marquante ou \u00e0 un simple emballement collectif sur les r\u00e9seaux.<\/p>\n<p class=\"ap-StoryElement ap-StoryElement--mb ap-StoryText\">Le gardien capverdien Vozinha en est s\u00fbrement l&rsquo;exemple le plus frappant. Lors du premier match de l&rsquo;histoire du Cap-Vert en Coupe du monde, face \u00e0 l&rsquo;Espagne, le portier de 40 ans a r\u00e9alis\u00e9 une prestation exceptionnelle avec sept arr\u00eats d\u00e9cisifs. H\u00e9ros du match nul historique d\u00e9croch\u00e9 par son \u00e9quipe, il a \u00e9galement marqu\u00e9 les esprits par son \u00e9motion au coup de sifflet final.<\/p>\n<p><a href=\"https:\/\/www.dhnet.be\/actu\/societe\/2026\/06\/17\/surrealisme-belge-azteques-mexicains-pepite-coreenne-et-ovni-curacao-on-a-deniche-les-maillots-les-plus-iconiques-de-la-coupe-du-monde-2026-SKYHHQ7RQVGSDGCLR5P346TMYE\/\" target=\"_self\" class=\"ap-StoryInterstitialLink ap-StoryElement ap-StoryElement--mb\" rel=\"nofollow noopener\">Surr\u00e9alisme belge, azt\u00e8ques mexicains, p\u00e9pite cor\u00e9enne et ovni Cura\u00e7ao : on a d\u00e9nich\u00e9 les maillots les plus iconiques de la Coupe du Monde 2026<\/a><\/p>\n<p class=\"ap-StoryElement ap-StoryElement--mb ap-StoryText\">La r\u00e9action des internautes ne s&rsquo;est pas fait attendre. En quelques heures, son compte Instagram est pass\u00e9 d&rsquo;environ 50.000 abonn\u00e9s \u00e0 plus de 6 millions. Une journaliste lui a m\u00eame appris la nouvelle en zone mixte quelques minutes apr\u00e8s la rencontre. Visiblement abasourdi, le gardien s&rsquo;\u00e9tait content\u00e9 d&rsquo;un sourire et d&rsquo;un sobre : \u00ab\u00a0C&rsquo;est dingue.\u00a0\u00bb<\/p>\n<p class=\"ap-StoryElement ap-StoryElement--mb ap-StoryText\">Le ph\u00e9nom\u00e8ne continue de s&rsquo;\u00e9tendre. Cette semaine, c&rsquo;est l&rsquo;Australien Kai Trewin qui a \u00e9t\u00e9 propuls\u00e9 sous les projecteurs.<\/p>\n<p class=\"ap-StoryElement ap-StoryElement--mb ap-StoryText\">\u00c2g\u00e9 de 25 ans et appel\u00e9 pour disputer sa premi\u00e8re Coupe du monde, le d\u00e9fenseur comptait \u00e0 peine quelques milliers d&rsquo;abonn\u00e9s sur les r\u00e9seaux sociaux. Jusqu&rsquo;\u00e0 ce qu&rsquo;un autre cr\u00e9ateur de contenu, RubikayTV, affirme que Tim Payne n&rsquo;\u00e9tait finalement pas le joueur le moins connu du tournoi et que ce titre revenait plut\u00f4t \u00e0 Kai Trewin.<\/p>\n<p class=\"ap-StoryElement ap-StoryElement--mb ap-StoryText\">L\u00e0 encore, la m\u00e9canique virale s&rsquo;est enclench\u00e9e. En l&rsquo;espace de vingt-quatre heures, le nombre d&rsquo;abonn\u00e9s de l&rsquo;Australien a bondi de 3.000 \u00e0 plus de 130.000. Une progression qui pourrait n&rsquo;\u00eatre qu&rsquo;un d\u00e9but au vu de la dynamique observ\u00e9e ces derniers jours.<\/p>\n<p><a href=\"https:\/\/www.dhnet.be\/sports\/football\/diablesrouges\/2026\/06\/17\/thibaut-courtois-a-258-euros-la-video-le-drole-de-business-des-dedicaces-de-stars-R3H6WL3P6NBHHFPV5B4MNDP7TQ\/\" target=\"_self\" class=\"ap-StoryInterstitialLink ap-StoryElement ap-StoryElement--mb\" rel=\"nofollow noopener\">Thibaut Courtois \u00e0 258 euros la vid\u00e9o ? Le dr\u00f4le de business des d\u00e9dicaces de stars<\/a>\u00ab\u00a0Les r\u00e9seaux offrent une visibilit\u00e9 \u00e9norme\u00a0\u00bb<\/p>\n<p class=\"ap-StoryElement ap-StoryElement--mb ap-StoryText\">Au-del\u00e0 de l&rsquo;aspect anecdotique, ces coups de projecteur num\u00e9riques peuvent avoir des cons\u00e9quences bien r\u00e9elles pour les joueurs concern\u00e9s. Dans le football moderne, la popularit\u00e9 en ligne est devenue un v\u00e9ritable levier \u00e9conomique. Les abonn\u00e9s repr\u00e9sentent une audience potentielle que les marques, les sponsors et m\u00eame certains clubs observent avec attention. \u00ab\u00a0Pour ces joueurs, c&rsquo;est une opportunit\u00e9 en or. Cette visibilit\u00e9 soudaine peut leur permettre de signer des partenariats commerciaux, de d\u00e9crocher des contrats publicitaires et de g\u00e9n\u00e9rer des revenus compl\u00e9mentaires, explique un sp\u00e9cialiste du marketing sportif. Contrairement aux grandes vedettes du football mondial, ils ne b\u00e9n\u00e9ficient pas forc\u00e9ment de salaires astronomiques. Du jour au lendemain, ils acqui\u00e8rent pourtant une exposition comparable \u00e0 celle d&rsquo;une star internationale.\u00a0\u00bb<\/p>\n<p class=\"ap-StoryElement ap-StoryElement--mb ap-StoryText\">L&rsquo;expert nuance toutefois l&rsquo;enthousiasme. \u00ab\u00a0Toute la difficult\u00e9 sera de transformer cet engouement ponctuel en quelque chose de durable. Les r\u00e9seaux sociaux offrent une visibilit\u00e9 \u00e9norme, mais elle peut dispara\u00eetre aussi vite qu&rsquo;elle est apparue. \u00c0 eux d&rsquo;entretenir ce lien avec leur nouvelle communaut\u00e9 et de saisir les opportunit\u00e9s qui se pr\u00e9sentent.\u00a0\u00bb<\/p>\n<p class=\"ap-StoryElement ap-StoryElement--mb ap-StoryText\">Cette nouvelle r\u00e9alit\u00e9 illustre une nouvelle fois l&rsquo;\u00e9volution profonde du sport professionnel et la puissance des algorithmes sur les r\u00e9seaux sociaux, capable de changer le destin m\u00e9diatique d&rsquo;un athl\u00e8te en quelques heures seulement.<\/p>\n","protected":false},"excerpt":{"rendered":"Coupe du Monde: le joueur le moins connu du Mondial est devenu une star sur les r\u00e9seaux sociaux&hellip;\n","protected":false},"author":2,"featured_media":146005,"comment_status":"","ping_status":"","sticky":false,"template":"","format":"standard","meta":{"footnotes":"","_share_on_mastodon":"0"},"categories":[81],"tags":[12,13,18,17,7414,4484,1431,1433,1434,84,7417,7418,2982,7420],"class_list":["post-146004","post","type-post","status-publish","format-standard","has-post-thumbnail","category-sports","tag-be","tag-be-fr","tag-belgique","tag-belgium","tag-namen","tag-parlement","tag-plenaire","tag-pleniere","tag-seance","tag-sports","tag-waals","tag-wallon","tag-wallonie","tag-zitting"],"share_on_mastodon":{"url":"https:\/\/pubeurope.com\/@be_fr\/116774645654773954","error":""},"_links":{"self":[{"href":"https:\/\/www.europesays.com\/be-fr\/wp-json\/wp\/v2\/posts\/146004","targetHints":{"allow":["GET"]}}],"collection":[{"href":"https:\/\/www.europesays.com\/be-fr\/wp-json\/wp\/v2\/posts"}],"about":[{"href":"https:\/\/www.europesays.com\/be-fr\/wp-json\/wp\/v2\/types\/post"}],"author":[{"embeddable":true,"href":"https:\/\/www.europesays.com\/be-fr\/wp-json\/wp\/v2\/users\/2"}],"replies":[{"embeddable":true,"href":"https:\/\/www.europesays.com\/be-fr\/wp-json\/wp\/v2\/comments?post=146004"}],"version-history":[{"count":0,"href":"https:\/\/www.europesays.com\/be-fr\/wp-json\/wp\/v2\/posts\/146004\/revisions"}],"wp:featuredmedia":[{"embeddable":true,"href":"https:\/\/www.europesays.com\/be-fr\/wp-json\/wp\/v2\/media\/146005"}],"wp:attachment":[{"href":"https:\/\/www.europesays.com\/be-fr\/wp-json\/wp\/v2\/media?parent=146004"}],"wp:term":[{"taxonomy":"category","embeddable":true,"href":"https:\/\/www.europesays.com\/be-fr\/wp-json\/wp\/v2\/categories?post=146004"},{"taxonomy":"post_tag","embeddable":true,"href":"https:\/\/www.europesays.com\/be-fr\/wp-json\/wp\/v2\/tags?post=146004"}],"curies":[{"name":"wp","href":"https:\/\/api.w.org\/{rel}","templated":true}]}}