{"id":146852,"date":"2026-06-19T16:58:11","date_gmt":"2026-06-19T16:58:11","guid":{"rendered":"https:\/\/www.europesays.com\/be-fr\/146852\/"},"modified":"2026-06-19T16:58:11","modified_gmt":"2026-06-19T16:58:11","slug":"amanda-sthers-ex-femme-de-patrick-bruel-sort-du-silence-des-moments-de-joie-et-beaucoup-de-tristesse","status":"publish","type":"post","link":"https:\/\/www.europesays.com\/be-fr\/146852\/","title":{"rendered":"Amanda Sthers, ex-femme de Patrick Bruel, sort du silence\u00a0: \u00ab\u00a0Des moments de joie\u2026 et beaucoup de tristesse\u00a0\u00bb"},"content":{"rendered":"<p class=\"ap-StoryElement ap-StoryElement--mb ap-StoryText\">Silencieuse depuis le d\u00e9but de l&rsquo;affaire dans laquelle est emp\u00eatr\u00e9 son ex <a href=\"https:\/\/www.dhnet.be\/lifestyle\/people\/2026\/06\/10\/cest-une-fille-tres-droite-tres-intelligente-et-tres-amoureuse-qui-est-clemence-la-compagne-de-patrick-bruel-de-32-ans-sa-cadette-PVZ22UG6IZANBAYM6WBTO6FWNU\/\" target=\"_self\" rel=\"nofollow noopener\">Patrick Bruel<\/a>, Amanda Sthers s&rsquo;est exprim\u00e9e sur les r\u00e9seaux sociaux vendredi. L&rsquo;autrice \u00e9voque ces derniers mois faits de beaucoup de travail, dit-elle, puisqu&rsquo;elle a voyag\u00e9 entre Cannes, Los Angeles, New York, Paris et Rome et pr\u00e9par\u00e9 deux films dans plein d&rsquo;endroits diff\u00e9rents. Elle se dit aussi tr\u00e8s fi\u00e8re de ses deux fils qu&rsquo;elle a eus avec le chanteur\u00a0: Oscar et L\u00e9on. Le premier a sorti son premier livre, le second sera sur sc\u00e8ne lors du Festival des Sables, aux Sables-d&rsquo;Olonne, le 26\u00a0juin. Elle dit aussi avoir connu beaucoup de moments de bonheur, mais aussi beaucoup de tristesse.<\/p>\n","protected":false},"excerpt":{"rendered":"Silencieuse depuis le d\u00e9but de l&rsquo;affaire dans laquelle est emp\u00eatr\u00e9 son ex Patrick Bruel, Amanda Sthers s&rsquo;est exprim\u00e9e&hellip;\n","protected":false},"author":2,"featured_media":146853,"comment_status":"","ping_status":"","sticky":false,"template":"","format":"standard","meta":{"footnotes":"","_share_on_mastodon":"0"},"categories":[8],"tags":[10,12,13,18,17,48474,48475,46,48476,46339,48480,48477,1556,8967,11,7783,48478,33950,48479,16178,26369],"class_list":["post-146852","post","type-post","status-publish","format-standard","has-post-thumbnail","category-actualites","tag-actualites","tag-be","tag-be-fr","tag-belgique","tag-belgium","tag-brasserie-emblematique","tag-brasserie-le-miroir","tag-bruxelles","tag-cafe-brasserie","tag-convivialite","tag-etablissement-historique","tag-gastronomie-belge","tag-horeca","tag-jette","tag-news","tag-ouverture","tag-patrimoine-local","tag-place-reine-astrid","tag-quartier-de-jette","tag-reouverture","tag-vie-locale"],"share_on_mastodon":{"url":"https:\/\/pubeurope.com\/@be_fr\/116777838627884276","error":""},"_links":{"self":[{"href":"https:\/\/www.europesays.com\/be-fr\/wp-json\/wp\/v2\/posts\/146852","targetHints":{"allow":["GET"]}}],"collection":[{"href":"https:\/\/www.europesays.com\/be-fr\/wp-json\/wp\/v2\/posts"}],"about":[{"href":"https:\/\/www.europesays.com\/be-fr\/wp-json\/wp\/v2\/types\/post"}],"author":[{"embeddable":true,"href":"https:\/\/www.europesays.com\/be-fr\/wp-json\/wp\/v2\/users\/2"}],"replies":[{"embeddable":true,"href":"https:\/\/www.europesays.com\/be-fr\/wp-json\/wp\/v2\/comments?post=146852"}],"version-history":[{"count":0,"href":"https:\/\/www.europesays.com\/be-fr\/wp-json\/wp\/v2\/posts\/146852\/revisions"}],"wp:featuredmedia":[{"embeddable":true,"href":"https:\/\/www.europesays.com\/be-fr\/wp-json\/wp\/v2\/media\/146853"}],"wp:attachment":[{"href":"https:\/\/www.europesays.com\/be-fr\/wp-json\/wp\/v2\/media?parent=146852"}],"wp:term":[{"taxonomy":"category","embeddable":true,"href":"https:\/\/www.europesays.com\/be-fr\/wp-json\/wp\/v2\/categories?post=146852"},{"taxonomy":"post_tag","embeddable":true,"href":"https:\/\/www.europesays.com\/be-fr\/wp-json\/wp\/v2\/tags?post=146852"}],"curies":[{"name":"wp","href":"https:\/\/api.w.org\/{rel}","templated":true}]}}