{"id":146876,"date":"2026-06-19T17:17:08","date_gmt":"2026-06-19T17:17:08","guid":{"rendered":"https:\/\/www.europesays.com\/be-fr\/146876\/"},"modified":"2026-06-19T17:17:08","modified_gmt":"2026-06-19T17:17:08","slug":"helena-rend-visite-a-des-jeunes-a-lhopital-des-enfants-reine-fabiola-a-bruxelles-on-vient-donner-plein-damour-a-ces-petits-bouts-video","status":"publish","type":"post","link":"https:\/\/www.europesays.com\/be-fr\/146876\/","title":{"rendered":"Helena rend visite \u00e0 des jeunes \u00e0 l\u2019h\u00f4pital des enfants Reine Fabiola \u00e0 Bruxelles\u00a0: \u00ab\u00a0On vient donner plein d\u2019amour \u00e0 ces petits bouts\u00a0\u00bb (vid\u00e9o)"},"content":{"rendered":"<p>Entre deux festivals, Helena a donn\u00e9 de son temps pour rendre visite aux jeunes malades de l\u2019h\u00f4pital des enfants Reine Fabiola \u00e0 Bruxelles. \u00ab\u00a0On vient donner plein d\u2019amour et de love \u00e0 ces petits bouts\u00a0\u00bb, explique-t-elle dans une vid\u00e9o partag\u00e9e par Kick Cancer Belgium, qui a organis\u00e9 cette rencontre. Sur plusieurs clich\u00e9s, on peut la voir en compagnie de jeunes patients, mais aussi du personnel hospitalier.<\/p>\n<p>\u00ab\u00a0Helena a visit\u00e9 l\u2019h\u00f4pital des enfants et a illumin\u00e9 la pi\u00e8ce. Des sourires, des histoires, des photos, un peu de chant et beaucoup de connexions avec les jeunes patients et leurs familles. Tout ce que nous faisons, nous le faisons pour eux\u00a0\u00bb, \u00e9crit la fondation, qui rappelle que dans 100 jours, l\u2019op\u00e9ration Run to Kick est de retour \u00e0 Bruxelles.<\/p>\n","protected":false},"excerpt":{"rendered":"Entre deux festivals, Helena a donn\u00e9 de son temps pour rendre visite aux jeunes malades de l\u2019h\u00f4pital des&hellip;\n","protected":false},"author":2,"featured_media":146877,"comment_status":"","ping_status":"","sticky":false,"template":"","format":"standard","meta":{"footnotes":"","_share_on_mastodon":"0"},"categories":[83],"tags":[1168,12,13,18,17,48485,46,96,6049,448,95,39803,1880,160,1481,1133,19610,5946,6289,139,1380,19685],"class_list":["post-146876","post","type-post","status-publish","format-standard","has-post-thumbnail","category-divertissement","tag-amour","tag-be","tag-be-fr","tag-belgique","tag-belgium","tag-bouts","tag-bruxelles","tag-divertissement","tag-donner","tag-enfants","tag-entertainment","tag-fabiola","tag-helena","tag-hopital","tag-jeunes","tag-on","tag-petits","tag-plein","tag-reine","tag-video","tag-vient","tag-visite"],"share_on_mastodon":{"url":"https:\/\/pubeurope.com\/@be_fr\/116777913532915736","error":""},"_links":{"self":[{"href":"https:\/\/www.europesays.com\/be-fr\/wp-json\/wp\/v2\/posts\/146876","targetHints":{"allow":["GET"]}}],"collection":[{"href":"https:\/\/www.europesays.com\/be-fr\/wp-json\/wp\/v2\/posts"}],"about":[{"href":"https:\/\/www.europesays.com\/be-fr\/wp-json\/wp\/v2\/types\/post"}],"author":[{"embeddable":true,"href":"https:\/\/www.europesays.com\/be-fr\/wp-json\/wp\/v2\/users\/2"}],"replies":[{"embeddable":true,"href":"https:\/\/www.europesays.com\/be-fr\/wp-json\/wp\/v2\/comments?post=146876"}],"version-history":[{"count":0,"href":"https:\/\/www.europesays.com\/be-fr\/wp-json\/wp\/v2\/posts\/146876\/revisions"}],"wp:featuredmedia":[{"embeddable":true,"href":"https:\/\/www.europesays.com\/be-fr\/wp-json\/wp\/v2\/media\/146877"}],"wp:attachment":[{"href":"https:\/\/www.europesays.com\/be-fr\/wp-json\/wp\/v2\/media?parent=146876"}],"wp:term":[{"taxonomy":"category","embeddable":true,"href":"https:\/\/www.europesays.com\/be-fr\/wp-json\/wp\/v2\/categories?post=146876"},{"taxonomy":"post_tag","embeddable":true,"href":"https:\/\/www.europesays.com\/be-fr\/wp-json\/wp\/v2\/tags?post=146876"}],"curies":[{"name":"wp","href":"https:\/\/api.w.org\/{rel}","templated":true}]}}