{"id":147335,"date":"2026-06-20T04:44:13","date_gmt":"2026-06-20T04:44:13","guid":{"rendered":"https:\/\/www.europesays.com\/be-fr\/147335\/"},"modified":"2026-06-20T04:44:13","modified_gmt":"2026-06-20T04:44:13","slug":"tf1-devoile-ses-nouveautes-2026","status":"publish","type":"post","link":"https:\/\/www.europesays.com\/be-fr\/147335\/","title":{"rendered":"TF1 d\u00e9voile ses nouveaut\u00e9s 2026"},"content":{"rendered":"<p class=\"ap-StoryElement ap-StoryElement--mb ap-StoryText\">Si la premi\u00e8re cha\u00eene conserve ses gros formats tels que The Voice, la plus belle voix, Mask Singer, Danse avec les stars ou encore Star Academy, elle ne cesse de se renouveler avec un <a href=\"https:\/\/www.lalibre.be\/culture\/medias-tele\/2026\/06\/18\/voici-le-casting-du-prochain-koh-lanta-avec-le-retour-de-figures-emblematiques-de-lemission-EG6SSPV55ZHBJCHBWWXVIG54YU\/\" target=\"_self\" rel=\"nofollow noopener\">Koh-Lanta all stars<\/a> rassemblant 18 anciens aventuriers embl\u00e9matiques comme Ugo alias le Phoenix de Koh-Lanta, Cl\u00e9mentine, Moussa, Yassin, Dorian, Freddy ou encore Christina. Qui sera le plus nul ?, divertissement lanc\u00e9 il y a quelques mois par Camille Combal, sera \u00e9galement de retour avec une saison 2 comprenant les animateurs Samuel Etienne et Christina Bravo, le danseur Christophe Licata, les com\u00e9diens Philippe Katerine et Bruno Sanches, les humoristes Blandine Lehout et Yann Guillarme et les rappeurs Rim&rsquo;K et Gradur.N.<\/p>\n<p class=\"ap-StoryElement ap-StoryElement--mb ap-StoryText\">C\u00f4t\u00e9 divertissement, des nouveaut\u00e9s sont \u00e9galement au programme avec Double Jeu, joueur ou imposteur, un nouveau programme pr\u00e9sent\u00e9 par Jarry. Mais \u00e9galement Crazy Minigolf, adaptation d&rsquo;un format am\u00e9ricain qui m\u00e9lange mini-golf, d\u00e9fis physiques et humour. Derri\u00e8re ce jeu totalement fou se trouve le duo musical bien connu et r\u00e9v\u00e9l\u00e9 sur Youtube, McFly et Carlito.<\/p>\n<p><a href=\"https:\/\/www.lalibre.be\/international\/europe\/2025\/02\/21\/crise-sociale-en-vue-chez-tf1-le-redacteur-en-chef-du-20-heures-mis-a-pied-a-cause-de-faits-assez-importants-3NRADGU5RRCGVCPMBTVCSSZ5FM\/\" target=\"_self\" class=\"ap-StoryInterstitialLink ap-StoryElement ap-StoryElement--mb\" rel=\"nofollow noopener\">Crise sociale en vue chez TF1 ? Le r\u00e9dacteur en chef du \u00ab\u00a020 heures\u00a0\u00bb mis \u00e0 pied \u00e0 cause de \u00ab\u00a0faits assez importants\u00a0\u00bb<\/a>Une fiction inspir\u00e9e des viols de Mazan<\/p>\n<p class=\"ap-StoryElement ap-StoryElement--mb ap-StoryText\">Niveau fiction, TF1 mise \u00e0 nouveau sur Audrey Fleurot, la rousse sulfureuse de HPI, avec Chercheur d&rsquo;or mais \u00e9galement La Comtesse de Monte-Cristo, production \u00ab\u00a0la plus co\u00fbteuse de l&rsquo;histoire du groupe\u00a0\u00bb qui est une \u00ab\u00a0adaptation libre et audacieuse\u00a0\u00bb roman d&rsquo;Alexandre Dumas et qui sera \u00e9galement disponible sur Netflix.<\/p>\n<p class=\"ap-StoryElement ap-StoryElement--mb ap-StoryText\">A noter \u00e9galement, la saison 2 de Cat&rsquo;s Eyes avec Camille Lou, Constance Labb\u00e9 et Claire Romain, High Potential, la version US de HPI avec Kaitlin Olson, A la vie avec Muriel Robin et Julie de Bona, Grandiose avec Catherine Frot, Ouradour avec M. Pokora, Le R\u00e9seau Corneille avec Laeticia Casta, Mathilde Seigner, Michael Youn, Alexandre Brasseur et St\u00e9phane de Groodt, Les aventures de Nora et Gil avec H\u00e9l\u00e8ne de Fougerolles, Le Myst\u00e8re de la Chambre Jaune avec Benjamin Baroche (Ici tout commence) ou encore Marie-Line, incognito avec Isabelle Nanty.<\/p>\n<p class=\"ap-StoryElement ap-StoryElement--mb ap-StoryText\">La cha\u00eene a profit\u00e9 de sa conf\u00e9rence de rentr\u00e9e pour d\u00e9voiler M&rsquo;endors pas, un t\u00e9l\u00e9film en deux \u00e9pisodes de 45 minutes librement inspir\u00e9 des viols de Mazan (affaire Pelicot) avec Lola Dewaere, Thierry Neuvic et Thierry Godard. La fiction a \u00e9t\u00e9 adapt\u00e9e des livres \u00ab\u00a0Et j&rsquo;ai cess\u00e9 de t&rsquo;appeler papa\u00a0\u00bb et \u00ab\u00a0Pour que l&rsquo;on se souvienne\u00a0\u00bb \u00e9crits par Caroline Darian, la fille de Gis\u00e8le Pelicot.<\/p>\n","protected":false},"excerpt":{"rendered":"Si la premi\u00e8re cha\u00eene conserve ses gros formats tels que The Voice, la plus belle voix, Mask Singer,&hellip;\n","protected":false},"author":2,"featured_media":147336,"comment_status":"","ping_status":"","sticky":false,"template":"","format":"standard","meta":{"footnotes":"","_share_on_mastodon":"0"},"categories":[99],"tags":[961,363,12484,12,13,18,17,3026,3027,96,2467,95,8048,9486,6191,30674,3031,27045,15409,107,2168,9354,5167,6007,25244,4628,15566,112,2266,1439],"class_list":["post-147335","post","type-post","status-publish","format-standard","has-post-thumbnail","category-television","tag-adult","tag-arts-culture-and-entertainment","tag-audience","tag-be","tag-be-fr","tag-belgique","tag-belgium","tag-clothing","tag-crowd","tag-divertissement","tag-enjoyment","tag-entertainment","tag-event","tag-fashion","tag-focus-on-foreground","tag-grande-soiree-de-cloture","tag-group-of-people","tag-input-device","tag-microphone","tag-music","tag-musician","tag-performance","tag-rtl","tag-singer","tag-singing","tag-standing","tag-televie","tag-television","tag-women","tag-young-adult"],"share_on_mastodon":{"url":"https:\/\/pubeurope.com\/@be_fr\/116780614628652568","error":""},"_links":{"self":[{"href":"https:\/\/www.europesays.com\/be-fr\/wp-json\/wp\/v2\/posts\/147335","targetHints":{"allow":["GET"]}}],"collection":[{"href":"https:\/\/www.europesays.com\/be-fr\/wp-json\/wp\/v2\/posts"}],"about":[{"href":"https:\/\/www.europesays.com\/be-fr\/wp-json\/wp\/v2\/types\/post"}],"author":[{"embeddable":true,"href":"https:\/\/www.europesays.com\/be-fr\/wp-json\/wp\/v2\/users\/2"}],"replies":[{"embeddable":true,"href":"https:\/\/www.europesays.com\/be-fr\/wp-json\/wp\/v2\/comments?post=147335"}],"version-history":[{"count":0,"href":"https:\/\/www.europesays.com\/be-fr\/wp-json\/wp\/v2\/posts\/147335\/revisions"}],"wp:featuredmedia":[{"embeddable":true,"href":"https:\/\/www.europesays.com\/be-fr\/wp-json\/wp\/v2\/media\/147336"}],"wp:attachment":[{"href":"https:\/\/www.europesays.com\/be-fr\/wp-json\/wp\/v2\/media?parent=147335"}],"wp:term":[{"taxonomy":"category","embeddable":true,"href":"https:\/\/www.europesays.com\/be-fr\/wp-json\/wp\/v2\/categories?post=147335"},{"taxonomy":"post_tag","embeddable":true,"href":"https:\/\/www.europesays.com\/be-fr\/wp-json\/wp\/v2\/tags?post=147335"}],"curies":[{"name":"wp","href":"https:\/\/api.w.org\/{rel}","templated":true}]}}